{"id":1837,"date":"2009-05-20T18:09:03","date_gmt":"2009-05-20T22:09:03","guid":{"rendered":"http:\/\/www.redenoticia.com.br\/noticia\/?p=1837"},"modified":"2009-05-21T11:48:26","modified_gmt":"2009-05-21T15:48:26","slug":"definida-a-data-para-operacao-justica-rapida-em-ji-parana","status":"publish","type":"post","link":"https:\/\/www.redenoticia.com.br\/noticia\/2009\/definida-a-data-para-operacao-justica-rapida-em-ji-parana\/1837","title":{"rendered":"Definida a data para &#8220;OPERA\u00c7\u00c3O JUSTI\u00c7A R\u00c1PIDA&#8221; em Ji-Paran\u00e1"},"content":{"rendered":"<p><span style=\"font-size: 12pt;\"> O Juiz Jo\u00e3o Val\u00e9rio Silva Neto, do Juizado Especial C\u00edvel e Criminal de Ji-Paran\u00e1, informou que a triagem para <span> <\/span>a Opera\u00e7\u00e3o Justi\u00e7a R\u00e1pida ser\u00e1 efetuada nos dias 4 e 5 de Junho, no <em><span style=\"font-weight: normal;\">f\u00f3rum Desembargador<\/span><\/em> HUGO EULER.<\/span><\/p>\n<p><span style=\"font-size: 12pt;\">O servi\u00e7o da Justi\u00e7a R\u00e1pida \u00e9 direcionado \u00e0 popula\u00e7\u00e3o mais carente, que poder\u00e1 ter acesso ao Poder Judici\u00e1rio sem o compromisso de proceder ao pagamento de custas e demais emolumentos.<\/span><\/p>\n<p><span style=\"font-size: 12pt;\">Durante a triagem ser\u00e1 efetuada uma an\u00e1lise e cada caso ser\u00e1 orientado quanto \u00e0 documenta\u00e7\u00e3o que dever\u00e1 providenciar para o dia da audi\u00eancia, 27 de Junho.<\/span><\/p>\n<p><span style=\"font-size: 12pt;\">Segundo o Juiz, a Opera\u00e7\u00e3o Justi\u00e7a R\u00e1pida alcan\u00e7ou a m\u00e9dia de 93% de casos resolvidos e busca melhorar este \u00edndice. Confirma ainda que a Justi\u00e7a em Rond\u00f4nia mant\u00e9m o status de mais r\u00e1pida do Brasil, com um tempo m\u00e9dio de 1 ano para solu\u00e7\u00e3o de processos f\u00edsicos e de 3 a 6 meses para processo virtuais.<\/span><\/p>\n<p><span style=\"font-size: 12pt;\">Esta opera\u00e7\u00e3o \u00e9 exclusiva de causas c\u00edveis e conta com a parceria de advogados e Minist\u00e9rio P\u00fablico.<\/span><\/p>\n","protected":false},"excerpt":{"rendered":"<p>O Juiz Jo\u00e3o Val\u00e9rio Silva Neto, do Juizado Especial C\u00edvel e Criminal de Ji-Paran\u00e1, informou que a triagem para a Opera\u00e7\u00e3o Justi\u00e7a R\u00e1pida ser\u00e1 efetuada nos dias 4 e 5 de Junho, no f\u00f3rum Desembargador HUGO EULER. O servi\u00e7o da Justi\u00e7a R\u00e1pida \u00e9 direcionado \u00e0 popula\u00e7\u00e3o mais carente, que poder\u00e1 ter acesso ao Poder Judici\u00e1rio [&hellip;]<\/p>\n","protected":false},"author":3,"featured_media":0,"comment_status":"open","ping_status":"open","sticky":false,"template":"","format":"standard","meta":{"_genesis_hide_title":false,"_genesis_hide_breadcrumbs":false,"_genesis_hide_singular_image":false,"_genesis_hide_footer_widgets":false,"_genesis_custom_body_class":"","_genesis_custom_post_class":"","_genesis_layout":"","_jetpack_memberships_contains_paid_content":false,"footnotes":""},"categories":[22],"tags":[],"class_list":{"0":"post-1837","1":"post","2":"type-post","3":"status-publish","4":"format-standard","6":"category-brasil","7":"entry","8":"gs-1","9":"gs-odd","10":"gs-even","11":"gs-featured-content-entry"},"jetpack_featured_media_url":"","jetpack_sharing_enabled":true,"jetpack_likes_enabled":true,"_links":{"self":[{"href":"https:\/\/www.redenoticia.com.br\/noticia\/wp-json\/wp\/v2\/posts\/1837","targetHints":{"allow":["GET"]}}],"collection":[{"href":"https:\/\/www.redenoticia.com.br\/noticia\/wp-json\/wp\/v2\/posts"}],"about":[{"href":"https:\/\/www.redenoticia.com.br\/noticia\/wp-json\/wp\/v2\/types\/post"}],"author":[{"embeddable":true,"href":"https:\/\/www.redenoticia.com.br\/noticia\/wp-json\/wp\/v2\/users\/3"}],"replies":[{"embeddable":true,"href":"https:\/\/www.redenoticia.com.br\/noticia\/wp-json\/wp\/v2\/comments?post=1837"}],"version-history":[{"count":0,"href":"https:\/\/www.redenoticia.com.br\/noticia\/wp-json\/wp\/v2\/posts\/1837\/revisions"}],"wp:attachment":[{"href":"https:\/\/www.redenoticia.com.br\/noticia\/wp-json\/wp\/v2\/media?parent=1837"}],"wp:term":[{"taxonomy":"category","embeddable":true,"href":"https:\/\/www.redenoticia.com.br\/noticia\/wp-json\/wp\/v2\/categories?post=1837"},{"taxonomy":"post_tag","embeddable":true,"href":"https:\/\/www.redenoticia.com.br\/noticia\/wp-json\/wp\/v2\/tags?post=1837"}],"curies":[{"name":"wp","href":"https:\/\/api.w.org\/{rel}","templated":true}]}}