{"id":18356,"date":"2009-11-24T22:56:44","date_gmt":"2009-11-25T02:56:44","guid":{"rendered":"http:\/\/www.redenoticia.com.br\/noticia\/?p=18356"},"modified":"2009-11-24T22:56:44","modified_gmt":"2009-11-25T02:56:44","slug":"rede-record-%e2%80%93-finalistas-cantaram-duas-musicas-no-idolos-2009","status":"publish","type":"post","link":"https:\/\/www.redenoticia.com.br\/noticia\/2009\/rede-record-%e2%80%93-finalistas-cantaram-duas-musicas-no-idolos-2009\/18356","title":{"rendered":"Rede Record \u2013 finalistas cantaram duas m\u00fasicas no \u00cddolos 2009"},"content":{"rendered":"<p><strong><em><img loading=\"lazy\" decoding=\"async\" class=\"alignleft size-full wp-image-17802\" title=\"rede record idolos 2009\" src=\"https:\/\/www.redenoticia.com.br\/noticia\/imagens\/rede-record-idolos-2009.jpg\" alt=\"rede record idolos 2009\" width=\"300\" height=\"193\" srcset=\"https:\/\/www.redenoticia.com.br\/noticia\/imagens\/rede-record-idolos-2009.jpg 300w, https:\/\/www.redenoticia.com.br\/noticia\/imagens\/rede-record-idolos-2009-250x160.jpg 250w, https:\/\/www.redenoticia.com.br\/noticia\/imagens\/rede-record-idolos-2009-150x96.jpg 150w\" sizes=\"auto, (max-width: 300px) 100vw, 300px\" \/>Rede Record<\/em><\/strong> \u2013 na apresenta\u00e7\u00e3o desta ter\u00e7a-feira (24\/11) do <strong><em>\u00cddolos 2009<\/em><\/strong>, os finalistas Diego, Dani, Priscila, Saulo e Helen cantaram duas m\u00fasicas Pop cada um. A Rede Record mostrou primeiro a apresenta\u00e7\u00e3o de Diego, que cantou Lanterna dos Afogados e Como uma Onda. Os jurados gostaram mais da primeira m\u00fasica, elogiaram a apresenta\u00e7\u00e3o segura, a emo\u00e7\u00e3o, a transforma\u00e7\u00e3o e cria\u00e7\u00e3o no palco. Dani escolheu Rosas e Fulg\u00e1s, e os jurados acharam as duas interpreta\u00e7\u00f5es apaixonantes e com personalidade. Priscila cantou Quando a Chuva Passar e Crazy, uma m\u00fasica do Seal. Como Priscila chorou mais uma vez na primeira interpreta\u00e7\u00e3o, os Jurados acharam que emo\u00e7\u00e3o demais atrapalha, al\u00e9m disso, na segunda m\u00fasica ela abusou dos gritos, segundo Marco Camargo. A parte boa \u00e9 que ela tem muita vontade de vencer, disse Calainho.<\/p>\n<p>Na seq\u00fc\u00eancia de \u00cddolos 2009, apresentado pela Rede Record, Saulo cantou Amor I Love You e Your Song, de Elthon John. Eterno apaixonado, foi o adjetivo atribu\u00eddo ao cantor pelos Jurados, e que ele deve chegar na final se continuar se apresentando desta forma. Helen cantou If I Were a Boy, de Beyonc\u00e9 e Faz Tempo. Mesmo com todo o carisma da cantora, os jurados acharam que ela precisa arriscar mais e melhorar para chegar na final.<\/p>\n<p>Nesta quarta-feira mais um candidato entre os cinco finalistas (Diego, Dani, Priscila, Saulo e Helen) vai deixar o programa \u00cddolos 2009 da Rede Record.<\/p>\n<p>\u00cddolos 2009 \u2013 Rede Record<\/p>\n","protected":false},"excerpt":{"rendered":"<p>Rede Record \u2013 na apresenta\u00e7\u00e3o desta ter\u00e7a-feira (24\/11) do \u00cddolos 2009, os finalistas Diego, Dani, Priscila, Saulo e Helen cantaram duas m\u00fasicas Pop cada um. A Rede Record mostrou primeiro a apresenta\u00e7\u00e3o de Diego, que cantou Lanterna dos Afogados e Como uma Onda. Os jurados gostaram mais da primeira m\u00fasica, elogiaram a apresenta\u00e7\u00e3o segura, a [&hellip;]<\/p>\n","protected":false},"author":3,"featured_media":0,"comment_status":"open","ping_status":"open","sticky":false,"template":"","format":"standard","meta":{"_genesis_hide_title":false,"_genesis_hide_breadcrumbs":false,"_genesis_hide_singular_image":false,"_genesis_hide_footer_widgets":false,"_genesis_custom_body_class":"","_genesis_custom_post_class":"","_genesis_layout":"","_jetpack_memberships_contains_paid_content":false,"footnotes":""},"categories":[22,371,343],"tags":[],"class_list":{"0":"post-18356","1":"post","2":"type-post","3":"status-publish","4":"format-standard","6":"category-brasil","7":"category-rede-record","8":"category-televisao","9":"entry","10":"gs-1","11":"gs-odd","12":"gs-even","13":"gs-featured-content-entry"},"jetpack_featured_media_url":"","jetpack_sharing_enabled":true,"jetpack_likes_enabled":true,"_links":{"self":[{"href":"https:\/\/www.redenoticia.com.br\/noticia\/wp-json\/wp\/v2\/posts\/18356","targetHints":{"allow":["GET"]}}],"collection":[{"href":"https:\/\/www.redenoticia.com.br\/noticia\/wp-json\/wp\/v2\/posts"}],"about":[{"href":"https:\/\/www.redenoticia.com.br\/noticia\/wp-json\/wp\/v2\/types\/post"}],"author":[{"embeddable":true,"href":"https:\/\/www.redenoticia.com.br\/noticia\/wp-json\/wp\/v2\/users\/3"}],"replies":[{"embeddable":true,"href":"https:\/\/www.redenoticia.com.br\/noticia\/wp-json\/wp\/v2\/comments?post=18356"}],"version-history":[{"count":0,"href":"https:\/\/www.redenoticia.com.br\/noticia\/wp-json\/wp\/v2\/posts\/18356\/revisions"}],"wp:attachment":[{"href":"https:\/\/www.redenoticia.com.br\/noticia\/wp-json\/wp\/v2\/media?parent=18356"}],"wp:term":[{"taxonomy":"category","embeddable":true,"href":"https:\/\/www.redenoticia.com.br\/noticia\/wp-json\/wp\/v2\/categories?post=18356"},{"taxonomy":"post_tag","embeddable":true,"href":"https:\/\/www.redenoticia.com.br\/noticia\/wp-json\/wp\/v2\/tags?post=18356"}],"curies":[{"name":"wp","href":"https:\/\/api.w.org\/{rel}","templated":true}]}}