{"id":18350,"date":"2009-11-24T20:53:47","date_gmt":"2009-11-25T00:53:47","guid":{"rendered":"http:\/\/www.redenoticia.com.br\/noticia\/?p=18350"},"modified":"2009-11-24T20:53:47","modified_gmt":"2009-11-25T00:53:47","slug":"rede-record-%e2%80%93-quebra-cabeca-define-prova-em-a-fazenda","status":"publish","type":"post","link":"https:\/\/www.redenoticia.com.br\/noticia\/2009\/rede-record-%e2%80%93-quebra-cabeca-define-prova-em-a-fazenda\/18350","title":{"rendered":"Rede Record \u2013 quebra cabe\u00e7a define prova em A Fazenda"},"content":{"rendered":"<p><strong><em><img loading=\"lazy\" decoding=\"async\" class=\"alignleft size-full wp-image-17492\" title=\"a fazenda 2\" src=\"https:\/\/www.redenoticia.com.br\/noticia\/imagens\/a-fazenda-2.jpg\" alt=\"a fazenda 2\" width=\"300\" height=\"193\" srcset=\"https:\/\/www.redenoticia.com.br\/noticia\/imagens\/a-fazenda-2.jpg 300w, https:\/\/www.redenoticia.com.br\/noticia\/imagens\/a-fazenda-2-250x160.jpg 250w, https:\/\/www.redenoticia.com.br\/noticia\/imagens\/a-fazenda-2-150x96.jpg 150w\" sizes=\"auto, (max-width: 300px) 100vw, 300px\" \/>Rede Record<\/em><\/strong> \u2013 o programa <strong><em>A Fazenda<\/em><\/strong> da Rede Record j\u00e1 tem um pe\u00e3o na ro\u00e7a. A defini\u00e7\u00e3o ocorreu na noite desta ter\u00e7a-feira (24\/11), quando os competidores Xuxa, Igor Cotrim, Adriana Bombom, Caco Ricci, Andressa Oliveira e Maria Jo\u00e3o tiveram cinco minutos para montar um quebra cabe\u00e7a tridimensional, em forma de pir\u00e2mide. Xuxa e Igor terminaram a prova e se livraram da ro\u00e7a, pelo menos at\u00e9 amanh\u00e3. Caco n\u00e3o completou o quebra cabe\u00e7a mas ficou com apenas 4 pe\u00e7as soltas. Bombom deixou 7 pe\u00e7as sem encaixe, Andressa 11 pe\u00e7as e a pior classificada foi Maria Jo\u00e3o, que ficou com 13 pe\u00e7as soltas e, agora, est\u00e1 na segunda Ro\u00e7a de A Fazenda da Rede Record.<\/p>\n<p>Os pe\u00f5es de A Fazenda da Rede Record que n\u00e3o participaram do quebra cabe\u00e7a se livraram do desafio na noite anterior, quando participaram de um circuito de arvorismo e ganharam a prova.<\/p>\n<p>Amanh\u00e3 ser\u00e1 noite de vota\u00e7\u00e3o, quando mais dois pe\u00f5es v\u00e3o se juntar com Maria Jo\u00e3o. Mateus, o fazendeiro da semana, ainda n\u00e3o sabe qual pe\u00e3o que ele vai indicar para a ro\u00e7a. Caco e Igor podem receber alguns votos por terem provocado situa\u00e7\u00f5es de estresse durante uma brincadeira na piscina. Caco tamb\u00e9m irritou Maur\u00edcio Manieri e fez diversas reclama\u00e7\u00f5es por causa da desordem na casa, provocada pelos mais folgados de A Fazenda da Rede Record.<\/p>\n<p>Rede Record &#8211; A Fazenda<\/p>\n","protected":false},"excerpt":{"rendered":"<p>Rede Record \u2013 o programa A Fazenda da Rede Record j\u00e1 tem um pe\u00e3o na ro\u00e7a. A defini\u00e7\u00e3o ocorreu na noite desta ter\u00e7a-feira (24\/11), quando os competidores Xuxa, Igor Cotrim, Adriana Bombom, Caco Ricci, Andressa Oliveira e Maria Jo\u00e3o tiveram cinco minutos para montar um quebra cabe\u00e7a tridimensional, em forma de pir\u00e2mide. Xuxa e Igor [&hellip;]<\/p>\n","protected":false},"author":3,"featured_media":0,"comment_status":"open","ping_status":"open","sticky":false,"template":"","format":"standard","meta":{"_genesis_hide_title":false,"_genesis_hide_breadcrumbs":false,"_genesis_hide_singular_image":false,"_genesis_hide_footer_widgets":false,"_genesis_custom_body_class":"","_genesis_custom_post_class":"","_genesis_layout":"","_jetpack_memberships_contains_paid_content":false,"footnotes":""},"categories":[22,371,343],"tags":[],"class_list":{"0":"post-18350","1":"post","2":"type-post","3":"status-publish","4":"format-standard","6":"category-brasil","7":"category-rede-record","8":"category-televisao","9":"entry","10":"gs-1","11":"gs-odd","12":"gs-even","13":"gs-featured-content-entry"},"jetpack_featured_media_url":"","jetpack_sharing_enabled":true,"jetpack_likes_enabled":true,"_links":{"self":[{"href":"https:\/\/www.redenoticia.com.br\/noticia\/wp-json\/wp\/v2\/posts\/18350","targetHints":{"allow":["GET"]}}],"collection":[{"href":"https:\/\/www.redenoticia.com.br\/noticia\/wp-json\/wp\/v2\/posts"}],"about":[{"href":"https:\/\/www.redenoticia.com.br\/noticia\/wp-json\/wp\/v2\/types\/post"}],"author":[{"embeddable":true,"href":"https:\/\/www.redenoticia.com.br\/noticia\/wp-json\/wp\/v2\/users\/3"}],"replies":[{"embeddable":true,"href":"https:\/\/www.redenoticia.com.br\/noticia\/wp-json\/wp\/v2\/comments?post=18350"}],"version-history":[{"count":0,"href":"https:\/\/www.redenoticia.com.br\/noticia\/wp-json\/wp\/v2\/posts\/18350\/revisions"}],"wp:attachment":[{"href":"https:\/\/www.redenoticia.com.br\/noticia\/wp-json\/wp\/v2\/media?parent=18350"}],"wp:term":[{"taxonomy":"category","embeddable":true,"href":"https:\/\/www.redenoticia.com.br\/noticia\/wp-json\/wp\/v2\/categories?post=18350"},{"taxonomy":"post_tag","embeddable":true,"href":"https:\/\/www.redenoticia.com.br\/noticia\/wp-json\/wp\/v2\/tags?post=18350"}],"curies":[{"name":"wp","href":"https:\/\/api.w.org\/{rel}","templated":true}]}}