{"id":182980,"date":"2019-10-29T22:11:40","date_gmt":"2019-10-30T01:11:40","guid":{"rendered":"https:\/\/www.redenoticia.com.br\/noticia\/?p=182980"},"modified":"2019-10-29T22:27:05","modified_gmt":"2019-10-30T01:27:05","slug":"novela-a-dona-do-pedaco-maria-festeja-o-encontro-das-sobrinhas","status":"publish","type":"post","link":"https:\/\/www.redenoticia.com.br\/noticia\/2019\/novela-a-dona-do-pedaco-maria-festeja-o-encontro-das-sobrinhas\/182980","title":{"rendered":"Novela \u201cA Dona do Peda\u00e7o\u201d: Maria  encontra as sobrinhas"},"content":{"rendered":"<p><img loading=\"lazy\" decoding=\"async\" src=\"https:\/\/www.redenoticia.com.br\/noticia\/imagens\/A-Dona-do-Pedaco-globo-resumo-314x300.jpg\" alt=\"\" width=\"314\" height=\"300\" class=\"aligncenter size-large wp-image-175348\" srcset=\"https:\/\/www.redenoticia.com.br\/noticia\/imagens\/A-Dona-do-Pedaco-globo-resumo-314x300.jpg 314w, https:\/\/www.redenoticia.com.br\/noticia\/imagens\/A-Dona-do-Pedaco-globo-resumo-196x187.jpg 196w, https:\/\/www.redenoticia.com.br\/noticia\/imagens\/A-Dona-do-Pedaco-globo-resumo.jpg 457w\" sizes=\"auto, (max-width: 314px) 100vw, 314px\" \/> <strong><em>Novela &#8220;A Dona do Peda\u00e7o\u201d:<\/em><\/strong> Maria da Paz (Juliana Paes) participa de um programa de confeiteiros e Vivi (Paolla Oliveira), jurada da competi\u00e7\u00e3o, prova o bolo que Maria fez na festa de seu anivers\u00e1rio, quando ainda era crian\u00e7a. Vivi recorda do bolo, conversa com Maria e ela descobre que Vivi e Fabiana (Nathalia Dill) s\u00e3o suas sobrinhas. A boleira marca uma reuni\u00e3o de fam\u00edlia para comemorar.<\/p>\n<p>Camilo (Lee Taylor) troca o plant\u00e3o para acompanhar Vivi: &#8220;Troquei. Eu n\u00e3o perco essa reuni\u00e3o de fam\u00edlia por nada&#8221;. Na festa, Chiclete (Sergio Guiz\u00e9) o enfrenta: &#8220;N\u00e3o sei por que voc\u00ea est\u00e1 com essa cara, Camilo. Eu n\u00e3o tenho medo de voc\u00ea&#8221;. Camilo entende que Vivi convidou o justiceiro e fica furioso. Ao chegar em seu apartamento, Vivi explica: &#8220;A Maria da Paz deve ter convidado&#8230; Como deve ter convidado outras pessoas da fam\u00edlia. A pr\u00f3pria J\u00f4, filha dela, que n\u00e3o foi. Assim como eu convidei a Fabiana, que tamb\u00e9m n\u00e3o foi&#8221;.<\/p>\n<p>Berta (Ana Lucia Torre) defende Vivi: &#8220;Eu realmente acredito na Vivi. O culpado \u00e9 aquele rapaz&#8230; O Chiclete&#8221;. Camilo grita que \u00e9 dono de Vivi e ordena que a esposa fique sem \u00e1gua e comida. Vivi se recusa a entrar na clausura e Camilo amea\u00e7a: &#8220;posso atirar no seu rosto, destruir sua beleza, o que acha? N\u00e3o poderia mais posar para fotos, nem se reconheceria no espelho. Posso atirar no seu rosto, sem te matar, mas o suficiente para te destruir&#8221;.<\/p>\n<p>Vivi entra no quarto e se desespera. Cena prevista para dia 01 de novembro na novela \u201cA Dona do Peda\u00e7o\u201d.<\/p>\n<p>\u201cA Dona do Peda\u00e7o\u201d: a novela enaltece a trajet\u00f3ria de Maria da Paz (Juliana Paes), uma jovem humilde, da cidade fict\u00edcia de Rio Vermelho, no Esp\u00edrito Santo. Maria vem de uma fam\u00edlia de justiceiros profissionais, os Ramirez, e se apaixona justamente por Amadeu (Marcos Palmeira), advogado formado em Vit\u00f3ria e membro do cl\u00e3 rival nos neg\u00f3cios, os Matheus. A trama, dividida em um pr\u00f3logo e duas fases, traz uma hist\u00f3ria de amor com elementos \u00e0 Romeu e Julieta, sem perder o humor, que permeia todo o folhetim. <\/p>\n","protected":false},"excerpt":{"rendered":"<p>Novela &#8220;A Dona do Peda\u00e7o\u201d: Maria da Paz (Juliana Paes) participa de um programa de confeiteiros e Vivi (Paolla Oliveira), jurada da competi\u00e7\u00e3o, prova o bolo que Maria fez na festa de seu anivers\u00e1rio, quando ainda era crian\u00e7a. Vivi recorda do bolo, conversa com Maria e ela descobre que Vivi e Fabiana (Nathalia Dill) s\u00e3o [&hellip;]<\/p>\n","protected":false},"author":2,"featured_media":178249,"comment_status":"open","ping_status":"closed","sticky":false,"template":"","format":"standard","meta":{"_genesis_hide_title":false,"_genesis_hide_breadcrumbs":false,"_genesis_hide_singular_image":false,"_genesis_hide_footer_widgets":false,"_genesis_custom_body_class":"","_genesis_custom_post_class":"","_genesis_layout":"","_jetpack_memberships_contains_paid_content":false,"footnotes":""},"categories":[543,379,375,343],"tags":[440],"class_list":{"0":"post-182980","1":"post","2":"type-post","3":"status-publish","4":"format-standard","5":"has-post-thumbnail","7":"category-a-dona-do-pedaco","8":"category-novelas","9":"category-rede-globo","10":"category-televisao","11":"tag-noticia-novela","12":"entry","13":"gs-1","14":"gs-odd","15":"gs-even","16":"gs-featured-content-entry"},"jetpack_featured_media_url":"https:\/\/www.redenoticia.com.br\/noticia\/imagens\/A-Dona-do-Pedaco-globo-21.jpg","jetpack_sharing_enabled":true,"jetpack_likes_enabled":true,"_links":{"self":[{"href":"https:\/\/www.redenoticia.com.br\/noticia\/wp-json\/wp\/v2\/posts\/182980","targetHints":{"allow":["GET"]}}],"collection":[{"href":"https:\/\/www.redenoticia.com.br\/noticia\/wp-json\/wp\/v2\/posts"}],"about":[{"href":"https:\/\/www.redenoticia.com.br\/noticia\/wp-json\/wp\/v2\/types\/post"}],"author":[{"embeddable":true,"href":"https:\/\/www.redenoticia.com.br\/noticia\/wp-json\/wp\/v2\/users\/2"}],"replies":[{"embeddable":true,"href":"https:\/\/www.redenoticia.com.br\/noticia\/wp-json\/wp\/v2\/comments?post=182980"}],"version-history":[{"count":0,"href":"https:\/\/www.redenoticia.com.br\/noticia\/wp-json\/wp\/v2\/posts\/182980\/revisions"}],"wp:featuredmedia":[{"embeddable":true,"href":"https:\/\/www.redenoticia.com.br\/noticia\/wp-json\/wp\/v2\/media\/178249"}],"wp:attachment":[{"href":"https:\/\/www.redenoticia.com.br\/noticia\/wp-json\/wp\/v2\/media?parent=182980"}],"wp:term":[{"taxonomy":"category","embeddable":true,"href":"https:\/\/www.redenoticia.com.br\/noticia\/wp-json\/wp\/v2\/categories?post=182980"},{"taxonomy":"post_tag","embeddable":true,"href":"https:\/\/www.redenoticia.com.br\/noticia\/wp-json\/wp\/v2\/tags?post=182980"}],"curies":[{"name":"wp","href":"https:\/\/api.w.org\/{rel}","templated":true}]}}