{"id":182731,"date":"2019-10-05T19:18:01","date_gmt":"2019-10-05T22:18:01","guid":{"rendered":"https:\/\/www.redenoticia.com.br\/noticia\/?p=182731"},"modified":"2019-10-05T20:31:10","modified_gmt":"2019-10-05T23:31:10","slug":"novela-avenida-brasil-genesio-descobre-que-carminha-e-bandida","status":"publish","type":"post","link":"https:\/\/www.redenoticia.com.br\/noticia\/2019\/novela-avenida-brasil-genesio-descobre-que-carminha-e-bandida\/182731","title":{"rendered":"Novela \u201cAvenida Brasil\u201d: Gen\u00e9sio descobre que Carminha \u00e9 bandida"},"content":{"rendered":"<p><img loading=\"lazy\" decoding=\"async\" src=\"https:\/\/www.redenoticia.com.br\/noticia\/imagens\/avenida-brasil-logo-300x300.jpg\" alt=\"\" width=\"300\" height=\"300\" class=\"aligncenter size-large wp-image-182544\" srcset=\"https:\/\/www.redenoticia.com.br\/noticia\/imagens\/avenida-brasil-logo-300x300.jpg 300w, https:\/\/www.redenoticia.com.br\/noticia\/imagens\/avenida-brasil-logo-187x187.jpg 187w, https:\/\/www.redenoticia.com.br\/noticia\/imagens\/avenida-brasil-logo.jpg 580w\" sizes=\"auto, (max-width: 300px) 100vw, 300px\" \/> <strong><em>Novela \u201cAvenida Brasil\u201d:<\/em><\/strong> Rita (Mel Maia) escuta Carminha (Adriana Esteves) combinar com Max (Marcello Novaes), seu amante, de roubar Gen\u00e9sio (Tony Ramos). Rita busca por seu pai e o alcan\u00e7a: \u201cV\u00e3o assaltar o senhor! Quando o senhor sair do banco, v\u00e3o roubar a mochila com o dinheiro!\u201d Gen\u00e9sio sai do banco e \u00e9 roubado. Ele volta para o banco, dessa vez para pegar o dinheiro realmente, pois, como estava desconfiado, tinha enchido a mochila de papel picado.<\/p>\n<p>Disposto a descobrir toda a verdade sobre Carminha, Gen\u00e9sio segue a mulher. \u00c0 dist\u00e2ncia, ele escuta a conversa dela com Max. O amante revela para Carminha que o plano deu errado e s\u00f3 tinha papel picado na mochila. Ela fica sem entender nada, afinal seu marido chegou em casa chorando e dizendo que tinha sido roubado!<\/p>\n<p>Os dois discutem e ela come\u00e7a a desconfiar de Max. Revoltado, ele vai embora dali e a deixa sozinha. Gen\u00e9sio aparece e surpreende Carminha. Nervosa, ela manda o marido ficar longe dela e come\u00e7a a ofend\u00ea-lo. Ele reage: \u201cNunca mais vai botar os p\u00e9s naquela casa! Vai direto pra sarjeta, de onde eu te tirei, sua vagabunda mal-agradecida!\u201d.<\/p>\n<p>A discuss\u00e3o vai ficando mais s\u00e9ria e Carminha d\u00e1 um chute entre as pernas de Gen\u00e9sio, que geme de dor. Ela pega um caco de vidro e ataca o marido provocando um corte no bra\u00e7o dele. Mesmo ferido, Gen\u00e9sio consegue derrubar Carminha no ch\u00e3o: \u201cVoc\u00ea vai em cana! Em cana! Vou na delegacia agora fazer exame de corpo de delito!\u201d Mas ela se levanta rapidamente e foge pelas escadas. Cena prevista para outubro na novela \u201cAvenida Brasil\u201d.<\/p>\n<p>\u201cAvenida Brasil\u201d: a hist\u00f3ria de uma jovem que, desde os 11 anos, planeja um acerto de contas com a madrasta. Rita (Mel Maia), \u00f3rf\u00e3 de m\u00e3e, era criada, com muito amor, pelo pai Gen\u00e9sio (Tony Ramos). Tudo muda quando ele se casa com Carmen L\u00facia, a Carminha (Adriana Esteves), uma mulher ambiciosa e dissimulada. Com Gen\u00e9sio, ela se passava por esposa doce e dedicada; com Rita, era uma madrasta m\u00e1.<\/p>\n<p>A menina entra em desespero ao descobrir, ap\u00f3s ouvir uma conversa da madrasta ao telefone, que Carminha est\u00e1 armando um golpe contra seu pai: ele ser\u00e1 abordado na sa\u00edda do banco, logo ap\u00f3s receber o pagamento pela venda da casa onde mora com a filha e a nova esposa.<\/p>\n","protected":false},"excerpt":{"rendered":"<p>Novela \u201cAvenida Brasil\u201d: Rita (Mel Maia) escuta Carminha (Adriana Esteves) combinar com Max (Marcello Novaes), seu amante, de roubar Gen\u00e9sio (Tony Ramos). Rita busca por seu pai e o alcan\u00e7a: \u201cV\u00e3o assaltar o senhor! Quando o senhor sair do banco, v\u00e3o roubar a mochila com o dinheiro!\u201d Gen\u00e9sio sai do banco e \u00e9 roubado. Ele [&hellip;]<\/p>\n","protected":false},"author":2,"featured_media":182543,"comment_status":"open","ping_status":"closed","sticky":false,"template":"","format":"standard","meta":{"_genesis_hide_title":false,"_genesis_hide_breadcrumbs":false,"_genesis_hide_singular_image":false,"_genesis_hide_footer_widgets":false,"_genesis_custom_body_class":"","_genesis_custom_post_class":"","_genesis_layout":"","_jetpack_memberships_contains_paid_content":false,"footnotes":""},"categories":[549,388,379,375,343],"tags":[440],"class_list":{"0":"post-182731","1":"post","2":"type-post","3":"status-publish","4":"format-standard","5":"has-post-thumbnail","7":"category-avenida-brasil","8":"category-destaques","9":"category-novelas","10":"category-rede-globo","11":"category-televisao","12":"tag-noticia-novela","13":"entry","14":"gs-1","15":"gs-odd","16":"gs-even","17":"gs-featured-content-entry"},"jetpack_featured_media_url":"https:\/\/www.redenoticia.com.br\/noticia\/imagens\/avenida-brasil-resumo-capitulo-01.jpg","jetpack_sharing_enabled":true,"jetpack_likes_enabled":true,"_links":{"self":[{"href":"https:\/\/www.redenoticia.com.br\/noticia\/wp-json\/wp\/v2\/posts\/182731","targetHints":{"allow":["GET"]}}],"collection":[{"href":"https:\/\/www.redenoticia.com.br\/noticia\/wp-json\/wp\/v2\/posts"}],"about":[{"href":"https:\/\/www.redenoticia.com.br\/noticia\/wp-json\/wp\/v2\/types\/post"}],"author":[{"embeddable":true,"href":"https:\/\/www.redenoticia.com.br\/noticia\/wp-json\/wp\/v2\/users\/2"}],"replies":[{"embeddable":true,"href":"https:\/\/www.redenoticia.com.br\/noticia\/wp-json\/wp\/v2\/comments?post=182731"}],"version-history":[{"count":0,"href":"https:\/\/www.redenoticia.com.br\/noticia\/wp-json\/wp\/v2\/posts\/182731\/revisions"}],"wp:featuredmedia":[{"embeddable":true,"href":"https:\/\/www.redenoticia.com.br\/noticia\/wp-json\/wp\/v2\/media\/182543"}],"wp:attachment":[{"href":"https:\/\/www.redenoticia.com.br\/noticia\/wp-json\/wp\/v2\/media?parent=182731"}],"wp:term":[{"taxonomy":"category","embeddable":true,"href":"https:\/\/www.redenoticia.com.br\/noticia\/wp-json\/wp\/v2\/categories?post=182731"},{"taxonomy":"post_tag","embeddable":true,"href":"https:\/\/www.redenoticia.com.br\/noticia\/wp-json\/wp\/v2\/tags?post=182731"}],"curies":[{"name":"wp","href":"https:\/\/api.w.org\/{rel}","templated":true}]}}