{"id":18197,"date":"2009-11-23T13:51:05","date_gmt":"2009-11-23T17:51:05","guid":{"rendered":"http:\/\/www.redenoticia.com.br\/noticia\/?p=18197"},"modified":"2012-04-02T15:37:36","modified_gmt":"2012-04-02T18:37:36","slug":"bela-a-feia-romulo-arantes-neto-faz-participacao-na-novela-da-record","status":"publish","type":"post","link":"https:\/\/www.redenoticia.com.br\/noticia\/2009\/bela-a-feia-romulo-arantes-neto-faz-participacao-na-novela-da-record\/18197","title":{"rendered":"Bela, a Feia &#8211; R\u00f4mulo Arantes Neto faz participa\u00e7\u00e3o na novela da Record"},"content":{"rendered":"<p><strong><span style=\"font-weight: normal;\"><img loading=\"lazy\" decoding=\"async\" class=\"alignleft size-full wp-image-17359\" title=\"novela record bela a feia\" src=\"https:\/\/www.redenoticia.com.br\/noticia\/imagens\/novela-record-bela-a-feia.jpg\" alt=\"novela record bela a feia\" width=\"300\" height=\"193\" srcset=\"https:\/\/www.redenoticia.com.br\/noticia\/imagens\/novela-record-bela-a-feia.jpg 300w, https:\/\/www.redenoticia.com.br\/noticia\/imagens\/novela-record-bela-a-feia-250x160.jpg 250w, https:\/\/www.redenoticia.com.br\/noticia\/imagens\/novela-record-bela-a-feia-150x96.jpg 150w\" sizes=\"auto, (max-width: 300px) 100vw, 300px\" \/><\/span><em>Bela, a Feia <\/em><\/strong>\u2013 o\u00a0ator R\u00f4mulo Arantes Neto\u00a0faz\u00a0uma participa\u00e7\u00e3o em Bela, a Feia, <strong><em>novela da Record<\/em><\/strong>, como o personagem Matheus. Ele ir\u00e1 se envolver com Juliana (P\u00e9rola Faria) s\u00f3 para a menina provocar Max (Sergio Hondjakoff).\u00a0R\u00f4mulo estava estudando\u00a0ingl\u00eas e fazendo curso de interpreta\u00e7\u00e3o\u00a0na Calif\u00f3rnia, quando foi chamado para participar da novela.<\/p>\n<p>Luzia ao estilo de Bela &#8211; Luzia (Roberta Gualda)\u00a0\u00e9 capaz de qualquer coisa para tentar conquistar Nelson (Claudio Gabriel). Para isso, ela resolve\u00a0fingir que quer\u00a0ajud\u00e1-lo a reconquistar Bela (Giselle Iti\u00e9)\u00a0s\u00f3 para fazer com que\u00a0Nelson\u00a0a valorize e passe a enxerg\u00e1-lo com outros olhos. Luzia usa \u00f3culos de grau e lacinho na cabe\u00e7a, al\u00e9m de imitar os trejeitos\u00a0da amiga. Nelson fica empolgado no come\u00e7o, mas logo desanima ao se dar conta de que tudo n\u00e3o passa de uma brincadeira. A\u00a0cena est\u00e1 prevista para ir ao ar\u00a0no cap\u00edtulo de Bela, a feia\u00a0desta\u00a0segunda-feira, dia 23 de novembro.\u00a0\u00a0<\/p>\n<p>Bela flagra beijo de C\u00edntia e Rodrigo &#8211; Rodrigo (Bruno Ferrari) conta para C\u00edntia (Carla Regina) que eles n\u00e3o s\u00e3o irm\u00e3os. Ap\u00f3s uma longa conversa cheia de emo\u00e7\u00e3o, os dois ficam cada vez mais pr\u00f3ximos e se beijam. Bela (Giselle Iit\u00e9) abre a porta da sala bem na hora e flagra o beijo. Rodrigo fica extremamente incomodado com a situa\u00e7\u00e3o, j\u00e1 que\u00a0est\u00e1 cada vez mais envolvido com Bela.\u00a0C\u00edntia n\u00e3o gosta nada e mais uma vez critica a secret\u00e1ria. A\u00a0cena est\u00e1 prevista para ir ao ar\u00a0no cap\u00edtulo de Bela, a feia\u00a0desta\u00a0segunda-feira, dia 23 de novembro.<\/p>\n<p>O cap\u00edtulo da novela Bela, a Feia, exibido na noite de sexta-feira (20\/11), garantiu a vice-lideran\u00e7a absoluta para a Record com 9 pontos de m\u00e9dia, 13 de pico e 15% de share. A trama, escrita por Gisele Joras e dirigida por Edson Spinello, foi ao ar das 21h35 \u00e0s 22h35.<\/p>\n<p>Os dados de audi\u00eancia mencionados na Sala de Imprensa da Record referem-se ao Ibope MW GSP dados domiciliares (Os \u00edndices apresentados s\u00e3o n\u00fameros consolidados, destacando o patamar de audi\u00eancia sem casa decimal).<\/p>\n","protected":false},"excerpt":{"rendered":"<p>Bela, a Feia \u2013 o\u00a0ator R\u00f4mulo Arantes Neto\u00a0faz\u00a0uma participa\u00e7\u00e3o em Bela, a Feia, novela da Record, como o personagem Matheus. Ele ir\u00e1 se envolver com Juliana (P\u00e9rola Faria) s\u00f3 para a menina provocar Max (Sergio Hondjakoff).\u00a0R\u00f4mulo estava estudando\u00a0ingl\u00eas e fazendo curso de interpreta\u00e7\u00e3o\u00a0na Calif\u00f3rnia, quando foi chamado para participar da novela. Luzia ao estilo de [&hellip;]<\/p>\n","protected":false},"author":3,"featured_media":0,"comment_status":"open","ping_status":"open","sticky":false,"template":"","format":"standard","meta":{"_genesis_hide_title":false,"_genesis_hide_breadcrumbs":false,"_genesis_hide_singular_image":false,"_genesis_hide_footer_widgets":false,"_genesis_custom_body_class":"","_genesis_custom_post_class":"","_genesis_layout":"","_jetpack_memberships_contains_paid_content":false,"footnotes":""},"categories":[22,379,371,343],"tags":[],"class_list":{"0":"post-18197","1":"post","2":"type-post","3":"status-publish","4":"format-standard","6":"category-brasil","7":"category-novelas","8":"category-rede-record","9":"category-televisao","10":"entry","11":"gs-1","12":"gs-odd","13":"gs-even","14":"gs-featured-content-entry"},"jetpack_featured_media_url":"","jetpack_sharing_enabled":true,"jetpack_likes_enabled":true,"_links":{"self":[{"href":"https:\/\/www.redenoticia.com.br\/noticia\/wp-json\/wp\/v2\/posts\/18197","targetHints":{"allow":["GET"]}}],"collection":[{"href":"https:\/\/www.redenoticia.com.br\/noticia\/wp-json\/wp\/v2\/posts"}],"about":[{"href":"https:\/\/www.redenoticia.com.br\/noticia\/wp-json\/wp\/v2\/types\/post"}],"author":[{"embeddable":true,"href":"https:\/\/www.redenoticia.com.br\/noticia\/wp-json\/wp\/v2\/users\/3"}],"replies":[{"embeddable":true,"href":"https:\/\/www.redenoticia.com.br\/noticia\/wp-json\/wp\/v2\/comments?post=18197"}],"version-history":[{"count":0,"href":"https:\/\/www.redenoticia.com.br\/noticia\/wp-json\/wp\/v2\/posts\/18197\/revisions"}],"wp:attachment":[{"href":"https:\/\/www.redenoticia.com.br\/noticia\/wp-json\/wp\/v2\/media?parent=18197"}],"wp:term":[{"taxonomy":"category","embeddable":true,"href":"https:\/\/www.redenoticia.com.br\/noticia\/wp-json\/wp\/v2\/categories?post=18197"},{"taxonomy":"post_tag","embeddable":true,"href":"https:\/\/www.redenoticia.com.br\/noticia\/wp-json\/wp\/v2\/tags?post=18197"}],"curies":[{"name":"wp","href":"https:\/\/api.w.org\/{rel}","templated":true}]}}