{"id":18193,"date":"2009-11-23T13:41:47","date_gmt":"2009-11-23T17:41:47","guid":{"rendered":"http:\/\/www.redenoticia.com.br\/noticia\/?p=18193"},"modified":"2012-04-02T15:37:36","modified_gmt":"2012-04-02T18:37:36","slug":"poder-paralelo-fernanda-pede-para-bruno-nao-matar-tony-2311","status":"publish","type":"post","link":"https:\/\/www.redenoticia.com.br\/noticia\/2009\/poder-paralelo-fernanda-pede-para-bruno-nao-matar-tony-2311\/18193","title":{"rendered":"Poder Paralelo &#8211; Fernanda pede para Bruno n\u00e3o matar Tony (23\/11)"},"content":{"rendered":"<p><img loading=\"lazy\" decoding=\"async\" class=\"alignleft size-full wp-image-17363\" title=\"novela record poder paralelo\" src=\"https:\/\/www.redenoticia.com.br\/noticia\/imagens\/novela-record-poder-paralelo.jpg\" alt=\"novela record poder paralelo\" width=\"300\" height=\"193\" srcset=\"https:\/\/www.redenoticia.com.br\/noticia\/imagens\/novela-record-poder-paralelo.jpg 300w, https:\/\/www.redenoticia.com.br\/noticia\/imagens\/novela-record-poder-paralelo-250x160.jpg 250w, https:\/\/www.redenoticia.com.br\/noticia\/imagens\/novela-record-poder-paralelo-150x96.jpg 150w\" sizes=\"auto, (max-width: 300px) 100vw, 300px\" \/>Em <strong><em>Poder Paralelo<\/em><\/strong>, <strong><em>novela da Record<\/em><\/strong>, Fernanda (Paloma Duarte) vai voltar para os bra\u00e7os de Bruno (Marcelo Serrado).\u00a0Tudo para salvar Tony (Gabriel Braga Nunes), que est\u00e1 sob o poder de Khalid (Fernando Pav\u00e3o), o bra\u00e7o-direito do vil\u00e3o. Assim, a atriz vai \u00e0 casa do ex e pede para que ele prove que \u00e9 um homem equilibrado, que pode abandonar a vida no crime. Em troca, aceita retomar o casamento.<\/p>\n<p>No come\u00e7o, o empres\u00e1rio fica receoso, mas aceita ter sua amada de volta e diz que a ama.\u00a0Fernanda, ent\u00e3o, vai dormir, para evitar muito contato com Bruno. J\u00e1 na cama, ela ainda pede para Bruno n\u00e3o matar Tony. A cena vai ao ar no cap\u00edtulo do dia 24.<\/p>\n<p>Em Poder Paralelo, o Hotel Diana vai ganhar uma nova h\u00f3spede: Ant\u00f4nia (Francisca Queiroz). A mo\u00e7a \u00e9 a ex-mulher de Rafael (Floriano Peixoto), que vai a S\u00e3o Paulo tentar reconquist\u00e1-lo. O arquiteto, no entanto, fica irritado com a sua chegada e avisa que est\u00e1 apaixonado por outra mulher, sem dar mais detalhes.<\/p>\n<p>Ant\u00f4nia, mesmo assim, diz que vai lutar por ele. A sequ\u00eancia deve ir ao ar no cap\u00edtulo do dia 26.<\/p>\n<p>Na noite de sexta-feira (20\/11), o cap\u00edtulo de Poder Paralelo ficou em segundo lugar isolado de audi\u00eancia. Na faixa das 22h35 \u00e0s 23h35, a trama marcou 10 pontos de m\u00e9dia, pico de 14 e share de 19%. A novela \u00e9 escrita por Lauro Cesar Muniz e dirigida por Ign\u00e1cio Coqueiro.<\/p>\n<p>Os dados de audi\u00eancia mencionados na Sala de Imprensa da Record referem-se ao Ibope MW GSP dados domiciliares (Os \u00edndices apresentados s\u00e3o n\u00fameros consolidados, destacando o patamar de audi\u00eancia sem casa decimal).<\/p>\n","protected":false},"excerpt":{"rendered":"<p>Em Poder Paralelo, novela da Record, Fernanda (Paloma Duarte) vai voltar para os bra\u00e7os de Bruno (Marcelo Serrado).\u00a0Tudo para salvar Tony (Gabriel Braga Nunes), que est\u00e1 sob o poder de Khalid (Fernando Pav\u00e3o), o bra\u00e7o-direito do vil\u00e3o. Assim, a atriz vai \u00e0 casa do ex e pede para que ele prove que \u00e9 um homem [&hellip;]<\/p>\n","protected":false},"author":3,"featured_media":0,"comment_status":"open","ping_status":"open","sticky":false,"template":"","format":"standard","meta":{"_genesis_hide_title":false,"_genesis_hide_breadcrumbs":false,"_genesis_hide_singular_image":false,"_genesis_hide_footer_widgets":false,"_genesis_custom_body_class":"","_genesis_custom_post_class":"","_genesis_layout":"","_jetpack_memberships_contains_paid_content":false,"footnotes":""},"categories":[22,379,371,343],"tags":[],"class_list":{"0":"post-18193","1":"post","2":"type-post","3":"status-publish","4":"format-standard","6":"category-brasil","7":"category-novelas","8":"category-rede-record","9":"category-televisao","10":"entry","11":"gs-1","12":"gs-odd","13":"gs-even","14":"gs-featured-content-entry"},"jetpack_featured_media_url":"","jetpack_sharing_enabled":true,"jetpack_likes_enabled":true,"_links":{"self":[{"href":"https:\/\/www.redenoticia.com.br\/noticia\/wp-json\/wp\/v2\/posts\/18193","targetHints":{"allow":["GET"]}}],"collection":[{"href":"https:\/\/www.redenoticia.com.br\/noticia\/wp-json\/wp\/v2\/posts"}],"about":[{"href":"https:\/\/www.redenoticia.com.br\/noticia\/wp-json\/wp\/v2\/types\/post"}],"author":[{"embeddable":true,"href":"https:\/\/www.redenoticia.com.br\/noticia\/wp-json\/wp\/v2\/users\/3"}],"replies":[{"embeddable":true,"href":"https:\/\/www.redenoticia.com.br\/noticia\/wp-json\/wp\/v2\/comments?post=18193"}],"version-history":[{"count":0,"href":"https:\/\/www.redenoticia.com.br\/noticia\/wp-json\/wp\/v2\/posts\/18193\/revisions"}],"wp:attachment":[{"href":"https:\/\/www.redenoticia.com.br\/noticia\/wp-json\/wp\/v2\/media?parent=18193"}],"wp:term":[{"taxonomy":"category","embeddable":true,"href":"https:\/\/www.redenoticia.com.br\/noticia\/wp-json\/wp\/v2\/categories?post=18193"},{"taxonomy":"post_tag","embeddable":true,"href":"https:\/\/www.redenoticia.com.br\/noticia\/wp-json\/wp\/v2\/tags?post=18193"}],"curies":[{"name":"wp","href":"https:\/\/api.w.org\/{rel}","templated":true}]}}