{"id":18165,"date":"2009-11-22T22:00:29","date_gmt":"2009-11-23T02:00:29","guid":{"rendered":"http:\/\/www.redenoticia.com.br\/noticia\/?p=18165"},"modified":"2009-11-22T22:00:29","modified_gmt":"2009-11-23T02:00:29","slug":"rede-record-%e2%80%93-ana-paula-nao-resiste-e-sai-de-a-fazenda-2","status":"publish","type":"post","link":"https:\/\/www.redenoticia.com.br\/noticia\/2009\/rede-record-%e2%80%93-ana-paula-nao-resiste-e-sai-de-a-fazenda-2\/18165","title":{"rendered":"Rede Record \u2013 Ana Paula n\u00e3o resiste e sai de A Fazenda 2"},"content":{"rendered":"<p><strong><em><img loading=\"lazy\" decoding=\"async\" class=\"alignleft size-full wp-image-17492\" title=\"a fazenda 2\" src=\"https:\/\/www.redenoticia.com.br\/noticia\/imagens\/a-fazenda-2.jpg\" alt=\"a fazenda 2\" width=\"300\" height=\"193\" srcset=\"https:\/\/www.redenoticia.com.br\/noticia\/imagens\/a-fazenda-2.jpg 300w, https:\/\/www.redenoticia.com.br\/noticia\/imagens\/a-fazenda-2-250x160.jpg 250w, https:\/\/www.redenoticia.com.br\/noticia\/imagens\/a-fazenda-2-150x96.jpg 150w\" sizes=\"auto, (max-width: 300px) 100vw, 300px\" \/>Rede Record<\/em><\/strong> \u2013 neste domingo (22\/11) a Rede Record mostrou a primeira elimina\u00e7\u00e3o desta nova edi\u00e7\u00e3o de <strong><em>A Fazenda<\/em><\/strong>. Os primeiros pe\u00f5es da ro\u00e7a foram Sheila Mello, que perdeu a prova durante a semana, <strong><em>Ana Paula<\/em><\/strong> (a Bandeirinha), que foi parar na ro\u00e7a pela quantidade de votos, e o ator Mateus Rocha, indicado pela Fazendeira Andressa. Mais uma vez Britto Jr, o apresentador country de <strong><em>A Fazenda 2<\/em><\/strong> da Rede Record, fez o maior suspense e anunciou a elimina\u00e7\u00e3o de Ana Paula.<\/p>\n<p>Durante a semana Ana Paula cumpriu a tarefa de cuidar dos porquinhos que, na verdade s\u00e3o porquinhas, conversou muito com Maria Jo\u00e3o, contou detalhes de sua vida e desabafou muito em A Fazenda da Rede Record. Em um momento de car\u00eancia, se irritou com a cantoria do lado de fora da sede, enquanto ela estava trabalhando no jantar sem nenhum ombro amigo.<\/p>\n<p>Ana Paula foi a primeira a curtir o dia da del\u00edcia, uma nova regra onde o fazendeiro da semana de A Fazenda da Rede Record escolhe um pe\u00e3o, que cumpre atividades di\u00e1rias, para tirar um dia de folga. A Fazendeira Andressa escolheu Ana Paula e ela escolheu Caco para assumir suas tarefas. Caco curtiu limpar o chiqueiro, at\u00e9 que foi se meter com os avestruzes e levou bicadas, empurr\u00f5es e at\u00e9 uma leve agress\u00e3o.<\/p>\n<p>Ana Paula disse ter curtido a breve estadia, Mateus e Sheila ficaram felizes por continuarem na disputa, principalmente Mateus que ganhou o primeiro carro de A Fazenda da Rede Record.<\/p>\n<p>Rede Record \u2013 A Fazenda<\/p>\n","protected":false},"excerpt":{"rendered":"<p>Rede Record \u2013 neste domingo (22\/11) a Rede Record mostrou a primeira elimina\u00e7\u00e3o desta nova edi\u00e7\u00e3o de A Fazenda. Os primeiros pe\u00f5es da ro\u00e7a foram Sheila Mello, que perdeu a prova durante a semana, Ana Paula (a Bandeirinha), que foi parar na ro\u00e7a pela quantidade de votos, e o ator Mateus Rocha, indicado pela Fazendeira [&hellip;]<\/p>\n","protected":false},"author":3,"featured_media":0,"comment_status":"open","ping_status":"open","sticky":false,"template":"","format":"standard","meta":{"_genesis_hide_title":false,"_genesis_hide_breadcrumbs":false,"_genesis_hide_singular_image":false,"_genesis_hide_footer_widgets":false,"_genesis_custom_body_class":"","_genesis_custom_post_class":"","_genesis_layout":"","_jetpack_memberships_contains_paid_content":false,"footnotes":""},"categories":[22,371,343],"tags":[],"class_list":{"0":"post-18165","1":"post","2":"type-post","3":"status-publish","4":"format-standard","6":"category-brasil","7":"category-rede-record","8":"category-televisao","9":"entry","10":"gs-1","11":"gs-odd","12":"gs-even","13":"gs-featured-content-entry"},"jetpack_featured_media_url":"","jetpack_sharing_enabled":true,"jetpack_likes_enabled":true,"_links":{"self":[{"href":"https:\/\/www.redenoticia.com.br\/noticia\/wp-json\/wp\/v2\/posts\/18165","targetHints":{"allow":["GET"]}}],"collection":[{"href":"https:\/\/www.redenoticia.com.br\/noticia\/wp-json\/wp\/v2\/posts"}],"about":[{"href":"https:\/\/www.redenoticia.com.br\/noticia\/wp-json\/wp\/v2\/types\/post"}],"author":[{"embeddable":true,"href":"https:\/\/www.redenoticia.com.br\/noticia\/wp-json\/wp\/v2\/users\/3"}],"replies":[{"embeddable":true,"href":"https:\/\/www.redenoticia.com.br\/noticia\/wp-json\/wp\/v2\/comments?post=18165"}],"version-history":[{"count":0,"href":"https:\/\/www.redenoticia.com.br\/noticia\/wp-json\/wp\/v2\/posts\/18165\/revisions"}],"wp:attachment":[{"href":"https:\/\/www.redenoticia.com.br\/noticia\/wp-json\/wp\/v2\/media?parent=18165"}],"wp:term":[{"taxonomy":"category","embeddable":true,"href":"https:\/\/www.redenoticia.com.br\/noticia\/wp-json\/wp\/v2\/categories?post=18165"},{"taxonomy":"post_tag","embeddable":true,"href":"https:\/\/www.redenoticia.com.br\/noticia\/wp-json\/wp\/v2\/tags?post=18165"}],"curies":[{"name":"wp","href":"https:\/\/api.w.org\/{rel}","templated":true}]}}