{"id":18158,"date":"2009-11-22T18:53:00","date_gmt":"2009-11-22T22:53:00","guid":{"rendered":"http:\/\/www.redenoticia.com.br\/noticia\/?p=18158"},"modified":"2009-11-22T18:53:00","modified_gmt":"2009-11-22T22:53:00","slug":"rede-record-%e2%80%93-piu-piu-visita-o-rj-no-programa-do-gugu","status":"publish","type":"post","link":"https:\/\/www.redenoticia.com.br\/noticia\/2009\/rede-record-%e2%80%93-piu-piu-visita-o-rj-no-programa-do-gugu\/18158","title":{"rendered":"Rede Record \u2013 Piu Piu visita o RJ no Programa do Gugu"},"content":{"rendered":"<p><strong><em><img loading=\"lazy\" decoding=\"async\" class=\"alignleft size-full wp-image-18159\" title=\"gugu\" src=\"https:\/\/www.redenoticia.com.br\/noticia\/imagens\/gugu5.jpg\" alt=\"gugu\" width=\"300\" height=\"193\" srcset=\"https:\/\/www.redenoticia.com.br\/noticia\/imagens\/gugu5.jpg 300w, https:\/\/www.redenoticia.com.br\/noticia\/imagens\/gugu5-250x160.jpg 250w, https:\/\/www.redenoticia.com.br\/noticia\/imagens\/gugu5-150x96.jpg 150w\" sizes=\"auto, (max-width: 300px) 100vw, 300px\" \/>Rede Record<\/em><\/strong> mostrou mais uma vez a semana do <strong><em>Piu Piu <\/em><\/strong>no programa do <strong><em>Gugu<\/em><\/strong>. Neste domingo (22\/11), Gugu se divertiu ao mostrar a saga de Piu Piu no Rio de Janeiro, onde passou a semana divulgando seu Funk. Piu Piu visitou a comunidade Centen\u00e1rio, abra\u00e7ou amigos e agradeceu pessoas que o ajudaram no come\u00e7o de sua carreira. Depois foi parar no Piscin\u00e3o de Ramos, local em que j\u00e1 trabalhou. A Rede Record levou o talento no Piscin\u00e3o de Ramos onde dan\u00e7ou a coreografia do seu Funk com diversas pessoas que j\u00e1 curtem a ciscadinha, tudo dentro da \u00e1gua. Entre dan\u00e7as e aut\u00f3grafos Piu Piu partiu para Duque de Caxias, onde trabalhou como locutor de loja e, entre uma oferta e outra, cantava suas m\u00fasicas.<\/p>\n<p>Na continua\u00e7\u00e3o a Rede Record mostrou no Programa do Gugu que levou Piu Piu para divulgar seu sucesso no programa de r\u00e1dio do DJ Tubar\u00e3o. Ap\u00f3s ouvir sua m\u00fasica pela primeira vez tocando em r\u00e1dio, Piu Piu se emociona e chora.<\/p>\n<p>Como turista Piu Piu andou no bondinho, fez uma sess\u00e3o de fotos, curtiu o hotel, participou da TV comunit\u00e1ria da Rocinha, visitou a laje Michael Jackson no morro Santa Marta e, para encerrar, a Rede Record Programa do Gugu mostrou Piu Piu se apresentando no Furac\u00e3o 2000.<\/p>\n<p>O artista Piu Piu estava morando embaixo da ponte Alc\u00e2ntara Machado, em S\u00e3o Paulo, e agora o Programa do Gugu est\u00e1 acompanhando a reconstru\u00e7\u00e3o da sua vida e da carreira. Na pr\u00f3xima semana o programa do Gugu vai mostrar a evolu\u00e7\u00e3o dos trabalhos de Piu Piu.<\/p>\n<p>Rede Record \u2013 Gugu e a Semana do Piu Piu<\/p>\n","protected":false},"excerpt":{"rendered":"<p>Rede Record mostrou mais uma vez a semana do Piu Piu no programa do Gugu. Neste domingo (22\/11), Gugu se divertiu ao mostrar a saga de Piu Piu no Rio de Janeiro, onde passou a semana divulgando seu Funk. Piu Piu visitou a comunidade Centen\u00e1rio, abra\u00e7ou amigos e agradeceu pessoas que o ajudaram no come\u00e7o [&hellip;]<\/p>\n","protected":false},"author":3,"featured_media":0,"comment_status":"open","ping_status":"open","sticky":false,"template":"","format":"standard","meta":{"_genesis_hide_title":false,"_genesis_hide_breadcrumbs":false,"_genesis_hide_singular_image":false,"_genesis_hide_footer_widgets":false,"_genesis_custom_body_class":"","_genesis_custom_post_class":"","_genesis_layout":"","_jetpack_memberships_contains_paid_content":false,"footnotes":""},"categories":[22,371,343],"tags":[],"class_list":{"0":"post-18158","1":"post","2":"type-post","3":"status-publish","4":"format-standard","6":"category-brasil","7":"category-rede-record","8":"category-televisao","9":"entry","10":"has-post-thumbnail","11":"gs-1","12":"gs-odd","13":"gs-even","14":"gs-featured-content-entry"},"jetpack_featured_media_url":"","jetpack_sharing_enabled":true,"jetpack_likes_enabled":true,"_links":{"self":[{"href":"https:\/\/www.redenoticia.com.br\/noticia\/wp-json\/wp\/v2\/posts\/18158","targetHints":{"allow":["GET"]}}],"collection":[{"href":"https:\/\/www.redenoticia.com.br\/noticia\/wp-json\/wp\/v2\/posts"}],"about":[{"href":"https:\/\/www.redenoticia.com.br\/noticia\/wp-json\/wp\/v2\/types\/post"}],"author":[{"embeddable":true,"href":"https:\/\/www.redenoticia.com.br\/noticia\/wp-json\/wp\/v2\/users\/3"}],"replies":[{"embeddable":true,"href":"https:\/\/www.redenoticia.com.br\/noticia\/wp-json\/wp\/v2\/comments?post=18158"}],"version-history":[{"count":0,"href":"https:\/\/www.redenoticia.com.br\/noticia\/wp-json\/wp\/v2\/posts\/18158\/revisions"}],"wp:attachment":[{"href":"https:\/\/www.redenoticia.com.br\/noticia\/wp-json\/wp\/v2\/media?parent=18158"}],"wp:term":[{"taxonomy":"category","embeddable":true,"href":"https:\/\/www.redenoticia.com.br\/noticia\/wp-json\/wp\/v2\/categories?post=18158"},{"taxonomy":"post_tag","embeddable":true,"href":"https:\/\/www.redenoticia.com.br\/noticia\/wp-json\/wp\/v2\/tags?post=18158"}],"curies":[{"name":"wp","href":"https:\/\/api.w.org\/{rel}","templated":true}]}}