{"id":180888,"date":"2019-08-21T17:03:52","date_gmt":"2019-08-21T20:03:52","guid":{"rendered":"https:\/\/www.redenoticia.com.br\/noticia\/?p=180888"},"modified":"2019-08-21T17:03:59","modified_gmt":"2019-08-21T20:03:59","slug":"resumo-novela-por-amor-22-08-nando-e-levado-para-o-interrogatorio","status":"publish","type":"post","link":"https:\/\/www.redenoticia.com.br\/noticia\/2019\/resumo-novela-por-amor-22-08-nando-e-levado-para-o-interrogatorio\/180888","title":{"rendered":"Resumo novela \u201cPor Amor\u201d 22\/08: Nando \u00e9 levado para o interrogat\u00f3rio"},"content":{"rendered":"<p><strong><em><img loading=\"lazy\" decoding=\"async\" class=\"aligncenter size-large wp-image-175307\" src=\"https:\/\/www.redenoticia.com.br\/noticia\/imagens\/por-amor-globo-348x300.jpg\" alt=\"\" width=\"348\" height=\"300\" srcset=\"https:\/\/www.redenoticia.com.br\/noticia\/imagens\/por-amor-globo-348x300.jpg 348w, https:\/\/www.redenoticia.com.br\/noticia\/imagens\/por-amor-globo-217x187.jpg 217w, https:\/\/www.redenoticia.com.br\/noticia\/imagens\/por-amor-globo-534x462.jpg 534w, https:\/\/www.redenoticia.com.br\/noticia\/imagens\/por-amor-globo.jpg 584w\" sizes=\"auto, (max-width: 348px) 100vw, 348px\" \/>Resumo novela \u201cPor Amor\u201d 22\/08<\/em><\/strong>: no cap\u00edtulo 083(*) da novela, resumo de quinta-feira, 22 de agosto, Fl\u00e1via e At\u00edlio passam a noite juntos. Eduarda e Tadinha ficam indignadas quando sabem que Fl\u00e1via e At\u00edlio est\u00e3o juntos em S\u00e3o Paulo. Helena fica triste, mas n\u00e3o sente raiva deles. Fl\u00e1via diz a At\u00edlio que sente um pouco de remorso quando pensa em Helena. Branca pro\u00edbe Arnaldo de contar a Marcelo sobre sua briga com Isabel.<\/p>\n<p>Rose d\u00e1 dinheiro a Fausto, que acha a quantia pequena. Preocupada com a gravidez de Laura, Meg adia o casamento de In\u00e8s e acerta com jornalistas a mat\u00e9ria sobre o casamento. At\u00edlio volta de viagem animado e Isabel percebe. Virg\u00ednia encontra a chave misteriosa no bolso de Rafael, que se irrita mas procura disfar\u00e7ar. M\u00e1rcia e Wilson viajam para S\u00e3o Paulo. Leonor convida Pedro para jantar em seu apartamento. Meg leva Laura ao m\u00e9dico.<\/p>\n<p>Laura simpatiza com o obstetra e fica mais animada. Tadinha aconselha Eduarda a voltar logo para seu apartamento. Magn\u00f3lia vai com Oscar at\u00e9 o restaurante de Wilson com a inten\u00e7\u00e3o de atrapalhar a conversa entre Liza e Gen\u00e9sio. Aninha tenta falar sobre At\u00edlio e Fl\u00e1via, mas Helena desconversa. Milena visita Nando. At\u00edlio vai at\u00e9 o atelier fazer uma visita cordial a Helena, se oferecendo para tomar um caf\u00e9 com ela. Ele diz que vai alugar outra casa.<\/p>\n<p>Felizes, Marcelo e Eduarda fazem planos de comprar uma casa. Isabel conta a Arnaldo que sonhou que Branca tentava assassin\u00e1-la, empurrando-a de um precip\u00edcio. Virg\u00ednia pede a Rafael que fale sobre seus problemas. At\u00edlio leva Pedro para jantar com Trajano, que imediatamente decide contratar o irm\u00e3o de Helena. Nando \u00e9 levado para o interrogat\u00f3rio. Milena, Orestes, L\u00eddia e v\u00e1rios amigos do piloto chegam ao f\u00f3rum.<\/p>\n<p>(*) edi\u00e7\u00e3o da Rede Globo, Novela \u201cPor Amor\u201d, sujeito a altera\u00e7\u00e3o de data e conte\u00fado.<\/p>\n<p>Sinopse: \u201cO que voc\u00ea faria por amor?\u201d Maria Eduarda (Gabriela Duarte) e sua m\u00e3e, Helena (Regina Duarte), viajam juntas por motivos opostos: a jovem despede-se da vida de solteira, e Helena procura esquecer o fim de um namoro. Elas conhecem o brilhante arquiteto At\u00edlio (Antonio Fagundes), tamb\u00e9m brasileiro.<\/p>\n<p>Enquanto isso, Marcelo desperta as maiores inseguran\u00e7as em sua futura esposa, Maria Eduarda. M\u00e3e e filha engravidam na mesma \u00e9poca e v\u00e3o para a maternidade juntas. Eduarda perde o \u00fatero no parto e d\u00e1 \u00e0 luz um beb\u00ea doente, que morre logo em seguida. Helena, por sua vez, d\u00e1 \u00e0 luz uma crian\u00e7a saud\u00e1vel e implora para que C\u00e9sar (Marcelo Serrado) \u2013 o m\u00e9dico amigo que as atendia \u2013 troque as crian\u00e7as. No \u00faltimo cap\u00edtulo todos descobrem a troca das crian\u00e7as.<\/p>\n","protected":false},"excerpt":{"rendered":"<p>Resumo novela \u201cPor Amor\u201d 22\/08: no cap\u00edtulo 083(*) da novela, resumo de quinta-feira, 22 de agosto, Fl\u00e1via e At\u00edlio passam a noite juntos. Eduarda e Tadinha ficam indignadas quando sabem que Fl\u00e1via e At\u00edlio est\u00e3o juntos em S\u00e3o Paulo. Helena fica triste, mas n\u00e3o sente raiva deles. Fl\u00e1via diz a At\u00edlio que sente um pouco [&hellip;]<\/p>\n","protected":false},"author":4,"featured_media":175308,"comment_status":"open","ping_status":"closed","sticky":false,"template":"","format":"standard","meta":{"_genesis_hide_title":false,"_genesis_hide_breadcrumbs":false,"_genesis_hide_singular_image":false,"_genesis_hide_footer_widgets":false,"_genesis_custom_body_class":"","_genesis_custom_post_class":"","_genesis_layout":"","_jetpack_memberships_contains_paid_content":false,"footnotes":""},"categories":[379,375,343],"tags":[441],"class_list":{"0":"post-180888","1":"post","2":"type-post","3":"status-publish","4":"format-standard","5":"has-post-thumbnail","7":"category-novelas","8":"category-rede-globo","9":"category-televisao","10":"tag-resumo-do-dia","11":"entry","12":"gs-1","13":"gs-odd","14":"gs-even","15":"gs-featured-content-entry"},"jetpack_featured_media_url":"https:\/\/www.redenoticia.com.br\/noticia\/imagens\/por-amor-resumo-globo.jpg","jetpack_sharing_enabled":true,"jetpack_likes_enabled":true,"_links":{"self":[{"href":"https:\/\/www.redenoticia.com.br\/noticia\/wp-json\/wp\/v2\/posts\/180888","targetHints":{"allow":["GET"]}}],"collection":[{"href":"https:\/\/www.redenoticia.com.br\/noticia\/wp-json\/wp\/v2\/posts"}],"about":[{"href":"https:\/\/www.redenoticia.com.br\/noticia\/wp-json\/wp\/v2\/types\/post"}],"author":[{"embeddable":true,"href":"https:\/\/www.redenoticia.com.br\/noticia\/wp-json\/wp\/v2\/users\/4"}],"replies":[{"embeddable":true,"href":"https:\/\/www.redenoticia.com.br\/noticia\/wp-json\/wp\/v2\/comments?post=180888"}],"version-history":[{"count":0,"href":"https:\/\/www.redenoticia.com.br\/noticia\/wp-json\/wp\/v2\/posts\/180888\/revisions"}],"wp:featuredmedia":[{"embeddable":true,"href":"https:\/\/www.redenoticia.com.br\/noticia\/wp-json\/wp\/v2\/media\/175308"}],"wp:attachment":[{"href":"https:\/\/www.redenoticia.com.br\/noticia\/wp-json\/wp\/v2\/media?parent=180888"}],"wp:term":[{"taxonomy":"category","embeddable":true,"href":"https:\/\/www.redenoticia.com.br\/noticia\/wp-json\/wp\/v2\/categories?post=180888"},{"taxonomy":"post_tag","embeddable":true,"href":"https:\/\/www.redenoticia.com.br\/noticia\/wp-json\/wp\/v2\/tags?post=180888"}],"curies":[{"name":"wp","href":"https:\/\/api.w.org\/{rel}","templated":true}]}}