{"id":1806,"date":"2009-05-20T16:06:20","date_gmt":"2009-05-20T20:06:20","guid":{"rendered":"http:\/\/www.redenoticia.com.br\/noticia\/?p=1806"},"modified":"2009-05-20T16:06:20","modified_gmt":"2009-05-20T20:06:20","slug":"sipam-monitorara-areas-regularizadas-do-terra-legal","status":"publish","type":"post","link":"https:\/\/www.redenoticia.com.br\/noticia\/2009\/sipam-monitorara-areas-regularizadas-do-terra-legal\/1806","title":{"rendered":"Sipam monitorar\u00e1 \u00e1reas regularizadas do Terra Legal"},"content":{"rendered":"<p><span style=\"font-family: 'Times New Roman'; font-size: small;\"><span>A estrutura tecnol\u00f3gica do Sistema de Prote\u00e7\u00e3o da Amaz\u00f4nia, vinculado \u00e0 Casa Civil da Presid\u00eancia da Rep\u00fablica, auxiliar\u00e1 o Terra Legal a monitorar as propriedades que tiverem suas \u00e1reas regularizadas. O Programa Terra Legal, do Minist\u00e9rio do Desenvolvimento Agr\u00e1rio, contar\u00e1 com o apoio tecnol\u00f3gico do Sipam, garante o diretor de produtos do \u00f3rg\u00e3o, Wougran Galv\u00e3o, em reuni\u00e3o sobre o programa, Bras\u00edlia. Segundo explicou o secret\u00e1rio executivo adjunto extraordin\u00e1rio do Terra Legal, Carlos Guedes, o programa pretende criar um sistema de monitoramento p\u00f3s-t\u00edtulo das regi\u00f5es regularizadas. O Terra Legal vai come\u00e7ar a regulariza\u00e7\u00e3o fundi\u00e1ria nas 43 cidades que mais desmataram a floresta amaz\u00f4nica.<\/span><\/span><\/p>\n<p><span style=\"font-family: 'Times New Roman'; font-size: small;\"><span>Uma das situa\u00e7\u00f5es que mais dificulta o combate ao desmatamento \u00e9 o fato de muitas \u00e1reas n\u00e3o terem um propriet\u00e1rio que possa ser responsabilizado. Com a regulariza\u00e7\u00e3o, cada peda\u00e7o de terra ter\u00e1 um dono que poder\u00e1 ser penalizado caso a legisla\u00e7\u00e3o de prote\u00e7\u00e3o ambiental seja desrespeitada. \u00c9 para acompanhar a evolu\u00e7\u00e3o do desmatamento que as imagens feitas pelo Sipam ter\u00e3o um papel fundamental. Ao comparar periodicamente as imagens coletadas pelo radar, ser\u00e1 poss\u00edvel identificar a situa\u00e7\u00e3o das \u00e1reas regularizadas.<\/span><\/span><\/p>\n<p><span style=\"font-family: 'Times New Roman'; font-size: small;\"><span>Durante a reuni\u00e3o, Galv\u00e3o apresentou as principais tecnologias e produtos dispon\u00edveis para auxiliar os trabalhos de regulariza\u00e7\u00e3o fundi\u00e1ria e nos demais objetivos de desenvolvimento econ\u00f4mico e social previstos na Opera\u00e7\u00e3o Arco Verde (preserva\u00e7\u00e3o da floresta e das demais riquezas naturais da regi\u00e3o). O diretor destacou as funcionalidades das tecnologias de captura e tratamento de imagens a\u00e9reas, que podem auxiliar nos trabalhos do programa. Tamb\u00e9m falou sobre a rede de comunica\u00e7\u00e3o dispon\u00edvel (VSAT) para apoio ao programa e de projetos especiais, como a Cartografia da Amaz\u00f4nia.<\/span><\/span><\/p>\n<p><span style=\"font-family: 'Times New Roman'; font-size: small;\"><span>Fonte: Assessoria SIPAM<\/span><\/span><\/p>\n","protected":false},"excerpt":{"rendered":"<p>A estrutura tecnol\u00f3gica do Sistema de Prote\u00e7\u00e3o da Amaz\u00f4nia, vinculado \u00e0 Casa Civil da Presid\u00eancia da Rep\u00fablica, auxiliar\u00e1 o Terra Legal a monitorar as propriedades que tiverem suas \u00e1reas regularizadas. O Programa Terra Legal, do Minist\u00e9rio do Desenvolvimento Agr\u00e1rio, contar\u00e1 com o apoio tecnol\u00f3gico do Sipam, garante o diretor de produtos do \u00f3rg\u00e3o, Wougran Galv\u00e3o, [&hellip;]<\/p>\n","protected":false},"author":2,"featured_media":0,"comment_status":"open","ping_status":"open","sticky":false,"template":"","format":"standard","meta":{"_genesis_hide_title":false,"_genesis_hide_breadcrumbs":false,"_genesis_hide_singular_image":false,"_genesis_hide_footer_widgets":false,"_genesis_custom_body_class":"","_genesis_custom_post_class":"","_genesis_layout":"","_jetpack_memberships_contains_paid_content":false,"footnotes":""},"categories":[22],"tags":[],"class_list":{"0":"post-1806","1":"post","2":"type-post","3":"status-publish","4":"format-standard","6":"category-brasil","7":"entry","8":"gs-1","9":"gs-odd","10":"gs-even","11":"gs-featured-content-entry"},"jetpack_featured_media_url":"","jetpack_sharing_enabled":true,"jetpack_likes_enabled":true,"_links":{"self":[{"href":"https:\/\/www.redenoticia.com.br\/noticia\/wp-json\/wp\/v2\/posts\/1806","targetHints":{"allow":["GET"]}}],"collection":[{"href":"https:\/\/www.redenoticia.com.br\/noticia\/wp-json\/wp\/v2\/posts"}],"about":[{"href":"https:\/\/www.redenoticia.com.br\/noticia\/wp-json\/wp\/v2\/types\/post"}],"author":[{"embeddable":true,"href":"https:\/\/www.redenoticia.com.br\/noticia\/wp-json\/wp\/v2\/users\/2"}],"replies":[{"embeddable":true,"href":"https:\/\/www.redenoticia.com.br\/noticia\/wp-json\/wp\/v2\/comments?post=1806"}],"version-history":[{"count":0,"href":"https:\/\/www.redenoticia.com.br\/noticia\/wp-json\/wp\/v2\/posts\/1806\/revisions"}],"wp:attachment":[{"href":"https:\/\/www.redenoticia.com.br\/noticia\/wp-json\/wp\/v2\/media?parent=1806"}],"wp:term":[{"taxonomy":"category","embeddable":true,"href":"https:\/\/www.redenoticia.com.br\/noticia\/wp-json\/wp\/v2\/categories?post=1806"},{"taxonomy":"post_tag","embeddable":true,"href":"https:\/\/www.redenoticia.com.br\/noticia\/wp-json\/wp\/v2\/tags?post=1806"}],"curies":[{"name":"wp","href":"https:\/\/api.w.org\/{rel}","templated":true}]}}