{"id":180268,"date":"2019-08-08T15:42:47","date_gmt":"2019-08-08T18:42:47","guid":{"rendered":"https:\/\/www.redenoticia.com.br\/noticia\/?p=180268"},"modified":"2019-08-08T15:42:52","modified_gmt":"2019-08-08T18:42:52","slug":"resumo-novela-por-amor-09-08-branca-nao-pretende-se-separar-de-arnaldo","status":"publish","type":"post","link":"https:\/\/www.redenoticia.com.br\/noticia\/2019\/resumo-novela-por-amor-09-08-branca-nao-pretende-se-separar-de-arnaldo\/180268","title":{"rendered":"Resumo novela \u201cPor Amor\u201d 09\/08: Branca n\u00e3o pretende se separar de Arnaldo"},"content":{"rendered":"<p><strong><em><img loading=\"lazy\" decoding=\"async\" class=\"aligncenter size-large wp-image-175307\" src=\"https:\/\/www.redenoticia.com.br\/noticia\/imagens\/por-amor-globo-348x300.jpg\" alt=\"\" width=\"348\" height=\"300\" srcset=\"https:\/\/www.redenoticia.com.br\/noticia\/imagens\/por-amor-globo-348x300.jpg 348w, https:\/\/www.redenoticia.com.br\/noticia\/imagens\/por-amor-globo-217x187.jpg 217w, https:\/\/www.redenoticia.com.br\/noticia\/imagens\/por-amor-globo-534x462.jpg 534w, https:\/\/www.redenoticia.com.br\/noticia\/imagens\/por-amor-globo.jpg 584w\" sizes=\"auto, (max-width: 348px) 100vw, 348px\" \/>Resumo novela \u201cPor Amor\u201d 09\/08<\/em><\/strong>: no cap\u00edtulo 074(*) da novela, resumo de sexta-feira, 09 de agosto, Rose faz o poss\u00edvel para acalmar Branca, que se esfor\u00e7a para n\u00e3o deixar transparecer que acaba de descobrir que Isabel \u00e9 amante de Arnaldo. Catarina aconselha Eduarda a se reconciliar com Marcelo. Mais controlada, Branca se comporta como de h\u00e1bito diante dos convidados de Arnaldo. Marcelo convida Eduarda para viajar.<\/p>\n<p>Branca planeja ir \u00e0 casa de Isabel para pegar todas as j\u00f3ias que Arnaldo deu a ela. At\u00edlio volta a dizer a Helena que ela est\u00e1 escondendo alguma coisa a respeito da noite em que ela e Eduarda deram \u00e0 luz. Sandrinha melhora e volta a frequentar o col\u00e9gio. Helena sai para caminhar. Rose e Branca combinam ir \u00e0 casa de Isabel para pegar as j\u00f3ias.<\/p>\n<p>Branca diz a Rose que elas precisar\u00e3o da ajuda de um chaveiro para entrar na casa de Isabel. Virg\u00ednia ouve Rafael discutindo com algu\u00e9m no telefone e fica cismada. Magn\u00f3lia e Gen\u00e9sio voltam \u00e0 casa de Meg. Branca diz a Rose que n\u00e3o pretende se separar de Arnaldo. Helena desabafa com Virg\u00ednia.<\/p>\n<p>Eduarda se preocupa com o abatimento de Helena, que procura disfar\u00e7ar. Laura sente enj\u00f4o. Virg\u00ednia diz a Eduarda que seria melhor para Marcelinho se ela e Marcelo se reconciliassem. Oscar diz a Wilson e Zito que eles precisam arranjar uma namorada para Gen\u00e9sio. Branca e Rose levam um chaveiro no apartamento de Isabel. Helena vai ao escrit\u00f3rio e encontra Isabel e At\u00edlio almo\u00e7ando juntos.<\/p>\n<p>(*) edi\u00e7\u00e3o da Rede Globo, Novela \u201cPor Amor\u201d, sujeito a altera\u00e7\u00e3o de data e conte\u00fado.<\/p>\n<p>Sinopse: \u201cO que voc\u00ea faria por amor?\u201d Maria Eduarda (Gabriela Duarte) e sua m\u00e3e, Helena (Regina Duarte), viajam juntas por motivos opostos: a jovem despede-se da vida de solteira, e Helena procura esquecer o fim de um namoro. Elas conhecem o brilhante arquiteto At\u00edlio (Antonio Fagundes), tamb\u00e9m brasileiro.<\/p>\n<p>Enquanto isso, Marcelo desperta as maiores inseguran\u00e7as em sua futura esposa, Maria Eduarda. M\u00e3e e filha engravidam na mesma \u00e9poca e v\u00e3o para a maternidade juntas. Eduarda perde o \u00fatero no parto e d\u00e1 \u00e0 luz um beb\u00ea doente, que morre logo em seguida. Helena, por sua vez, d\u00e1 \u00e0 luz uma crian\u00e7a saud\u00e1vel e implora para que C\u00e9sar (Marcelo Serrado) \u2013 o m\u00e9dico amigo que as atendia \u2013 troque as crian\u00e7as. No \u00faltimo cap\u00edtulo todos descobrem a troca das crian\u00e7as.<\/p>\n","protected":false},"excerpt":{"rendered":"<p>Resumo novela \u201cPor Amor\u201d 09\/08: no cap\u00edtulo 074(*) da novela, resumo de sexta-feira, 09 de agosto, Rose faz o poss\u00edvel para acalmar Branca, que se esfor\u00e7a para n\u00e3o deixar transparecer que acaba de descobrir que Isabel \u00e9 amante de Arnaldo. Catarina aconselha Eduarda a se reconciliar com Marcelo. Mais controlada, Branca se comporta como de [&hellip;]<\/p>\n","protected":false},"author":4,"featured_media":175308,"comment_status":"open","ping_status":"closed","sticky":false,"template":"","format":"standard","meta":{"_genesis_hide_title":false,"_genesis_hide_breadcrumbs":false,"_genesis_hide_singular_image":false,"_genesis_hide_footer_widgets":false,"_genesis_custom_body_class":"","_genesis_custom_post_class":"","_genesis_layout":"","_jetpack_memberships_contains_paid_content":false,"footnotes":""},"categories":[379,375,343],"tags":[441],"class_list":{"0":"post-180268","1":"post","2":"type-post","3":"status-publish","4":"format-standard","5":"has-post-thumbnail","7":"category-novelas","8":"category-rede-globo","9":"category-televisao","10":"tag-resumo-do-dia","11":"entry","12":"gs-1","13":"gs-odd","14":"gs-even","15":"gs-featured-content-entry"},"jetpack_featured_media_url":"https:\/\/www.redenoticia.com.br\/noticia\/imagens\/por-amor-resumo-globo.jpg","jetpack_sharing_enabled":true,"jetpack_likes_enabled":true,"_links":{"self":[{"href":"https:\/\/www.redenoticia.com.br\/noticia\/wp-json\/wp\/v2\/posts\/180268","targetHints":{"allow":["GET"]}}],"collection":[{"href":"https:\/\/www.redenoticia.com.br\/noticia\/wp-json\/wp\/v2\/posts"}],"about":[{"href":"https:\/\/www.redenoticia.com.br\/noticia\/wp-json\/wp\/v2\/types\/post"}],"author":[{"embeddable":true,"href":"https:\/\/www.redenoticia.com.br\/noticia\/wp-json\/wp\/v2\/users\/4"}],"replies":[{"embeddable":true,"href":"https:\/\/www.redenoticia.com.br\/noticia\/wp-json\/wp\/v2\/comments?post=180268"}],"version-history":[{"count":0,"href":"https:\/\/www.redenoticia.com.br\/noticia\/wp-json\/wp\/v2\/posts\/180268\/revisions"}],"wp:featuredmedia":[{"embeddable":true,"href":"https:\/\/www.redenoticia.com.br\/noticia\/wp-json\/wp\/v2\/media\/175308"}],"wp:attachment":[{"href":"https:\/\/www.redenoticia.com.br\/noticia\/wp-json\/wp\/v2\/media?parent=180268"}],"wp:term":[{"taxonomy":"category","embeddable":true,"href":"https:\/\/www.redenoticia.com.br\/noticia\/wp-json\/wp\/v2\/categories?post=180268"},{"taxonomy":"post_tag","embeddable":true,"href":"https:\/\/www.redenoticia.com.br\/noticia\/wp-json\/wp\/v2\/tags?post=180268"}],"curies":[{"name":"wp","href":"https:\/\/api.w.org\/{rel}","templated":true}]}}