{"id":180219,"date":"2019-08-07T17:54:10","date_gmt":"2019-08-07T20:54:10","guid":{"rendered":"https:\/\/www.redenoticia.com.br\/noticia\/?p=180219"},"modified":"2019-08-07T17:54:16","modified_gmt":"2019-08-07T20:54:16","slug":"resumo-novela-por-amor-08-08-atilio-diz-a-flavia-que-seu-casamento-acabou","status":"publish","type":"post","link":"https:\/\/www.redenoticia.com.br\/noticia\/2019\/resumo-novela-por-amor-08-08-atilio-diz-a-flavia-que-seu-casamento-acabou\/180219","title":{"rendered":"Resumo novela \u201cPor Amor\u201d 08\/08: At\u00edlio diz a Fl\u00e1via que seu casamento acabou"},"content":{"rendered":"<p><strong><em><img loading=\"lazy\" decoding=\"async\" class=\"aligncenter size-large wp-image-175307\" src=\"https:\/\/www.redenoticia.com.br\/noticia\/imagens\/por-amor-globo-348x300.jpg\" alt=\"\" width=\"348\" height=\"300\" srcset=\"https:\/\/www.redenoticia.com.br\/noticia\/imagens\/por-amor-globo-348x300.jpg 348w, https:\/\/www.redenoticia.com.br\/noticia\/imagens\/por-amor-globo-217x187.jpg 217w, https:\/\/www.redenoticia.com.br\/noticia\/imagens\/por-amor-globo-534x462.jpg 534w, https:\/\/www.redenoticia.com.br\/noticia\/imagens\/por-amor-globo.jpg 584w\" sizes=\"auto, (max-width: 348px) 100vw, 348px\" \/>Resumo novela \u201cPor Amor\u201d 08\/08<\/em><\/strong>: no cap\u00edtulo 073(*) da novela, resumo de quinta-feira, 08 de agosto, Sandrinha e Fernando se abra\u00e7am, emocionados. Rose conta a Branca que Nando conseguiu permiss\u00e3o para ir \u00e0 sua casa. Meg contrata Helena e Fl\u00e1via para reformar parte de sua casa. L\u00eddia pede um lanche para os policiais que esperam Nando em frente \u00e0 sua casa. Marcelo manda flores para Eduarda. At\u00edlio diz a Marcelo que Arnaldo est\u00e1 prestes a fechar um grande neg\u00f3cio. Isabel se insinua para At\u00edlio. Nando volta para a pris\u00e3o.<\/p>\n<p>Wilson decide acompanhar M\u00e1rcia na viagem a S\u00e3o Paulo. Eduarda conta a Helena que At\u00edlio desconfia que ela est\u00e1 escondendo algo. Eduarda e Marcelo jantam no apartamento deles. At\u00edlio passa no est\u00fadio e s\u00f3 encontra Fl\u00e1via, que o convida para um drinque. Eles se beijam.<\/p>\n<p>Helena conta a Sirl\u00e9ia que Pedro vai se mudar definitivamente para o Rio. Fl\u00e1via se sente culpada por ter beijado At\u00edlio e se desvencilha dele. O jantar de Eduarda e Marcelo transcorre agradavelmente e eles se beijam novamente. Branca prepara um jantar para receber o empres\u00e1rio que est\u00e1 negociando com Arnaldo. Fl\u00e1via pede a At\u00edlio que n\u00e3o conte nada a Helena. Nat\u00e1lia sugere que Milena convide uma manequim internacional para a inaugura\u00e7\u00e3o da loja.<\/p>\n<p>At\u00edlio diz a Fl\u00e1via que seu casamento acabou. Wilson v\u00ea At\u00edlio e Fl\u00e1via saindo juntos do est\u00fadio. Fl\u00e1via decide passar alguns dias fora e Helena estranha. Isabel chega \u00e0 casa de Branca usando um colar de pedras preciosas. Branca constata que \u00e9 o mesmo colar que ela viu na joalheria.<\/p>\n<p>(*) edi\u00e7\u00e3o da Rede Globo, Novela \u201cPor Amor\u201d, sujeito a altera\u00e7\u00e3o de data e conte\u00fado.<\/p>\n<p>Sinopse: \u201cO que voc\u00ea faria por amor?\u201d Maria Eduarda (Gabriela Duarte) e sua m\u00e3e, Helena (Regina Duarte), viajam juntas por motivos opostos: a jovem despede-se da vida de solteira, e Helena procura esquecer o fim de um namoro. Elas conhecem o brilhante arquiteto At\u00edlio (Antonio Fagundes), tamb\u00e9m brasileiro.<\/p>\n<p>Enquanto isso, Marcelo desperta as maiores inseguran\u00e7as em sua futura esposa, Maria Eduarda. M\u00e3e e filha engravidam na mesma \u00e9poca e v\u00e3o para a maternidade juntas. Eduarda perde o \u00fatero no parto e d\u00e1 \u00e0 luz um beb\u00ea doente, que morre logo em seguida. Helena, por sua vez, d\u00e1 \u00e0 luz uma crian\u00e7a saud\u00e1vel e implora para que C\u00e9sar (Marcelo Serrado) \u2013 o m\u00e9dico amigo que as atendia \u2013 troque as crian\u00e7as. No \u00faltimo cap\u00edtulo todos descobrem a troca das crian\u00e7as.<\/p>\n","protected":false},"excerpt":{"rendered":"<p>Resumo novela \u201cPor Amor\u201d 08\/08: no cap\u00edtulo 073(*) da novela, resumo de quinta-feira, 08 de agosto, Sandrinha e Fernando se abra\u00e7am, emocionados. Rose conta a Branca que Nando conseguiu permiss\u00e3o para ir \u00e0 sua casa. Meg contrata Helena e Fl\u00e1via para reformar parte de sua casa. L\u00eddia pede um lanche para os policiais que esperam [&hellip;]<\/p>\n","protected":false},"author":4,"featured_media":175308,"comment_status":"open","ping_status":"closed","sticky":false,"template":"","format":"standard","meta":{"_genesis_hide_title":false,"_genesis_hide_breadcrumbs":false,"_genesis_hide_singular_image":false,"_genesis_hide_footer_widgets":false,"_genesis_custom_body_class":"","_genesis_custom_post_class":"","_genesis_layout":"","_jetpack_memberships_contains_paid_content":false,"footnotes":""},"categories":[379,375,343],"tags":[441],"class_list":{"0":"post-180219","1":"post","2":"type-post","3":"status-publish","4":"format-standard","5":"has-post-thumbnail","7":"category-novelas","8":"category-rede-globo","9":"category-televisao","10":"tag-resumo-do-dia","11":"entry","12":"gs-1","13":"gs-odd","14":"gs-even","15":"gs-featured-content-entry"},"jetpack_featured_media_url":"https:\/\/www.redenoticia.com.br\/noticia\/imagens\/por-amor-resumo-globo.jpg","jetpack_sharing_enabled":true,"jetpack_likes_enabled":true,"_links":{"self":[{"href":"https:\/\/www.redenoticia.com.br\/noticia\/wp-json\/wp\/v2\/posts\/180219","targetHints":{"allow":["GET"]}}],"collection":[{"href":"https:\/\/www.redenoticia.com.br\/noticia\/wp-json\/wp\/v2\/posts"}],"about":[{"href":"https:\/\/www.redenoticia.com.br\/noticia\/wp-json\/wp\/v2\/types\/post"}],"author":[{"embeddable":true,"href":"https:\/\/www.redenoticia.com.br\/noticia\/wp-json\/wp\/v2\/users\/4"}],"replies":[{"embeddable":true,"href":"https:\/\/www.redenoticia.com.br\/noticia\/wp-json\/wp\/v2\/comments?post=180219"}],"version-history":[{"count":0,"href":"https:\/\/www.redenoticia.com.br\/noticia\/wp-json\/wp\/v2\/posts\/180219\/revisions"}],"wp:featuredmedia":[{"embeddable":true,"href":"https:\/\/www.redenoticia.com.br\/noticia\/wp-json\/wp\/v2\/media\/175308"}],"wp:attachment":[{"href":"https:\/\/www.redenoticia.com.br\/noticia\/wp-json\/wp\/v2\/media?parent=180219"}],"wp:term":[{"taxonomy":"category","embeddable":true,"href":"https:\/\/www.redenoticia.com.br\/noticia\/wp-json\/wp\/v2\/categories?post=180219"},{"taxonomy":"post_tag","embeddable":true,"href":"https:\/\/www.redenoticia.com.br\/noticia\/wp-json\/wp\/v2\/tags?post=180219"}],"curies":[{"name":"wp","href":"https:\/\/api.w.org\/{rel}","templated":true}]}}