{"id":179943,"date":"2019-08-01T16:45:02","date_gmt":"2019-08-01T19:45:02","guid":{"rendered":"https:\/\/www.redenoticia.com.br\/noticia\/?p=179943"},"modified":"2020-05-29T16:13:34","modified_gmt":"2020-05-29T19:13:34","slug":"resumo-novela-por-amor-02-08-atilio-comeca-a-desconfiar-de-helena","status":"publish","type":"post","link":"https:\/\/www.redenoticia.com.br\/noticia\/2019\/resumo-novela-por-amor-02-08-atilio-comeca-a-desconfiar-de-helena\/179943","title":{"rendered":"Resumo novela \u201cPor Amor\u201d 02\/08: At\u00edlio come\u00e7a a desconfiar de Helena"},"content":{"rendered":"<p><strong><em><img loading=\"lazy\" decoding=\"async\" class=\"aligncenter size-large wp-image-175307\" src=\"https:\/\/www.redenoticia.com.br\/noticia\/imagens\/por-amor-globo-348x300.jpg\" alt=\"\" width=\"348\" height=\"300\" srcset=\"https:\/\/www.redenoticia.com.br\/noticia\/imagens\/por-amor-globo-348x300.jpg 348w, https:\/\/www.redenoticia.com.br\/noticia\/imagens\/por-amor-globo-217x187.jpg 217w, https:\/\/www.redenoticia.com.br\/noticia\/imagens\/por-amor-globo-534x462.jpg 534w, https:\/\/www.redenoticia.com.br\/noticia\/imagens\/por-amor-globo.jpg 584w\" sizes=\"auto, (max-width: 348px) 100vw, 348px\" \/>Resumo novela \u201cPor Amor\u201d 02\/08<\/em><\/strong>: no cap\u00edtulo 069(*) da novela, resumo de sexta-feira, 02 de agosto, b\u00eabado, C\u00e9sar vai at\u00e9 \u00e0 mesa de Helena e diz que eles precisam contar a verdade. At\u00edlio fica cismado, mas, antes que C\u00e9sar diga mais alguma coisa, Helena tira o rapaz do sal\u00e3o e o convence a ir para casa. Sirl\u00e9ia sente saudade de Nestor. C\u00e9sar diz a Anita que o beb\u00ea de Helena n\u00e3o morreu e ela estranha. Helena sai de casa sem falar com At\u00edlio.<\/p>\n<p>At\u00edlio vai ao est\u00fadio e pergunta a Helena por que ela est\u00e1 fugindo dele. Ela disfar\u00e7a, mas n\u00e3o o convence. C\u00e9sar e Anita viajam. Eduarda ajuda Cat a se arrumar para a festa. Ela diz que vai ficar em casa com Tadinha. Come\u00e7a o baile a fantasia na casa de Meg e Laura fica radiante ao ver Marcelo chegar. Eduarda chega ao baile, mascarada.<\/p>\n<p>Branca e Arnaldo chegam \u00e0 festa. Marcelo conta a Isabel que Branca j\u00e1 sabe que Arnaldo tem uma amante. Eduarda observa Marcelo dar um fora em Laura. L\u00e9o convence Milena a ir \u00e0 festa. Ao saber que C\u00e9sar quase contou a verdade a At\u00edlio, Virg\u00ednia diz a Helena que esta teria sido uma excelente oportunidade de revelar seu segredo. At\u00edlio ouve a conversa e fica ainda mais desconfiado. Eduarda revela sua identidade a Helena. Wilson e M\u00e1rcia transam. Milena conta a Helena que L\u00eddia pediu ajuda a Branca para tirar Nando da pris\u00e3o.<\/p>\n<p>Eduarda, j\u00e1 mascarada novamente, tira Leonardo para dan\u00e7ar e o rapaz chama Catarina para juntar-se a eles, irritando Rodrigo. Sandrinha pede a Deus para ver Nando no dia do anivers\u00e1rio dele. Um foli\u00e3o flerta com Sirl\u00e9ia e arranca-lhe um beijo. Cat flagra e ap\u00f3ia a m\u00e3e. At\u00edlio tenta descobrir com Virg\u00ednia o segredo de Helena. Virg\u00ednia diz a Helena que At\u00edlio ouviu a conversa e est\u00e1 desconfiado. Eduarda tira a m\u00e1scara para At\u00edlio. At\u00edlio pergunta a Helena se ela est\u00e1 lhe escondendo algo e lhe diz que eles n\u00e3o t\u00eam uma rela\u00e7\u00e3o sincera. Branca e Rose entram numa joalheria e, ao saber que Branca \u00e9 mulher de Arnaldo, a gerente lhe diz que seu colar de p\u00e9rolas j\u00e1 foi consertado.<\/p>\n<p>(*) edi\u00e7\u00e3o da Rede Globo, Novela \u201cPor Amor\u201d, sujeito a altera\u00e7\u00e3o de data e conte\u00fado.<\/p>\n<p>Sinopse: \u201cO que voc\u00ea faria por amor?\u201d Maria Eduarda (Gabriela Duarte) e sua m\u00e3e, Helena (Regina Duarte), viajam juntas por motivos opostos: a jovem despede-se da vida de solteira, e Helena procura esquecer o fim de um namoro. Elas conhecem o brilhante arquiteto At\u00edlio (Antonio Fagundes), tamb\u00e9m brasileiro.<\/p>\n<p>Enquanto isso, Marcelo desperta as maiores inseguran\u00e7as em sua futura esposa, Maria Eduarda. M\u00e3e e filha engravidam na mesma \u00e9poca e v\u00e3o para a maternidade juntas. Eduarda perde o \u00fatero no parto e d\u00e1 \u00e0 luz um beb\u00ea doente, que morre logo em seguida. Helena, por sua vez, d\u00e1 \u00e0 luz uma crian\u00e7a saud\u00e1vel e implora para que C\u00e9sar (Marcelo Serrado) \u2013 o m\u00e9dico amigo que as atendia \u2013 troque as crian\u00e7as. No \u00faltimo cap\u00edtulo todos descobrem a troca das crian\u00e7as.<\/p>\n","protected":false},"excerpt":{"rendered":"<p>Resumo novela \u201cPor Amor\u201d 02\/08: no cap\u00edtulo 069(*) da novela, resumo de sexta-feira, 02 de agosto, b\u00eabado, C\u00e9sar vai at\u00e9 \u00e0 mesa de Helena e diz que eles precisam contar a verdade. At\u00edlio fica cismado, mas, antes que C\u00e9sar diga mais alguma coisa, Helena tira o rapaz do sal\u00e3o e o convence a ir para [&hellip;]<\/p>\n","protected":false},"author":4,"featured_media":175308,"comment_status":"open","ping_status":"closed","sticky":false,"template":"","format":"standard","meta":{"_genesis_hide_title":false,"_genesis_hide_breadcrumbs":false,"_genesis_hide_singular_image":false,"_genesis_hide_footer_widgets":false,"_genesis_custom_body_class":"","_genesis_custom_post_class":"","_genesis_layout":"","_jetpack_memberships_contains_paid_content":false,"footnotes":""},"categories":[379,375,343],"tags":[441],"class_list":{"0":"post-179943","1":"post","2":"type-post","3":"status-publish","4":"format-standard","5":"has-post-thumbnail","7":"category-novelas","8":"category-rede-globo","9":"category-televisao","10":"tag-resumo-do-dia","11":"entry","12":"gs-1","13":"gs-odd","14":"gs-even","15":"gs-featured-content-entry"},"jetpack_featured_media_url":"https:\/\/www.redenoticia.com.br\/noticia\/imagens\/por-amor-resumo-globo.jpg","jetpack_sharing_enabled":true,"jetpack_likes_enabled":true,"_links":{"self":[{"href":"https:\/\/www.redenoticia.com.br\/noticia\/wp-json\/wp\/v2\/posts\/179943","targetHints":{"allow":["GET"]}}],"collection":[{"href":"https:\/\/www.redenoticia.com.br\/noticia\/wp-json\/wp\/v2\/posts"}],"about":[{"href":"https:\/\/www.redenoticia.com.br\/noticia\/wp-json\/wp\/v2\/types\/post"}],"author":[{"embeddable":true,"href":"https:\/\/www.redenoticia.com.br\/noticia\/wp-json\/wp\/v2\/users\/4"}],"replies":[{"embeddable":true,"href":"https:\/\/www.redenoticia.com.br\/noticia\/wp-json\/wp\/v2\/comments?post=179943"}],"version-history":[{"count":0,"href":"https:\/\/www.redenoticia.com.br\/noticia\/wp-json\/wp\/v2\/posts\/179943\/revisions"}],"wp:featuredmedia":[{"embeddable":true,"href":"https:\/\/www.redenoticia.com.br\/noticia\/wp-json\/wp\/v2\/media\/175308"}],"wp:attachment":[{"href":"https:\/\/www.redenoticia.com.br\/noticia\/wp-json\/wp\/v2\/media?parent=179943"}],"wp:term":[{"taxonomy":"category","embeddable":true,"href":"https:\/\/www.redenoticia.com.br\/noticia\/wp-json\/wp\/v2\/categories?post=179943"},{"taxonomy":"post_tag","embeddable":true,"href":"https:\/\/www.redenoticia.com.br\/noticia\/wp-json\/wp\/v2\/tags?post=179943"}],"curies":[{"name":"wp","href":"https:\/\/api.w.org\/{rel}","templated":true}]}}