{"id":179879,"date":"2019-07-31T16:46:06","date_gmt":"2019-07-31T19:46:06","guid":{"rendered":"https:\/\/www.redenoticia.com.br\/noticia\/?p=179879"},"modified":"2020-05-29T15:27:03","modified_gmt":"2020-05-29T18:27:03","slug":"resumo-novela-por-amor-01-08-meg-planeja-realizar-um-baile-de-mascaras","status":"publish","type":"post","link":"https:\/\/www.redenoticia.com.br\/noticia\/2019\/resumo-novela-por-amor-01-08-meg-planeja-realizar-um-baile-de-mascaras\/179879","title":{"rendered":"Resumo novela \u201cPor Amor\u201d 01\/08: Meg planeja realizar um baile de m\u00e1scaras"},"content":{"rendered":"<p><strong><em><img loading=\"lazy\" decoding=\"async\" class=\"aligncenter size-large wp-image-175307\" src=\"https:\/\/www.redenoticia.com.br\/noticia\/imagens\/por-amor-globo-348x300.jpg\" alt=\"\" width=\"348\" height=\"300\" srcset=\"https:\/\/www.redenoticia.com.br\/noticia\/imagens\/por-amor-globo-348x300.jpg 348w, https:\/\/www.redenoticia.com.br\/noticia\/imagens\/por-amor-globo-217x187.jpg 217w, https:\/\/www.redenoticia.com.br\/noticia\/imagens\/por-amor-globo-534x462.jpg 534w, https:\/\/www.redenoticia.com.br\/noticia\/imagens\/por-amor-globo.jpg 584w\" sizes=\"auto, (max-width: 348px) 100vw, 348px\" \/>Resumo novela \u201cPor Amor\u201d 01\/08<\/em><\/strong>: no cap\u00edtulo 068(*) da novela, resumo de quinta-feira, 01 de agosto, o delegado explica a Arnaldo que n\u00e3o pode soltar Nando, porque j\u00e1 mandou o auto de flagrante para o juiz. Rose diz a Branca que, se o plano delas falhasse, Fausto concordaria em assumir toda a culpa, desde que recebesse em troca uma boa quantia. Arnaldo e Alceu conseguem tranq\u00fcilizar Nando, dizendo que ser\u00e1 f\u00e1cil provar sua inoc\u00eancia. Branca pensa em contratar um detetive para seguir Arnaldo, mas Rose se oferece para fazer o servi\u00e7o.<\/p>\n<p>Durante uma reuni\u00e3o com os acionistas, Isabel sugere que se vendam algumas a\u00e7\u00f5es da empresa. L\u00eddia liga para Branca para saber se h\u00e1 alguma novidade no caso de Nando. Orestes \u00e9 recusado num emprego por causa de sua idade. Cat encontra L\u00e9o na casa de At\u00edlio. Oscar viaja. Magn\u00f3lia e Gen\u00e9sio jantam juntos.<\/p>\n<p>Magn\u00f3lia dan\u00e7a tango com Gen\u00e9sio. Na casa de Helena, Leonardo e Catarina flertam timidamente. L\u00e9o come\u00e7a a se interessar por Cat. M\u00e1rcia e Wilson interrompem o jantar rom\u00e2ntico de Magn\u00f3lia e Gen\u00e9sio e pedem que eles os acompanhem ao hospital, pois Ritinha est\u00e1 com febre. Oscar volta de viagem. Meg planeja realizar um baile de m\u00e1scaras.<\/p>\n<p>C\u00e9sar diz aos pais que vai viajar com Anita. Arnaldo diz a Isabel que \u00e9 melhor eles se afastarem durante algum tempo. Gra\u00e7as \u00e0 venda de a\u00e7\u00f5es, a empresa tem um grande lucro e todos parabenizam Isabel. Eduarda confessa a Leonardo que ainda ama Marcelo e o cunhado a aconselha a deixar o orgulho de lado. Anita e C\u00e9sar v\u00e3o a um restaurante e acabam encontrando At\u00edlio, Helena, Eduarda, Leonardo e Catarina.<\/p>\n<p>(*) edi\u00e7\u00e3o da Rede Globo, Novela \u201cPor Amor\u201d, sujeito a altera\u00e7\u00e3o de data e conte\u00fado.<\/p>\n<p>Sinopse: \u201cO que voc\u00ea faria por amor?\u201d Maria Eduarda (Gabriela Duarte) e sua m\u00e3e, Helena (Regina Duarte), viajam juntas por motivos opostos: a jovem despede-se da vida de solteira, e Helena procura esquecer o fim de um namoro. Elas conhecem o brilhante arquiteto At\u00edlio (Antonio Fagundes), tamb\u00e9m brasileiro.<\/p>\n<p>Enquanto isso, Marcelo desperta as maiores inseguran\u00e7as em sua futura esposa, Maria Eduarda. M\u00e3e e filha engravidam na mesma \u00e9poca e v\u00e3o para a maternidade juntas. Eduarda perde o \u00fatero no parto e d\u00e1 \u00e0 luz um beb\u00ea doente, que morre logo em seguida. Helena, por sua vez, d\u00e1 \u00e0 luz uma crian\u00e7a saud\u00e1vel e implora para que C\u00e9sar (Marcelo Serrado) \u2013 o m\u00e9dico amigo que as atendia \u2013 troque as crian\u00e7as. No \u00faltimo cap\u00edtulo todos descobrem a troca das crian\u00e7as.<\/p>\n","protected":false},"excerpt":{"rendered":"<p>Resumo novela \u201cPor Amor\u201d 01\/08: no cap\u00edtulo 068(*) da novela, resumo de quinta-feira, 01 de agosto, o delegado explica a Arnaldo que n\u00e3o pode soltar Nando, porque j\u00e1 mandou o auto de flagrante para o juiz. Rose diz a Branca que, se o plano delas falhasse, Fausto concordaria em assumir toda a culpa, desde que [&hellip;]<\/p>\n","protected":false},"author":4,"featured_media":175308,"comment_status":"open","ping_status":"closed","sticky":false,"template":"","format":"standard","meta":{"_genesis_hide_title":false,"_genesis_hide_breadcrumbs":false,"_genesis_hide_singular_image":false,"_genesis_hide_footer_widgets":false,"_genesis_custom_body_class":"","_genesis_custom_post_class":"","_genesis_layout":"","_jetpack_memberships_contains_paid_content":false,"footnotes":""},"categories":[379,375,343],"tags":[441],"class_list":{"0":"post-179879","1":"post","2":"type-post","3":"status-publish","4":"format-standard","5":"has-post-thumbnail","7":"category-novelas","8":"category-rede-globo","9":"category-televisao","10":"tag-resumo-do-dia","11":"entry","12":"gs-1","13":"gs-odd","14":"gs-even","15":"gs-featured-content-entry"},"jetpack_featured_media_url":"https:\/\/www.redenoticia.com.br\/noticia\/imagens\/por-amor-resumo-globo.jpg","jetpack_sharing_enabled":true,"jetpack_likes_enabled":true,"_links":{"self":[{"href":"https:\/\/www.redenoticia.com.br\/noticia\/wp-json\/wp\/v2\/posts\/179879","targetHints":{"allow":["GET"]}}],"collection":[{"href":"https:\/\/www.redenoticia.com.br\/noticia\/wp-json\/wp\/v2\/posts"}],"about":[{"href":"https:\/\/www.redenoticia.com.br\/noticia\/wp-json\/wp\/v2\/types\/post"}],"author":[{"embeddable":true,"href":"https:\/\/www.redenoticia.com.br\/noticia\/wp-json\/wp\/v2\/users\/4"}],"replies":[{"embeddable":true,"href":"https:\/\/www.redenoticia.com.br\/noticia\/wp-json\/wp\/v2\/comments?post=179879"}],"version-history":[{"count":0,"href":"https:\/\/www.redenoticia.com.br\/noticia\/wp-json\/wp\/v2\/posts\/179879\/revisions"}],"wp:featuredmedia":[{"embeddable":true,"href":"https:\/\/www.redenoticia.com.br\/noticia\/wp-json\/wp\/v2\/media\/175308"}],"wp:attachment":[{"href":"https:\/\/www.redenoticia.com.br\/noticia\/wp-json\/wp\/v2\/media?parent=179879"}],"wp:term":[{"taxonomy":"category","embeddable":true,"href":"https:\/\/www.redenoticia.com.br\/noticia\/wp-json\/wp\/v2\/categories?post=179879"},{"taxonomy":"post_tag","embeddable":true,"href":"https:\/\/www.redenoticia.com.br\/noticia\/wp-json\/wp\/v2\/tags?post=179879"}],"curies":[{"name":"wp","href":"https:\/\/api.w.org\/{rel}","templated":true}]}}