{"id":179762,"date":"2019-07-29T16:44:31","date_gmt":"2019-07-29T19:44:31","guid":{"rendered":"https:\/\/www.redenoticia.com.br\/noticia\/?p=179762"},"modified":"2020-05-29T15:26:58","modified_gmt":"2020-05-29T18:26:58","slug":"resumo-novela-por-amor-30-07-helena-e-avisada-que-flavia-tem-interesse-em-atilio","status":"publish","type":"post","link":"https:\/\/www.redenoticia.com.br\/noticia\/2019\/resumo-novela-por-amor-30-07-helena-e-avisada-que-flavia-tem-interesse-em-atilio\/179762","title":{"rendered":"Resumo novela \u201cPor Amor\u201d 30\/07: Helena \u00e9 avisada que Fl\u00e1via tem interesse em At\u00edlio"},"content":{"rendered":"<p><strong><em><img loading=\"lazy\" decoding=\"async\" class=\"aligncenter size-large wp-image-175307\" src=\"https:\/\/www.redenoticia.com.br\/noticia\/imagens\/por-amor-globo-348x300.jpg\" alt=\"\" width=\"348\" height=\"300\" srcset=\"https:\/\/www.redenoticia.com.br\/noticia\/imagens\/por-amor-globo-348x300.jpg 348w, https:\/\/www.redenoticia.com.br\/noticia\/imagens\/por-amor-globo-217x187.jpg 217w, https:\/\/www.redenoticia.com.br\/noticia\/imagens\/por-amor-globo-534x462.jpg 534w, https:\/\/www.redenoticia.com.br\/noticia\/imagens\/por-amor-globo.jpg 584w\" sizes=\"auto, (max-width: 348px) 100vw, 348px\" \/>Resumo novela \u201cPor Amor\u201d 30\/07<\/em><\/strong>: no cap\u00edtulo 066(*) da novela, resumo de ter\u00e7a-feira, 30 de julho, Meg conta \u00e0 fam\u00edlia que Jorge Amado e Z\u00e9lia Gattai querem celebrar o noivado de seu cachorrinho de estima\u00e7\u00e3o, Fadul Abdala, com In\u00e8s. Milena visita Nando. Isabel mostra a Camila e a Liza os presentes que Arnaldo lhe deu. Pedro diz a Helena que quer se estabelecer no Rio. At\u00edlio decide apresent\u00e1-lo a Trajano. Sirl\u00e9ia se interessa por Pedro.<\/p>\n<p>Branca diz a Arnaldo que j\u00e1 sabe que ele tem uma amante. Mas Arnaldo se faz de ofendido e decide passar a noite fora. Fernando manda um bilhete para Sandrinha. Arnaldo vai para a casa de Isabel, conta sua briga com Branca e ela o aconselha a procurar um hotel. Milena e Branca discutem e a mo\u00e7a pergunta \u00e0 m\u00e3e se ela teve algum envolvimento na pris\u00e3o de Nando.<\/p>\n<p>Posando de v\u00edtima, Branca garante a Milena que n\u00e3o teve nada a ver com a pris\u00e3o de Nando e que at\u00e9 o ajudou a ter uma cela individual. Isabel decide fazer Arnaldo comprar um apartamento para ela antes que a empresa v\u00e1 \u00e0 fal\u00eancia. Milena pede a Arnaldo para tentar convencer o delegado a soltar Nando. Sirl\u00e9ia convida Pedro para ver seu \u00e1lbum e se enfeita para receb\u00ea-lo, mas ele manda avisar que n\u00e3o poder\u00e1 comparecer.<\/p>\n<p>Tadinha diz a Helena que Fl\u00e1via est\u00e1 interessada em At\u00edlio. Isabel e At\u00edlio almo\u00e7am juntos. Laura liga para Marcelo e ele manda dizer que n\u00e3o est\u00e1. Helena diz a Milena que sua loja ficar\u00e1 pronta em 20 dias. Milena convida Gen\u00e9sio para desfilar. Tadinha conta a Eduarda que, segundo Teresa, Sirl\u00e9ia est\u00e1 interessada em Pedro. Arnaldo pede ao delegado que solte Nando.<\/p>\n<p>(*) edi\u00e7\u00e3o da Rede Globo, Novela \u201cPor Amor\u201d, sujeito a altera\u00e7\u00e3o de data e conte\u00fado.<\/p>\n<p>Sinopse: \u201cO que voc\u00ea faria por amor?\u201d Maria Eduarda (Gabriela Duarte) e sua m\u00e3e, Helena (Regina Duarte), viajam juntas por motivos opostos: a jovem despede-se da vida de solteira, e Helena procura esquecer o fim de um namoro. Elas conhecem o brilhante arquiteto At\u00edlio (Antonio Fagundes), tamb\u00e9m brasileiro.<\/p>\n<p>Enquanto isso, Marcelo desperta as maiores inseguran\u00e7as em sua futura esposa, Maria Eduarda. M\u00e3e e filha engravidam na mesma \u00e9poca e v\u00e3o para a maternidade juntas. Eduarda perde o \u00fatero no parto e d\u00e1 \u00e0 luz um beb\u00ea doente, que morre logo em seguida. Helena, por sua vez, d\u00e1 \u00e0 luz uma crian\u00e7a saud\u00e1vel e implora para que C\u00e9sar (Marcelo Serrado) \u2013 o m\u00e9dico amigo que as atendia \u2013 troque as crian\u00e7as. No \u00faltimo cap\u00edtulo todos descobrem a troca das crian\u00e7as.<\/p>\n","protected":false},"excerpt":{"rendered":"<p>Resumo novela \u201cPor Amor\u201d 30\/07: no cap\u00edtulo 066(*) da novela, resumo de ter\u00e7a-feira, 30 de julho, Meg conta \u00e0 fam\u00edlia que Jorge Amado e Z\u00e9lia Gattai querem celebrar o noivado de seu cachorrinho de estima\u00e7\u00e3o, Fadul Abdala, com In\u00e8s. Milena visita Nando. Isabel mostra a Camila e a Liza os presentes que Arnaldo lhe deu. [&hellip;]<\/p>\n","protected":false},"author":4,"featured_media":175308,"comment_status":"open","ping_status":"closed","sticky":false,"template":"","format":"standard","meta":{"_genesis_hide_title":false,"_genesis_hide_breadcrumbs":false,"_genesis_hide_singular_image":false,"_genesis_hide_footer_widgets":false,"_genesis_custom_body_class":"","_genesis_custom_post_class":"","_genesis_layout":"","_jetpack_memberships_contains_paid_content":false,"footnotes":""},"categories":[379,375,343],"tags":[441],"class_list":{"0":"post-179762","1":"post","2":"type-post","3":"status-publish","4":"format-standard","5":"has-post-thumbnail","7":"category-novelas","8":"category-rede-globo","9":"category-televisao","10":"tag-resumo-do-dia","11":"entry","12":"gs-1","13":"gs-odd","14":"gs-even","15":"gs-featured-content-entry"},"jetpack_featured_media_url":"https:\/\/www.redenoticia.com.br\/noticia\/imagens\/por-amor-resumo-globo.jpg","jetpack_sharing_enabled":true,"jetpack_likes_enabled":true,"_links":{"self":[{"href":"https:\/\/www.redenoticia.com.br\/noticia\/wp-json\/wp\/v2\/posts\/179762","targetHints":{"allow":["GET"]}}],"collection":[{"href":"https:\/\/www.redenoticia.com.br\/noticia\/wp-json\/wp\/v2\/posts"}],"about":[{"href":"https:\/\/www.redenoticia.com.br\/noticia\/wp-json\/wp\/v2\/types\/post"}],"author":[{"embeddable":true,"href":"https:\/\/www.redenoticia.com.br\/noticia\/wp-json\/wp\/v2\/users\/4"}],"replies":[{"embeddable":true,"href":"https:\/\/www.redenoticia.com.br\/noticia\/wp-json\/wp\/v2\/comments?post=179762"}],"version-history":[{"count":0,"href":"https:\/\/www.redenoticia.com.br\/noticia\/wp-json\/wp\/v2\/posts\/179762\/revisions"}],"wp:featuredmedia":[{"embeddable":true,"href":"https:\/\/www.redenoticia.com.br\/noticia\/wp-json\/wp\/v2\/media\/175308"}],"wp:attachment":[{"href":"https:\/\/www.redenoticia.com.br\/noticia\/wp-json\/wp\/v2\/media?parent=179762"}],"wp:term":[{"taxonomy":"category","embeddable":true,"href":"https:\/\/www.redenoticia.com.br\/noticia\/wp-json\/wp\/v2\/categories?post=179762"},{"taxonomy":"post_tag","embeddable":true,"href":"https:\/\/www.redenoticia.com.br\/noticia\/wp-json\/wp\/v2\/tags?post=179762"}],"curies":[{"name":"wp","href":"https:\/\/api.w.org\/{rel}","templated":true}]}}