{"id":179606,"date":"2019-07-25T16:12:06","date_gmt":"2019-07-25T19:12:06","guid":{"rendered":"https:\/\/www.redenoticia.com.br\/noticia\/?p=179606"},"modified":"2020-05-29T15:26:53","modified_gmt":"2020-05-29T18:26:53","slug":"resumo-novela-por-amor-26-07-laura-e-marcelo-passam-a-noite-juntos","status":"publish","type":"post","link":"https:\/\/www.redenoticia.com.br\/noticia\/2019\/resumo-novela-por-amor-26-07-laura-e-marcelo-passam-a-noite-juntos\/179606","title":{"rendered":"Resumo novela \u201cPor Amor\u201d 26\/07: Laura e Marcelo passam a noite juntos"},"content":{"rendered":"<p><strong><em><img loading=\"lazy\" decoding=\"async\" class=\"aligncenter size-large wp-image-175307\" src=\"https:\/\/www.redenoticia.com.br\/noticia\/imagens\/por-amor-globo-348x300.jpg\" alt=\"\" width=\"348\" height=\"300\" srcset=\"https:\/\/www.redenoticia.com.br\/noticia\/imagens\/por-amor-globo-348x300.jpg 348w, https:\/\/www.redenoticia.com.br\/noticia\/imagens\/por-amor-globo-217x187.jpg 217w, https:\/\/www.redenoticia.com.br\/noticia\/imagens\/por-amor-globo-534x462.jpg 534w, https:\/\/www.redenoticia.com.br\/noticia\/imagens\/por-amor-globo.jpg 584w\" sizes=\"auto, (max-width: 348px) 100vw, 348px\" \/>Resumo novela \u201cPor Amor\u201d 26\/07<\/em><\/strong>: no cap\u00edtulo 064(*) da novela, resumo de sexta-feira, 26 de julho, Laura pede a Marcelo para ajud\u00e1-la a apagar as velas. Envergonhado, ele assente. Os fot\u00f3grafos registram tudo. Eduarda conta a At\u00edlio que Catarina est\u00e1 gostando de Leonardo. Marcelo se embebeda. Orestes liga para Milena e L\u00eddia n\u00e3o gosta. Marcelo dan\u00e7a com Laura. Milena diz a Leonardo que acha que L\u00eddia contou a Branca sobre seu casamento com Nando propositadamente.<\/p>\n<p>Laura diz a Nat\u00e1lia que vai sair e pede que ela n\u00e3o conte nada a Meg. Laura leva Marcelo para o apartamento dele e eles transam. Sonhando, C\u00e9sar fala sobre a troca dos beb\u00eas. Mafalda ouve, mas n\u00e3o entende. C\u00e9sar decide se casar com Anita e viajar de f\u00e9rias em seguida. Marcelo acorda e se assusta ao ver Laura a seu lado.<\/p>\n<p>Laura diz a Marcelo que eles dormiram juntos, mas ele n\u00e3o consegue se lembrar de nada. Meg desconfia de que Laura n\u00e3o dormiu em casa. Branca constata que Marcelo passou a noite fora e deduz que ele est\u00e1 com Laura. Marcelo tenta humilhar Laura, mas ela ignora e continua repetindo que o ama.<\/p>\n<p>Eduarda diz a Helena que vai procurar emprego e ela sugere que a filha d\u00ea aulas de italiano. Vera vai ao quarto de Marcelo e v\u00ea Laura em sua cama. Marcelo tenta convencer a empregada a n\u00e3o contar a Eduarda. Magn\u00f3lia, Gen\u00e9sio e Oscar v\u00e3o \u00e0 praia. Meg decide realizar um grande baile a fantasia. Laura chega em sua casa pela manh\u00e3 e tenta convencer a m\u00e3e de que estava no clube.<\/p>\n<p>(*) edi\u00e7\u00e3o da Rede Globo, Novela \u201cPor Amor\u201d, sujeito a altera\u00e7\u00e3o de data e conte\u00fado.<\/p>\n<p>Sinopse: \u201cO que voc\u00ea faria por amor?\u201d Maria Eduarda (Gabriela Duarte) e sua m\u00e3e, Helena (Regina Duarte), viajam juntas por motivos opostos: a jovem despede-se da vida de solteira, e Helena procura esquecer o fim de um namoro. Elas conhecem o brilhante arquiteto At\u00edlio (Antonio Fagundes), tamb\u00e9m brasileiro.<\/p>\n<p>Enquanto isso, Marcelo desperta as maiores inseguran\u00e7as em sua futura esposa, Maria Eduarda. M\u00e3e e filha engravidam na mesma \u00e9poca e v\u00e3o para a maternidade juntas. Eduarda perde o \u00fatero no parto e d\u00e1 \u00e0 luz um beb\u00ea doente, que morre logo em seguida. Helena, por sua vez, d\u00e1 \u00e0 luz uma crian\u00e7a saud\u00e1vel e implora para que C\u00e9sar (Marcelo Serrado) \u2013 o m\u00e9dico amigo que as atendia \u2013 troque as crian\u00e7as. No \u00faltimo cap\u00edtulo todos descobrem a troca das crian\u00e7as.<\/p>\n","protected":false},"excerpt":{"rendered":"<p>Resumo novela \u201cPor Amor\u201d 26\/07: no cap\u00edtulo 064(*) da novela, resumo de sexta-feira, 26 de julho, Laura pede a Marcelo para ajud\u00e1-la a apagar as velas. Envergonhado, ele assente. Os fot\u00f3grafos registram tudo. Eduarda conta a At\u00edlio que Catarina est\u00e1 gostando de Leonardo. Marcelo se embebeda. Orestes liga para Milena e L\u00eddia n\u00e3o gosta. Marcelo [&hellip;]<\/p>\n","protected":false},"author":4,"featured_media":175308,"comment_status":"open","ping_status":"closed","sticky":false,"template":"","format":"standard","meta":{"_genesis_hide_title":false,"_genesis_hide_breadcrumbs":false,"_genesis_hide_singular_image":false,"_genesis_hide_footer_widgets":false,"_genesis_custom_body_class":"","_genesis_custom_post_class":"","_genesis_layout":"","_jetpack_memberships_contains_paid_content":false,"footnotes":""},"categories":[379,375,343],"tags":[441],"class_list":{"0":"post-179606","1":"post","2":"type-post","3":"status-publish","4":"format-standard","5":"has-post-thumbnail","7":"category-novelas","8":"category-rede-globo","9":"category-televisao","10":"tag-resumo-do-dia","11":"entry","12":"gs-1","13":"gs-odd","14":"gs-even","15":"gs-featured-content-entry"},"jetpack_featured_media_url":"https:\/\/www.redenoticia.com.br\/noticia\/imagens\/por-amor-resumo-globo.jpg","jetpack_sharing_enabled":true,"jetpack_likes_enabled":true,"_links":{"self":[{"href":"https:\/\/www.redenoticia.com.br\/noticia\/wp-json\/wp\/v2\/posts\/179606","targetHints":{"allow":["GET"]}}],"collection":[{"href":"https:\/\/www.redenoticia.com.br\/noticia\/wp-json\/wp\/v2\/posts"}],"about":[{"href":"https:\/\/www.redenoticia.com.br\/noticia\/wp-json\/wp\/v2\/types\/post"}],"author":[{"embeddable":true,"href":"https:\/\/www.redenoticia.com.br\/noticia\/wp-json\/wp\/v2\/users\/4"}],"replies":[{"embeddable":true,"href":"https:\/\/www.redenoticia.com.br\/noticia\/wp-json\/wp\/v2\/comments?post=179606"}],"version-history":[{"count":0,"href":"https:\/\/www.redenoticia.com.br\/noticia\/wp-json\/wp\/v2\/posts\/179606\/revisions"}],"wp:featuredmedia":[{"embeddable":true,"href":"https:\/\/www.redenoticia.com.br\/noticia\/wp-json\/wp\/v2\/media\/175308"}],"wp:attachment":[{"href":"https:\/\/www.redenoticia.com.br\/noticia\/wp-json\/wp\/v2\/media?parent=179606"}],"wp:term":[{"taxonomy":"category","embeddable":true,"href":"https:\/\/www.redenoticia.com.br\/noticia\/wp-json\/wp\/v2\/categories?post=179606"},{"taxonomy":"post_tag","embeddable":true,"href":"https:\/\/www.redenoticia.com.br\/noticia\/wp-json\/wp\/v2\/tags?post=179606"}],"curies":[{"name":"wp","href":"https:\/\/api.w.org\/{rel}","templated":true}]}}