{"id":179553,"date":"2019-07-24T16:06:54","date_gmt":"2019-07-24T19:06:54","guid":{"rendered":"https:\/\/www.redenoticia.com.br\/noticia\/?p=179553"},"modified":"2020-05-29T15:26:51","modified_gmt":"2020-05-29T18:26:51","slug":"resumo-novela-por-amor-25-07-marcelo-vai-a-festa-de-laura","status":"publish","type":"post","link":"https:\/\/www.redenoticia.com.br\/noticia\/2019\/resumo-novela-por-amor-25-07-marcelo-vai-a-festa-de-laura\/179553","title":{"rendered":"Resumo novela \u201cPor Amor\u201d 25\/07: Marcelo vai a festa de Laura"},"content":{"rendered":"<p><strong><em><img loading=\"lazy\" decoding=\"async\" class=\"aligncenter size-large wp-image-175307\" src=\"https:\/\/www.redenoticia.com.br\/noticia\/imagens\/por-amor-globo-348x300.jpg\" alt=\"\" width=\"348\" height=\"300\" srcset=\"https:\/\/www.redenoticia.com.br\/noticia\/imagens\/por-amor-globo-348x300.jpg 348w, https:\/\/www.redenoticia.com.br\/noticia\/imagens\/por-amor-globo-217x187.jpg 217w, https:\/\/www.redenoticia.com.br\/noticia\/imagens\/por-amor-globo-534x462.jpg 534w, https:\/\/www.redenoticia.com.br\/noticia\/imagens\/por-amor-globo.jpg 584w\" sizes=\"auto, (max-width: 348px) 100vw, 348px\" \/>Resumo novela \u201cPor Amor\u201d 25\/07<\/em><\/strong>: no cap\u00edtulo 063(*) da novela, resumo de quinta-feira, 25 de julho, Leonardo tenta disfar\u00e7ar, mas Branca lhe diz que j\u00e1 sabe que Arnaldo a est\u00e1 traindo e gastando uma fortuna em joias com sua amante. Branca se insinua para At\u00edlio. Catarina revela a Eduarda que est\u00e1 gostando de Leonardo. L\u00eddia n\u00e3o gosta de saber que Milena contratou outro advogado para defender Nando. Marcelo liga para Eduarda para saber de Marcelinho. At\u00edlio vai a um bar com Marcelo, Laura, Leonardo e Milena.<\/p>\n<p>Depois que todos v\u00e3o embora, Laura fica no bar e encontra C\u00e9sar, que comenta que Eduarda merece um homem melhor que Marcelo. Branca decide reaver as joias que Arnaldo deu \u00e0 amante. Laura vai ao escrit\u00f3rio de Marcelo e relata a conversa que teve com C\u00e9sar. Marcelo vai ao consult\u00f3rio de C\u00e9sar tirar satisfa\u00e7\u00e3o.<\/p>\n<p>Marcelo e C\u00e9sar discutem e acabam trocando socos. Dr. Moretti interrompe a briga e expulsa Marcelo do consult\u00f3rio. Milena diz a Laura que n\u00e3o tem \u00e2nimo para comparecer \u00e0 sua festa de anivers\u00e1rio. Meg diz a Laura que Nando pode ficar preso durante muito tempo. Anita cuida dos ferimentos de C\u00e9sar. Dr. Moretti diz que C\u00e9sar n\u00e3o tem mais jeito e Antenor e Mafalda lhe pedem para dar mais uma chance ao filho.<\/p>\n<p>Leonardo consola Milena. Sandrinha sente falta de Nando e estranha o comportamento da m\u00e3e. Come\u00e7a a festa de Laura. Pedro liga para Helena, que se preocupa com seu tom de voz. Branca tenta, em v\u00e3o, convencer Milena a ir \u00e0 festa. Marcelo chega \u00e0 casa de Meg no momento em que Laura est\u00e1 prestes a cortar o bolo.<\/p>\n<p>(*) edi\u00e7\u00e3o da Rede Globo, Novela \u201cPor Amor\u201d, sujeito a altera\u00e7\u00e3o de data e conte\u00fado.<\/p>\n<p>Sinopse: \u201cO que voc\u00ea faria por amor?\u201d Maria Eduarda (Gabriela Duarte) e sua m\u00e3e, Helena (Regina Duarte), viajam juntas por motivos opostos: a jovem despede-se da vida de solteira, e Helena procura esquecer o fim de um namoro. Elas conhecem o brilhante arquiteto At\u00edlio (Antonio Fagundes), tamb\u00e9m brasileiro.<\/p>\n<p>Enquanto isso, Marcelo desperta as maiores inseguran\u00e7as em sua futura esposa, Maria Eduarda. M\u00e3e e filha engravidam na mesma \u00e9poca e v\u00e3o para a maternidade juntas. Eduarda perde o \u00fatero no parto e d\u00e1 \u00e0 luz um beb\u00ea doente, que morre logo em seguida. Helena, por sua vez, d\u00e1 \u00e0 luz uma crian\u00e7a saud\u00e1vel e implora para que C\u00e9sar (Marcelo Serrado) \u2013 o m\u00e9dico amigo que as atendia \u2013 troque as crian\u00e7as. No \u00faltimo cap\u00edtulo todos descobrem a troca das crian\u00e7as.<\/p>\n","protected":false},"excerpt":{"rendered":"<p>Resumo novela \u201cPor Amor\u201d 25\/07: no cap\u00edtulo 063(*) da novela, resumo de quinta-feira, 25 de julho, Leonardo tenta disfar\u00e7ar, mas Branca lhe diz que j\u00e1 sabe que Arnaldo a est\u00e1 traindo e gastando uma fortuna em joias com sua amante. Branca se insinua para At\u00edlio. Catarina revela a Eduarda que est\u00e1 gostando de Leonardo. L\u00eddia [&hellip;]<\/p>\n","protected":false},"author":4,"featured_media":175308,"comment_status":"open","ping_status":"closed","sticky":false,"template":"","format":"standard","meta":{"_genesis_hide_title":false,"_genesis_hide_breadcrumbs":false,"_genesis_hide_singular_image":false,"_genesis_hide_footer_widgets":false,"_genesis_custom_body_class":"","_genesis_custom_post_class":"","_genesis_layout":"","_jetpack_memberships_contains_paid_content":false,"footnotes":""},"categories":[379,375,343],"tags":[441],"class_list":{"0":"post-179553","1":"post","2":"type-post","3":"status-publish","4":"format-standard","5":"has-post-thumbnail","7":"category-novelas","8":"category-rede-globo","9":"category-televisao","10":"tag-resumo-do-dia","11":"entry","12":"gs-1","13":"gs-odd","14":"gs-even","15":"gs-featured-content-entry"},"jetpack_featured_media_url":"https:\/\/www.redenoticia.com.br\/noticia\/imagens\/por-amor-resumo-globo.jpg","jetpack_sharing_enabled":true,"jetpack_likes_enabled":true,"_links":{"self":[{"href":"https:\/\/www.redenoticia.com.br\/noticia\/wp-json\/wp\/v2\/posts\/179553","targetHints":{"allow":["GET"]}}],"collection":[{"href":"https:\/\/www.redenoticia.com.br\/noticia\/wp-json\/wp\/v2\/posts"}],"about":[{"href":"https:\/\/www.redenoticia.com.br\/noticia\/wp-json\/wp\/v2\/types\/post"}],"author":[{"embeddable":true,"href":"https:\/\/www.redenoticia.com.br\/noticia\/wp-json\/wp\/v2\/users\/4"}],"replies":[{"embeddable":true,"href":"https:\/\/www.redenoticia.com.br\/noticia\/wp-json\/wp\/v2\/comments?post=179553"}],"version-history":[{"count":0,"href":"https:\/\/www.redenoticia.com.br\/noticia\/wp-json\/wp\/v2\/posts\/179553\/revisions"}],"wp:featuredmedia":[{"embeddable":true,"href":"https:\/\/www.redenoticia.com.br\/noticia\/wp-json\/wp\/v2\/media\/175308"}],"wp:attachment":[{"href":"https:\/\/www.redenoticia.com.br\/noticia\/wp-json\/wp\/v2\/media?parent=179553"}],"wp:term":[{"taxonomy":"category","embeddable":true,"href":"https:\/\/www.redenoticia.com.br\/noticia\/wp-json\/wp\/v2\/categories?post=179553"},{"taxonomy":"post_tag","embeddable":true,"href":"https:\/\/www.redenoticia.com.br\/noticia\/wp-json\/wp\/v2\/tags?post=179553"}],"curies":[{"name":"wp","href":"https:\/\/api.w.org\/{rel}","templated":true}]}}