{"id":179117,"date":"2019-07-15T15:40:02","date_gmt":"2019-07-15T18:40:02","guid":{"rendered":"https:\/\/www.redenoticia.com.br\/noticia\/?p=179117"},"modified":"2020-05-29T15:26:35","modified_gmt":"2020-05-29T18:26:35","slug":"resumo-novela-a-que-nao-podia-amar-16-07-rogerio-resolve-assumir-o-bebe-de-ana","status":"publish","type":"post","link":"https:\/\/www.redenoticia.com.br\/noticia\/2019\/resumo-novela-a-que-nao-podia-amar-16-07-rogerio-resolve-assumir-o-bebe-de-ana\/179117","title":{"rendered":"Resumo novela \u201cA Que N\u00e3o Podia Amar\u201d 16\/07: Rog\u00e9rio resolve assumir o beb\u00ea de Ana"},"content":{"rendered":"<p><strong><em><img loading=\"lazy\" decoding=\"async\" class=\"aligncenter size-large wp-image-173635\" src=\"https:\/\/www.redenoticia.com.br\/noticia\/imagens\/a-que-nao-podia-amar-400x271.jpg\" alt=\"\" width=\"400\" height=\"271\" srcset=\"https:\/\/www.redenoticia.com.br\/noticia\/imagens\/a-que-nao-podia-amar-400x271.jpg 400w, https:\/\/www.redenoticia.com.br\/noticia\/imagens\/a-que-nao-podia-amar-250x169.jpg 250w, https:\/\/www.redenoticia.com.br\/noticia\/imagens\/a-que-nao-podia-amar-560x379.jpg 560w, https:\/\/www.redenoticia.com.br\/noticia\/imagens\/a-que-nao-podia-amar.jpg 620w\" sizes=\"auto, (max-width: 400px) 100vw, 400px\" \/><\/em><\/strong><\/p>\n<p>Resumo da novela<strong><em> \u201cA Que N\u00e3o Podia Amar\u201d&nbsp;<\/em><\/strong> em 16\/07: no cap\u00edtulo 072(*) da novela, ter\u00e7a-feira, 16 de julho, b\u00eabado, Rog\u00e9rio quer saber o que Gustavo pensa sobre Ana Paula estar esperando um filho de outro homem. Antes que o engenheiro responda, Maria entra no escrit\u00f3rio e interrompe a conversa. Rog\u00e9rio acaba dormindo. Maria agradece Gustavo por n\u00e3o ter dito que \u00e9 o pai do filho de Ana Paula, o irm\u00e3o de Mercedes responde que o fazendeiro n\u00e3o est\u00e1 em condi\u00e7\u00f5es, mas que vai falar com Rog\u00e9rio. Ele alega que n\u00e3o vai contar que \u00e9 o pai da crian\u00e7a, mas vai contar que \u00e9 uma gravidez de risco. M\u00e1rcia tenta explicar a Consuelo o porqu\u00ea se envolveu com Elias. A mo\u00e7a diz que n\u00e3o vai contar nada a Ulisses, mas que vai deixar de trabalhar para ela e para seu marido.<\/p>\n<p>Rosaura acorda Rog\u00e9rio e diz ao fazendeiro que imagina que ele n\u00e3o gostaria que o beb\u00ea nascesse. O irm\u00e3o de C\u00edntia fica furioso com a proposta e a expulsa do escrit\u00f3rio. Maria repreende Rosaura dizendo que ela n\u00e3o pensa no que faz, enquanto sua sobrinha e o beb\u00ea dela est\u00e3o correndo risco de vida. Rog\u00e9rio escuta e pergunta do que Maria est\u00e1 falando. Consuelo enfrenta Elias e pergunta se ele n\u00e3o preferia que sua amante o atendesse. Rog\u00e9rio pede para Daniela deix\u00e1-lo \u00e0 s\u00f3s com Ana Paula. Enquanto a esposa dorme, o fazendeiro se declara dizendo que a ama e que s\u00f3 se importa que ela esteja bem, ele diz que n\u00e3o sabia que ela corria risco de vida, mas promete que vai cuidar e apoiar a amada. Elias convence Consuelo a n\u00e3o contar nada a Ulisses.<\/p>\n<p>Gustavo diz a C\u00edntia que n\u00e3o vai permitir que Ana Paula fique mal por causa da f\u00faria de Rog\u00e9rio. Rog\u00e9rio enfrenta Ernesto por n\u00e3o ter contado nada sobre o estado de Ana Paula. M\u00e1rcia diz a Elias que tem medo de como as coisas est\u00e3o fluindo, mas ele a tranquiliza. Ernesto diz a Rog\u00e9rio que Ana Paula n\u00e3o pode se alterar, pois tanto o beb\u00ea quanto ela poderiam morrer. Vanessa volta a acusar David e Bruno pela contamina\u00e7\u00e3o do gado de Rog\u00e9rio por clembuterol, mas os dois negam que sejam respons\u00e1veis. Gustavo tenta convencer a C\u00edntia a contar os problemas da fazenda para Rog\u00e9rio, mas ela alega ter medo da rea\u00e7\u00e3o do irm\u00e3o. Gustavo se prepara para ir ao quarto de Ana Paula, mas Ernesto impede. Ana Paula diz a Miguel e Daniela que n\u00e3o quer ficar na fazenda e que lhe d\u00f3i ter decepcionado tanto a Rog\u00e9rio.<\/p>\n<p>Gustavo conversa com Ernesto sobre sua situa\u00e7\u00e3o com Ana Paula. Enquanto isso, a mo\u00e7a se preocupa com a situa\u00e7\u00e3o legal do seu irm\u00e3o e com um poss\u00edvel processo pelo rompimento do contrato, caso Rog\u00e9rio a expulse da fazenda. Mercedes pergunta a C\u00edntia se ela acredita que Rog\u00e9rio poderia machucar Ana Paula ou o beb\u00ea, a irm\u00e3 do fazendeiro responde que ele sempre foi muito violento e impulsivo, mas com a cunhada sempre agiu diferente. C\u00edntia diz que acredita que Rog\u00e9rio n\u00e3o vai perdoar a esposa e que ela provavelmente ter\u00e1 que ir embora da fazenda. Rog\u00e9rio vai ao quarto conversar com Ana Paula. Ele diz que um filho \u00e9 a \u00fanica coisa que n\u00e3o pode lhe dar, lhe assegura que ela vai continuar na fazenda para cumprir o contrato e que ele assumir\u00e1 o beb\u00ea. Por outro lado, C\u00edntia diz a Vanessa que o melhor para todos \u00e9 que Ana Paula perca o filho e v\u00e1 embora da fazenda de uma vez por todas. Ana Paula se surpreende com a proposta de Rog\u00e9rio.<\/p>\n<p>C\u00edntia acusa Bruno de n\u00e3o estar ajudando a resolver nenhum dos problemas da fazenda, e diz que ele precisa come\u00e7ar a resolver os problemas rapidamente. Ulisses questiona M\u00e1rcia e Consuelo do porqu\u00ea est\u00e3o t\u00e3o estranhas, Consuelo responde que \u00e9 por causa de Elias e inventa uma hist\u00f3ria. Vanessa procura Ana Paula para dizer que ela vai ficar sem nada, e que quando for embora da fazenda, vai recuperar o amor de Rog\u00e9rio. Ela ainda acusa a sobrinha de Rosaura de ter se casado apenas por interesse. Rosaura tenta animar Ana Paula e lhe alimentar, mas a mo\u00e7a se recusa. Rosaura diz a Gustavo que deixe Ana Paula descansar em paz. Ela ainda conta que Rog\u00e9rio perdoou a Ana porque a ama, lhe assegura que escutou quando o fazendeiro disse \u00e0 sua sobrinha que a aceitava com tudo e com seu filho, o engenheiro n\u00e3o consegue acreditar no que escuta.<\/p>\n<p>Gustavo diz que Rog\u00e9rio jamais ficar\u00e1 com Ana Paula e com seu filho. Momentos depois, Bruno diz a Rog\u00e9rio que entende como ele se sente pela gravidez de Paula, mas lhe explica que nem tudo est\u00e1 perdido, pois essa crian\u00e7a poderia ser sua legalmente. Zombando, Vanessa conta a C\u00edntia sobre a discuss\u00e3o com Ana Paula. A irm\u00e3 de Rog\u00e9rio torce para que a cunhada piore e perca o beb\u00ea. Consuelo se distrai com a situa\u00e7\u00e3o Elias e M\u00e1rcia e n\u00e3o consegue se concentrar no trabalho. Ana Paula diz a Rog\u00e9rio que antes de decidir qualquer coisa, precisa falar com o pai do beb\u00ea, pois antes de seus desejos est\u00e3o os direitos dele. O fazendeiro sugere conversar e negociar com o pai da crian\u00e7a, e estende o celular para que a esposa ligue para o ex-namorado para marcar um encontro.<\/p>\n<p>(*) edi\u00e7\u00e3o do SBT, Novela \u201cA Que N\u00e3o Podia Amar\u201d, sujeito a altera\u00e7\u00e3o de data e conte\u00fado.<\/p>\n<p>Destaques<\/p>\n<p>&#8220;A Que N\u00e3o Podia Amar&#8221;- Ana Paula, uma enfermeira humilde que se v\u00ea obrigada a trabalhar na casa de Rog\u00e9rio Montero (Jorge Salinas), um homem amargurado. Rog\u00e9rio sofre por ser parapl\u00e9gico e destrata todas as pessoas. Ana Paula atura tudo calada e o rica\u00e7o se apaixona por ela.<\/p>\n<p>Ana conhece Gustavo Duran (Jos\u00e9 Ron), um engenheiro nobre e trabalhador. Os dois se apaixonam, mas ter\u00e3o de enfrentar Rog\u00e9rio, j\u00e1 que ele tamb\u00e9m gosta da mocinha, formando assim, um tri\u00e2ngulo amoroso com terr\u00edveis consequ\u00eancias.<\/p>\n","protected":false},"excerpt":{"rendered":"<p>Resumo da novela \u201cA Que N\u00e3o Podia Amar\u201d&nbsp; em 16\/07: no cap\u00edtulo 072(*) da novela, ter\u00e7a-feira, 16 de julho, b\u00eabado, Rog\u00e9rio quer saber o que Gustavo pensa sobre Ana Paula estar esperando um filho de outro homem. Antes que o engenheiro responda, Maria entra no escrit\u00f3rio e interrompe a conversa. Rog\u00e9rio acaba dormindo. Maria agradece [&hellip;]<\/p>\n","protected":false},"author":4,"featured_media":173627,"comment_status":"open","ping_status":"closed","sticky":false,"template":"","format":"standard","meta":{"_genesis_hide_title":false,"_genesis_hide_breadcrumbs":false,"_genesis_hide_singular_image":false,"_genesis_hide_footer_widgets":false,"_genesis_custom_body_class":"","_genesis_custom_post_class":"","_genesis_layout":"","_jetpack_memberships_contains_paid_content":false,"footnotes":""},"categories":[379,372,343],"tags":[441],"class_list":{"0":"post-179117","1":"post","2":"type-post","3":"status-publish","4":"format-standard","5":"has-post-thumbnail","7":"category-novelas","8":"category-sbt","9":"category-televisao","10":"tag-resumo-do-dia","11":"entry","12":"gs-1","13":"gs-odd","14":"gs-even","15":"gs-featured-content-entry"},"jetpack_featured_media_url":"https:\/\/www.redenoticia.com.br\/noticia\/imagens\/a-que-nao-podia-amar-sbt-01.jpg","jetpack_sharing_enabled":true,"jetpack_likes_enabled":true,"_links":{"self":[{"href":"https:\/\/www.redenoticia.com.br\/noticia\/wp-json\/wp\/v2\/posts\/179117","targetHints":{"allow":["GET"]}}],"collection":[{"href":"https:\/\/www.redenoticia.com.br\/noticia\/wp-json\/wp\/v2\/posts"}],"about":[{"href":"https:\/\/www.redenoticia.com.br\/noticia\/wp-json\/wp\/v2\/types\/post"}],"author":[{"embeddable":true,"href":"https:\/\/www.redenoticia.com.br\/noticia\/wp-json\/wp\/v2\/users\/4"}],"replies":[{"embeddable":true,"href":"https:\/\/www.redenoticia.com.br\/noticia\/wp-json\/wp\/v2\/comments?post=179117"}],"version-history":[{"count":0,"href":"https:\/\/www.redenoticia.com.br\/noticia\/wp-json\/wp\/v2\/posts\/179117\/revisions"}],"wp:featuredmedia":[{"embeddable":true,"href":"https:\/\/www.redenoticia.com.br\/noticia\/wp-json\/wp\/v2\/media\/173627"}],"wp:attachment":[{"href":"https:\/\/www.redenoticia.com.br\/noticia\/wp-json\/wp\/v2\/media?parent=179117"}],"wp:term":[{"taxonomy":"category","embeddable":true,"href":"https:\/\/www.redenoticia.com.br\/noticia\/wp-json\/wp\/v2\/categories?post=179117"},{"taxonomy":"post_tag","embeddable":true,"href":"https:\/\/www.redenoticia.com.br\/noticia\/wp-json\/wp\/v2\/tags?post=179117"}],"curies":[{"name":"wp","href":"https:\/\/api.w.org\/{rel}","templated":true}]}}