{"id":179115,"date":"2019-07-15T15:38:47","date_gmt":"2019-07-15T18:38:47","guid":{"rendered":"https:\/\/www.redenoticia.com.br\/noticia\/?p=179115"},"modified":"2019-07-15T15:38:55","modified_gmt":"2019-07-15T18:38:55","slug":"resumo-novela-a-dona-16-07-ivana-vai-para-a-capital-atras-de-jose-miguel","status":"publish","type":"post","link":"https:\/\/www.redenoticia.com.br\/noticia\/2019\/resumo-novela-a-dona-16-07-ivana-vai-para-a-capital-atras-de-jose-miguel\/179115","title":{"rendered":"Resumo novela \u201cA Dona\u201d 16\/07: Ivana vai para a capital atr\u00e1s de Jos\u00e9 Miguel"},"content":{"rendered":"<p><img loading=\"lazy\" decoding=\"async\" class=\"aligncenter size-large wp-image-173633\" src=\"https:\/\/www.redenoticia.com.br\/noticia\/imagens\/a-dona-270x300.jpg\" alt=\"\" width=\"270\" height=\"300\" srcset=\"https:\/\/www.redenoticia.com.br\/noticia\/imagens\/a-dona-270x300.jpg 270w, https:\/\/www.redenoticia.com.br\/noticia\/imagens\/a-dona-168x187.jpg 168w, https:\/\/www.redenoticia.com.br\/noticia\/imagens\/a-dona.jpg 380w\" sizes=\"auto, (max-width: 270px) 100vw, 270px\" \/>Resumo da novela <strong><em>\u201cA Dona&#8221;<\/em><\/strong> em 16\/07: no cap\u00edtulo 077(*) da novela, ter\u00e7a-feira, 16 de julho, Leonor diz a Ivana que ela precisa ir atr\u00e1s de Jos\u00e9 Miguel e assim evitar que ele venda a sua casa na capital, e principalmente, que consiga achar e falar com Marc\u00e9lia. Sandra diz a Henriqueta que ela j\u00e1 pode se alegrar, pois n\u00e3o tem mais nada com Felipe. Ivana diz a sua m\u00e3e e a Valentina que Jos\u00e9 Miguel est\u00e1 na capital resolvendo assuntos importantes e a pediu que o seguisse alguns dias depois de ter ido. Ela afirma que eles ainda n\u00e3o marcaram a data do casamento, mas que talvez assim que regressem da capital, o fa\u00e7am. Ivana diz a Valentina que espera que ela aceite de bom grado o pedido de sua m\u00e3o, que ser\u00e1 feito por Jos\u00e9 Miguel, pois \u00e9 melhor que aceite sua derrota.<\/p>\n<p>Cristina, furiosa, reclama com Maria da Luz por ter pego a roupa suja de sangue de Rodrigo, e a diz que se a filha ousar estragar sua felicidade, jamais a perdoar\u00e1, pois ela confia em Rodrigo e precisa dele para ser feliz. Come\u00e7am as propagandas da escola de Valentina e no povoado todo espalha se um rumor de que os pais que permitirem que seus filhos frequentem essa escola estar\u00e3o arriscando as vidas das crian\u00e7as. Tim\u00f3teo ouve isso e diz que \u00e9 pura bobagem. Jos\u00e9 Miguel se surpreende ao ver Ivana.<\/p>\n<p>Sorrindo, ela diz que quer demonstrar que ele conta com ela para tudo. Jos\u00e9 a pergunta aonde ela ficar\u00e1 hospedada. Ivana diz que ficar\u00e1 na casa de Valentina na capital, mas espera que possam se ver e jantar juntos. Jos\u00e9 Miguel diz que ligar\u00e1 para ela assim que ele se desocupe, mas que no momento n\u00e3o pode dar aten\u00e7\u00e3o. Rodrigo adverte Filadelfo que n\u00e3o quer mais v\u00ea-lo em sua casa. Sabino diz a Leonor que falar\u00e1 com Jos\u00e9 Miguel sobre tudo o que sabe. Leonor diz que ele pode dizer. Ele completa que poupar\u00e1 o assunto do romance de Leonor com Rodrigo, mas n\u00e3o por ela, mas por Jos\u00e9 Miguel.<\/p>\n<p>(*) edi\u00e7\u00e3o do SBT, Novela \u201cA Dona\u201d, sujeito a altera\u00e7\u00e3o de data e conte\u00fado.<\/p>\n<p>Destaques<\/p>\n<p>&#8220;A Dona&#8221; &#8211; Valentina Vila\u00e7a (Lucero) \u00e9 uma mulher que tem uma grande fortuna, que seus pais deixaram para ela quando morreram em um acidente de carro. Ela tem uma mans\u00e3o na Cidade do M\u00e9xico, onde vive com sua tia Isabel Rangel de Dorantes (Silvia Pinal), e sua prima Ivana Dorantes Rangel (Gabriela Spanic) que trata Valentina com muita indiferen\u00e7a e sente inveja dela.<\/p>\n<p>Tudo muda para Valentina quando seu noivo Alonso Penalva (David Zepeda), tramando com Ivana no dia de seu casamento, a deixa esperando no altar. A partir da\u00ed, Valentina se torna uma mulher amarga, e vai para sua fazenda, no interior. Chegando l\u00e1, ela conhece seu vizinho Jos\u00e9 Miguel Montesinos (Fernando Colunga).<\/p>\n","protected":false},"excerpt":{"rendered":"<p>Resumo da novela \u201cA Dona&#8221; em 16\/07: no cap\u00edtulo 077(*) da novela, ter\u00e7a-feira, 16 de julho, Leonor diz a Ivana que ela precisa ir atr\u00e1s de Jos\u00e9 Miguel e assim evitar que ele venda a sua casa na capital, e principalmente, que consiga achar e falar com Marc\u00e9lia. Sandra diz a Henriqueta que ela j\u00e1 [&hellip;]<\/p>\n","protected":false},"author":4,"featured_media":173626,"comment_status":"open","ping_status":"closed","sticky":false,"template":"","format":"standard","meta":{"_genesis_hide_title":false,"_genesis_hide_breadcrumbs":false,"_genesis_hide_singular_image":false,"_genesis_hide_footer_widgets":false,"_genesis_custom_body_class":"","_genesis_custom_post_class":"","_genesis_layout":"","_jetpack_memberships_contains_paid_content":false,"footnotes":""},"categories":[379,372,343],"tags":[441],"class_list":{"0":"post-179115","1":"post","2":"type-post","3":"status-publish","4":"format-standard","5":"has-post-thumbnail","7":"category-novelas","8":"category-sbt","9":"category-televisao","10":"tag-resumo-do-dia","11":"entry","12":"gs-1","13":"gs-odd","14":"gs-even","15":"gs-featured-content-entry"},"jetpack_featured_media_url":"https:\/\/www.redenoticia.com.br\/noticia\/imagens\/a-dona-03.jpg","jetpack_sharing_enabled":true,"jetpack_likes_enabled":true,"_links":{"self":[{"href":"https:\/\/www.redenoticia.com.br\/noticia\/wp-json\/wp\/v2\/posts\/179115","targetHints":{"allow":["GET"]}}],"collection":[{"href":"https:\/\/www.redenoticia.com.br\/noticia\/wp-json\/wp\/v2\/posts"}],"about":[{"href":"https:\/\/www.redenoticia.com.br\/noticia\/wp-json\/wp\/v2\/types\/post"}],"author":[{"embeddable":true,"href":"https:\/\/www.redenoticia.com.br\/noticia\/wp-json\/wp\/v2\/users\/4"}],"replies":[{"embeddable":true,"href":"https:\/\/www.redenoticia.com.br\/noticia\/wp-json\/wp\/v2\/comments?post=179115"}],"version-history":[{"count":0,"href":"https:\/\/www.redenoticia.com.br\/noticia\/wp-json\/wp\/v2\/posts\/179115\/revisions"}],"wp:featuredmedia":[{"embeddable":true,"href":"https:\/\/www.redenoticia.com.br\/noticia\/wp-json\/wp\/v2\/media\/173626"}],"wp:attachment":[{"href":"https:\/\/www.redenoticia.com.br\/noticia\/wp-json\/wp\/v2\/media?parent=179115"}],"wp:term":[{"taxonomy":"category","embeddable":true,"href":"https:\/\/www.redenoticia.com.br\/noticia\/wp-json\/wp\/v2\/categories?post=179115"},{"taxonomy":"post_tag","embeddable":true,"href":"https:\/\/www.redenoticia.com.br\/noticia\/wp-json\/wp\/v2\/tags?post=179115"}],"curies":[{"name":"wp","href":"https:\/\/api.w.org\/{rel}","templated":true}]}}