{"id":178945,"date":"2019-07-11T15:58:57","date_gmt":"2019-07-11T18:58:57","guid":{"rendered":"https:\/\/www.redenoticia.com.br\/noticia\/?p=178945"},"modified":"2020-05-29T15:26:30","modified_gmt":"2020-05-29T18:26:30","slug":"resumo-novela-a-que-nao-podia-amar-12-07-gustavo-ve-rodrigo-e-o-recrimina-por-querer-mata-lo","status":"publish","type":"post","link":"https:\/\/www.redenoticia.com.br\/noticia\/2019\/resumo-novela-a-que-nao-podia-amar-12-07-gustavo-ve-rodrigo-e-o-recrimina-por-querer-mata-lo\/178945","title":{"rendered":"Resumo novela \u201cA Que N\u00e3o Podia Amar\u201d 12\/07: Gustavo v\u00ea Rodrigo e o recrimina por querer mat\u00e1-lo"},"content":{"rendered":"<p><strong><em><img loading=\"lazy\" decoding=\"async\" class=\"aligncenter size-large wp-image-173635\" src=\"https:\/\/www.redenoticia.com.br\/noticia\/imagens\/a-que-nao-podia-amar-400x271.jpg\" alt=\"\" width=\"400\" height=\"271\" srcset=\"https:\/\/www.redenoticia.com.br\/noticia\/imagens\/a-que-nao-podia-amar-400x271.jpg 400w, https:\/\/www.redenoticia.com.br\/noticia\/imagens\/a-que-nao-podia-amar-250x169.jpg 250w, https:\/\/www.redenoticia.com.br\/noticia\/imagens\/a-que-nao-podia-amar-560x379.jpg 560w, https:\/\/www.redenoticia.com.br\/noticia\/imagens\/a-que-nao-podia-amar.jpg 620w\" sizes=\"auto, (max-width: 400px) 100vw, 400px\" \/><\/em><\/strong><\/p>\n<p>Resumo da novela<strong><em> \u201cA Que N\u00e3o Podia Amar\u201d&nbsp;<\/em><\/strong> em 12\/07: no cap\u00edtulo 070(*) da novela, sexta-feira, 12 de julho, Ana Paula diz a Daniela e Miguel que est\u00e1 preocupada, pois Rog\u00e9rio a deixou \u00e0 frente da fazenda e ela n\u00e3o est\u00e1 podendo fazer nada. Dani a tranquiliza e diz que tudo est\u00e1 seguindo seu rumo. O casal ainda conta que andaram investigando a morte de Mariana e desconfiam de Rodrigo, um homem que trabalha com Bruno. C\u00edntia re\u00fane os empregados e informa que como Rog\u00e9rio est\u00e1 viajando e Ana Paula doente, ela assume o controle da fazenda. C\u00edntia diz que n\u00e3o precisam mais vigiar os animais para evitar a contamina\u00e7\u00e3o do clembuterol e que todos devem se reportar a Elias. Mercedes se irrita por Gustavo estar disposto a se endividar para cuidar de Ana Paula e do beb\u00ea. Bruno conta a Ana Paula que C\u00edntia assumiu o controle da fazenda e pede para ela se tranquilizar.<\/p>\n<p>Ana Paula questiona Bruno sobre Rodrigo, alegando que este \u00faltimo andou assediando Mariana e Consuelo. A mo\u00e7a alega que desconfia que ele esteja envolvido na morte de Mariana. C\u00edntia oferece uma grande quantidade de dinheiro a Gustavo para que ele possa cobrir todos os gastos com Ana Paula e mantenha em segredo que o filho que ela espera \u00e9 dele. Gustavo tenta recusar o dinheiro, mas a irm\u00e3 de Rog\u00e9rio insiste para que ele aceite. Gustavo pergunta o que aconteceu quando Ana Paula passou mal e C\u00edntia diz que a cunhada ficou sabendo que Gustavo tinha ido conversar com Rog\u00e9rio. Rodrigo agarra Consuelo e Miguel o defende. Os criadores de gado chegam com uma ordem para realizar testes sobre a presen\u00e7a de clembuterol no gado da fazenda. Rodrigo d\u00e1 um soco em Miguel, quando Gustavo v\u00ea Rodrigo de longe e corre para alcan\u00e7\u00e1-lo, o joga no ch\u00e3o pois o reconhece e o recrimina por ter querido mat\u00e1-lo.<\/p>\n<p>Rodrigo consegue escapar. C\u00edntia n\u00e3o tem escolha e \u00e9 obrigada a aceitar a realiza\u00e7\u00e3o dos testes no gado. Ao fugir, Rodrigo deixa cair a medalha de Mariana, Miguel a encontra e Consuelo reconhece o objeto. Ernesto liga para Rog\u00e9rio e informa que amanh\u00e3 estar\u00e1 de volta na capital para oper\u00e1-lo. Consuelo, Miguel e Gustavo contam a Ulisses e M\u00e1rcia que a medalha de Mariana estava com Rodrigo. Rog\u00e9rio conversa com Ana Paula e diz que est\u00e1 com saudades, mas feliz que em breve ir\u00e3o se rever. Rog\u00e9rio diz que vai fazer tudo para ficar bem, ela diz que gosta dele, mas ele repete que a ama. O representante dos criadores de gado informam a C\u00edntia que os testes que fizeram no gado deu positivo para clembuterol. A mo\u00e7a se surpreende.<\/p>\n<p>(*) edi\u00e7\u00e3o do SBT, Novela \u201cA Que N\u00e3o Podia Amar\u201d, sujeito a altera\u00e7\u00e3o de data e conte\u00fado.<\/p>\n<p>Destaques<\/p>\n<p>&#8220;A Que N\u00e3o Podia Amar&#8221;- Ana Paula, uma enfermeira humilde que se v\u00ea obrigada a trabalhar na casa de Rog\u00e9rio Montero (Jorge Salinas), um homem amargurado. Rog\u00e9rio sofre por ser parapl\u00e9gico e destrata todas as pessoas. Ana Paula atura tudo calada e o rica\u00e7o se apaixona por ela.<\/p>\n<p>Ana conhece Gustavo Duran (Jos\u00e9 Ron), um engenheiro nobre e trabalhador. Os dois se apaixonam, mas ter\u00e3o de enfrentar Rog\u00e9rio, j\u00e1 que ele tamb\u00e9m gosta da mocinha, formando assim, um tri\u00e2ngulo amoroso com terr\u00edveis consequ\u00eancias.<\/p>\n","protected":false},"excerpt":{"rendered":"<p>Resumo da novela \u201cA Que N\u00e3o Podia Amar\u201d&nbsp; em 12\/07: no cap\u00edtulo 070(*) da novela, sexta-feira, 12 de julho, Ana Paula diz a Daniela e Miguel que est\u00e1 preocupada, pois Rog\u00e9rio a deixou \u00e0 frente da fazenda e ela n\u00e3o est\u00e1 podendo fazer nada. Dani a tranquiliza e diz que tudo est\u00e1 seguindo seu rumo. [&hellip;]<\/p>\n","protected":false},"author":4,"featured_media":173627,"comment_status":"open","ping_status":"closed","sticky":false,"template":"","format":"standard","meta":{"_genesis_hide_title":false,"_genesis_hide_breadcrumbs":false,"_genesis_hide_singular_image":false,"_genesis_hide_footer_widgets":false,"_genesis_custom_body_class":"","_genesis_custom_post_class":"","_genesis_layout":"","_jetpack_memberships_contains_paid_content":false,"footnotes":""},"categories":[379,372,343],"tags":[441],"class_list":{"0":"post-178945","1":"post","2":"type-post","3":"status-publish","4":"format-standard","5":"has-post-thumbnail","7":"category-novelas","8":"category-sbt","9":"category-televisao","10":"tag-resumo-do-dia","11":"entry","12":"gs-1","13":"gs-odd","14":"gs-even","15":"gs-featured-content-entry"},"jetpack_featured_media_url":"https:\/\/www.redenoticia.com.br\/noticia\/imagens\/a-que-nao-podia-amar-sbt-01.jpg","jetpack_sharing_enabled":true,"jetpack_likes_enabled":true,"_links":{"self":[{"href":"https:\/\/www.redenoticia.com.br\/noticia\/wp-json\/wp\/v2\/posts\/178945","targetHints":{"allow":["GET"]}}],"collection":[{"href":"https:\/\/www.redenoticia.com.br\/noticia\/wp-json\/wp\/v2\/posts"}],"about":[{"href":"https:\/\/www.redenoticia.com.br\/noticia\/wp-json\/wp\/v2\/types\/post"}],"author":[{"embeddable":true,"href":"https:\/\/www.redenoticia.com.br\/noticia\/wp-json\/wp\/v2\/users\/4"}],"replies":[{"embeddable":true,"href":"https:\/\/www.redenoticia.com.br\/noticia\/wp-json\/wp\/v2\/comments?post=178945"}],"version-history":[{"count":0,"href":"https:\/\/www.redenoticia.com.br\/noticia\/wp-json\/wp\/v2\/posts\/178945\/revisions"}],"wp:featuredmedia":[{"embeddable":true,"href":"https:\/\/www.redenoticia.com.br\/noticia\/wp-json\/wp\/v2\/media\/173627"}],"wp:attachment":[{"href":"https:\/\/www.redenoticia.com.br\/noticia\/wp-json\/wp\/v2\/media?parent=178945"}],"wp:term":[{"taxonomy":"category","embeddable":true,"href":"https:\/\/www.redenoticia.com.br\/noticia\/wp-json\/wp\/v2\/categories?post=178945"},{"taxonomy":"post_tag","embeddable":true,"href":"https:\/\/www.redenoticia.com.br\/noticia\/wp-json\/wp\/v2\/tags?post=178945"}],"curies":[{"name":"wp","href":"https:\/\/api.w.org\/{rel}","templated":true}]}}