{"id":178943,"date":"2019-07-11T15:57:47","date_gmt":"2019-07-11T18:57:47","guid":{"rendered":"https:\/\/www.redenoticia.com.br\/noticia\/?p=178943"},"modified":"2019-07-11T15:57:55","modified_gmt":"2019-07-11T18:57:55","slug":"resumo-novela-a-dona-12-07-valentina-descobre-que-jose-miguel-e-ivana-vao-se-casar","status":"publish","type":"post","link":"https:\/\/www.redenoticia.com.br\/noticia\/2019\/resumo-novela-a-dona-12-07-valentina-descobre-que-jose-miguel-e-ivana-vao-se-casar\/178943","title":{"rendered":"Resumo novela \u201cA Dona\u201d 12\/07: Valentina descobre que Jos\u00e9 Miguel e Ivana v\u00e3o se casar"},"content":{"rendered":"<p><img loading=\"lazy\" decoding=\"async\" class=\"aligncenter size-large wp-image-173633\" src=\"https:\/\/www.redenoticia.com.br\/noticia\/imagens\/a-dona-270x300.jpg\" alt=\"\" width=\"270\" height=\"300\" srcset=\"https:\/\/www.redenoticia.com.br\/noticia\/imagens\/a-dona-270x300.jpg 270w, https:\/\/www.redenoticia.com.br\/noticia\/imagens\/a-dona-168x187.jpg 168w, https:\/\/www.redenoticia.com.br\/noticia\/imagens\/a-dona.jpg 380w\" sizes=\"auto, (max-width: 270px) 100vw, 270px\" \/>Resumo da novela <strong><em>\u201cA Dona&#8221;<\/em><\/strong> em 12\/07: no cap\u00edtulo 075(*) da novela, sexta-feira, 12 de julho, Alonso insiste em esclarecer a Valentina os motivos que o \u201cobrigaram\u201d a deix\u00e1-la plantada no altar. Ele diz que foi por assuntos do passado que j\u00e1 foram resolvidos. Ele diz que falaria a Jos\u00e9 Miguel que entre ele e Valentina n\u00e3o h\u00e1 nada mas seu ci\u00fame n\u00e3o permitiu. Ainda diz que quer lutar pelo amor de Valentina de forma limpa. Valentina furiosa diz que n\u00e3o existe a menor possibilidade entre eles, e que trate de se recuperar logo para ir embora de uma vez, pois seria \u00f3timo nunca mais voltar a v\u00ea-lo. Rodrigo faz Cristina acreditar que \u00e9 um homem mudado, a diz que todo o tempo que esteve longe dela, pode perceber o quanto a ama, e ela o faz falta, e completa pedindo que ela volte pra ele.<\/p>\n<p>Valentina percebe que est\u00e1 faltando dinheiro em seu cofre e pergunta a Benita e Maria da Luz se alguma delas foi quem pegou a quantia. Maria da Luz, assustada, responde que n\u00e3o pegou nada. Valentina diz que acredita pois confia nela e em Benita. Gabriela diz que est\u00e1 quase certa que foi Alonso quem pegou o dinheiro. Ivana diz a Jos\u00e9 Miguel que para esquecer Valentina deve passar a ignorar a mo\u00e7a e se dar conta que ela n\u00e3o \u00e9 a \u00fanica mulher que o faria feliz. Jos\u00e9 responde que Valentina \u00e9 a \u00fanica mulher a quem ama.<\/p>\n<p>Rodrigo sacode violentamente Maria da Luz e a adverte que caso siga se metendo em suas coisas, pode acontecer algo com ela. Valentina v\u00ea a cena e o despede, dizendo que tem motivos suficientes para faz\u00ea-lo, e que ir\u00e1 pag\u00e1-lo conforme a lei. Rodrigo diz que n\u00e3o o importa os processos legais, que s\u00f3 deseja estar ao lado dela, e que a ama. Valentina ent\u00e3o responde que esse \u00e9 outro motivo pelo qual ele deve ir embora de uma vez por todas. Sandra se zanga com Felipe por ele n\u00e3o desejar se casar. Ele responde que infelizmente ainda sente algo por Ivana. Felipe diz a Valentina que Jos\u00e9 Miguel e Ivana decidiram se casar.<\/p>\n<p>(*) edi\u00e7\u00e3o do SBT, Novela \u201cA Dona\u201d, sujeito a altera\u00e7\u00e3o de data e conte\u00fado.<\/p>\n<p>Destaques<\/p>\n<p>&#8220;A Dona&#8221; &#8211; Valentina Vila\u00e7a (Lucero) \u00e9 uma mulher que tem uma grande fortuna, que seus pais deixaram para ela quando morreram em um acidente de carro. Ela tem uma mans\u00e3o na Cidade do M\u00e9xico, onde vive com sua tia Isabel Rangel de Dorantes (Silvia Pinal), e sua prima Ivana Dorantes Rangel (Gabriela Spanic) que trata Valentina com muita indiferen\u00e7a e sente inveja dela.<\/p>\n<p>Tudo muda para Valentina quando seu noivo Alonso Penalva (David Zepeda), tramando com Ivana no dia de seu casamento, a deixa esperando no altar. A partir da\u00ed, Valentina se torna uma mulher amarga, e vai para sua fazenda, no interior. Chegando l\u00e1, ela conhece seu vizinho Jos\u00e9 Miguel Montesinos (Fernando Colunga).<\/p>\n","protected":false},"excerpt":{"rendered":"<p>Resumo da novela \u201cA Dona&#8221; em 12\/07: no cap\u00edtulo 075(*) da novela, sexta-feira, 12 de julho, Alonso insiste em esclarecer a Valentina os motivos que o \u201cobrigaram\u201d a deix\u00e1-la plantada no altar. Ele diz que foi por assuntos do passado que j\u00e1 foram resolvidos. Ele diz que falaria a Jos\u00e9 Miguel que entre ele e [&hellip;]<\/p>\n","protected":false},"author":4,"featured_media":173626,"comment_status":"open","ping_status":"closed","sticky":false,"template":"","format":"standard","meta":{"_genesis_hide_title":false,"_genesis_hide_breadcrumbs":false,"_genesis_hide_singular_image":false,"_genesis_hide_footer_widgets":false,"_genesis_custom_body_class":"","_genesis_custom_post_class":"","_genesis_layout":"","_jetpack_memberships_contains_paid_content":false,"footnotes":""},"categories":[379,372,343],"tags":[441],"class_list":{"0":"post-178943","1":"post","2":"type-post","3":"status-publish","4":"format-standard","5":"has-post-thumbnail","7":"category-novelas","8":"category-sbt","9":"category-televisao","10":"tag-resumo-do-dia","11":"entry","12":"gs-1","13":"gs-odd","14":"gs-even","15":"gs-featured-content-entry"},"jetpack_featured_media_url":"https:\/\/www.redenoticia.com.br\/noticia\/imagens\/a-dona-03.jpg","jetpack_sharing_enabled":true,"jetpack_likes_enabled":true,"_links":{"self":[{"href":"https:\/\/www.redenoticia.com.br\/noticia\/wp-json\/wp\/v2\/posts\/178943","targetHints":{"allow":["GET"]}}],"collection":[{"href":"https:\/\/www.redenoticia.com.br\/noticia\/wp-json\/wp\/v2\/posts"}],"about":[{"href":"https:\/\/www.redenoticia.com.br\/noticia\/wp-json\/wp\/v2\/types\/post"}],"author":[{"embeddable":true,"href":"https:\/\/www.redenoticia.com.br\/noticia\/wp-json\/wp\/v2\/users\/4"}],"replies":[{"embeddable":true,"href":"https:\/\/www.redenoticia.com.br\/noticia\/wp-json\/wp\/v2\/comments?post=178943"}],"version-history":[{"count":0,"href":"https:\/\/www.redenoticia.com.br\/noticia\/wp-json\/wp\/v2\/posts\/178943\/revisions"}],"wp:featuredmedia":[{"embeddable":true,"href":"https:\/\/www.redenoticia.com.br\/noticia\/wp-json\/wp\/v2\/media\/173626"}],"wp:attachment":[{"href":"https:\/\/www.redenoticia.com.br\/noticia\/wp-json\/wp\/v2\/media?parent=178943"}],"wp:term":[{"taxonomy":"category","embeddable":true,"href":"https:\/\/www.redenoticia.com.br\/noticia\/wp-json\/wp\/v2\/categories?post=178943"},{"taxonomy":"post_tag","embeddable":true,"href":"https:\/\/www.redenoticia.com.br\/noticia\/wp-json\/wp\/v2\/tags?post=178943"}],"curies":[{"name":"wp","href":"https:\/\/api.w.org\/{rel}","templated":true}]}}