{"id":178830,"date":"2019-07-09T16:25:23","date_gmt":"2019-07-09T19:25:23","guid":{"rendered":"https:\/\/www.redenoticia.com.br\/noticia\/?p=178830"},"modified":"2020-05-29T15:26:26","modified_gmt":"2020-05-29T18:26:26","slug":"resumo-novela-a-que-nao-podia-amar-10-07-elias-coloca-uma-cobra-na-cama-de-ana-paula","status":"publish","type":"post","link":"https:\/\/www.redenoticia.com.br\/noticia\/2019\/resumo-novela-a-que-nao-podia-amar-10-07-elias-coloca-uma-cobra-na-cama-de-ana-paula\/178830","title":{"rendered":"Resumo novela \u201cA Que N\u00e3o Podia Amar\u201d 10\/07: Elias coloca uma cobra na cama de Ana Paula"},"content":{"rendered":"<p><strong><em><img loading=\"lazy\" decoding=\"async\" class=\"aligncenter size-large wp-image-173635\" src=\"https:\/\/www.redenoticia.com.br\/noticia\/imagens\/a-que-nao-podia-amar-400x271.jpg\" alt=\"\" width=\"400\" height=\"271\" srcset=\"https:\/\/www.redenoticia.com.br\/noticia\/imagens\/a-que-nao-podia-amar-400x271.jpg 400w, https:\/\/www.redenoticia.com.br\/noticia\/imagens\/a-que-nao-podia-amar-250x169.jpg 250w, https:\/\/www.redenoticia.com.br\/noticia\/imagens\/a-que-nao-podia-amar-560x379.jpg 560w, https:\/\/www.redenoticia.com.br\/noticia\/imagens\/a-que-nao-podia-amar.jpg 620w\" sizes=\"auto, (max-width: 400px) 100vw, 400px\" \/><\/em><\/strong><\/p>\n<p>Resumo da novela<strong><em> \u201cA Que N\u00e3o Podia Amar\u201d&nbsp;<\/em><\/strong> em 10\/07: no cap\u00edtulo 068(*) da novela, quarta-feira, 10 de julho, Gustavo pede desculpas a Ernesto. Elias mostra a C\u00edntia uma das cobras mais venenosas que h\u00e1 aos arredores da fazenda, e ser\u00e1 esta que v\u00e3o usar para se desfazer do filho de Ana e talvez at\u00e9 dela mesmo. M\u00e1rcia e Consuelo dividem a dor pela morte de Mariana. Ernesto re\u00fane todos na fazenda para um jantar especial. Ele oficializa seu relacionamento com Mercedes diante de todos e conta sobre a cl\u00ednica que vai abrir com Rog\u00e9rio em S\u00e3o Gabriel. Consuelo conta a M\u00e1rcia que gosta de Elias. Rosa pede desculpa a Estev\u00e3o. Ulisses comenta com M\u00e1rcia que as coisas v\u00e3o ficar feias quando Rog\u00e9rio retornar para a fazenda, pois Ana Paula est\u00e1 esperando um filho de outro homem. Vanessa chega na fazenda e hostiliza Ana Paula e sua fam\u00edlia.<\/p>\n<p>Consuelo escuta a conversa de Ulisses e M\u00e1rcia e fica sabendo sobre a trai\u00e7\u00e3o de Ana Paula. Ana Paula enfrenta Vanessa e diz que n\u00e3o vai permitir que a trate mal em sua pr\u00f3pria casa. Ana Paula come\u00e7a a se sentir mal, enquanto Vanessa continua a provocando. Vanessa humilha todos os familiares de Ana Paula. Alterada, Vanessa diz a C\u00edntia que lhe d\u00e1 raiva ver Estev\u00e3o feliz com Rosa, enquanto ela continua longe de Rog\u00e9rio por culpa de Ana Paula. Elias entra no quarto de Ana Paula e coloca a cobra em sua cama. De maneira surpreendente, Ana recebe uma liga\u00e7\u00e3o de Rog\u00e9rio, quem lhe d\u00e1 a maravilhosa not\u00edcia de que quando Ernesto retornar vai oper\u00e1-lo. Elias conta a C\u00edntia que j\u00e1 colocou a cobra na cama de Ana Paula. Enquanto isso, Ana Paula pede a Rog\u00e9rio que lhe diga onde est\u00e1, pois precisa v\u00ea-lo, mas ele se recusa a dar a informa\u00e7\u00e3o.<\/p>\n<p>O dia amanhece e C\u00edntia estranha que Ana Paula n\u00e3o tenha gritado de susto com a cobra. Curiosa, C\u00edntia vai ao quarto da cunhada saber se seu plano foi bem sucedido e descobre que ela n\u00e3o dormiu no local. Rosaura acorda Ana Paula, quem acabou passando a noite no quarto de Rog\u00e9rio. A mo\u00e7a conta \u00e0 tia que sentiu saudades do fazendeiro. Furiosa, C\u00edntia confronta Ana Paula e pergunta se ela dormiu com Gustavo. Ana Paula nega e Rosaura revela que a sobrinha dormiu no quarto do marido. Gustavo escuta uma conversa de Ernesto no telefone e descobre onde Rog\u00e9rio est\u00e1. Bruno, Vanessa e C\u00edntia se re\u00fanem para discutir a trai\u00e7\u00e3o de David que n\u00e3o est\u00e1 respeitando a vontade das duas de devolver a \u00e1gua para a fazenda. Bruno se compromete a conversar com o rapaz. Gustavo volta a pedir para Ana Paula que os dois fujam da fazenda, mas a mo\u00e7a recusa a proposta e diz que n\u00e3o pode fazer isso com Rog\u00e9rio.<\/p>\n<p>Gustavo diz a Ana Paula que aconte\u00e7a o que acontecer, para ela nunca esquecer que ele a ama. Por outro lado, Gustavo diz a C\u00edntia que j\u00e1 sabe onde Rog\u00e9rio est\u00e1 e que chegou a hora de falar com ele para contar toda a verdade. Bruno diz a Ana Paula que ela pode contar com ele, independente do que aconte\u00e7a com Rog\u00e9rio e Gustavo. Rosaura reclama com Maria por ter que ajudar a vigiar o gado para que ningu\u00e9m o contamine. Rodrigo d\u00e1 em cima de Consuelo, mas ela recusa suas investidas. C\u00edntia recrimina Ana Paula por n\u00e3o ter contado que querem tirar Rog\u00e9rio da presid\u00eancia da associa\u00e7\u00e3o de criadores de gado, ela ainda conta \u00e0 cunhada que Gustavo foi atr\u00e1s do seu irm\u00e3o. Ana Paula se desespera. Gustavo se encontra com Rog\u00e9rio. C\u00edntia e Ana Paula discutem fortemente, a esposa de Rog\u00e9rio come\u00e7a a se sentir muito mal e pede para a cunhada chamar Daniela ou Maria. C\u00edntia d\u00e1 um sorriso de satisfa\u00e7\u00e3o. Rog\u00e9rio pergunta se Gustavo foi procur\u00e1-lo para pedir a m\u00e3o de C\u00edntia.<\/p>\n<p>(*) edi\u00e7\u00e3o do SBT, Novela \u201cA Que N\u00e3o Podia Amar\u201d, sujeito a altera\u00e7\u00e3o de data e conte\u00fado.<\/p>\n<p>Destaques<\/p>\n<p>&#8220;A Que N\u00e3o Podia Amar&#8221;- Ana Paula, uma enfermeira humilde que se v\u00ea obrigada a trabalhar na casa de Rog\u00e9rio Montero (Jorge Salinas), um homem amargurado. Rog\u00e9rio sofre por ser parapl\u00e9gico e destrata todas as pessoas. Ana Paula atura tudo calada e o rica\u00e7o se apaixona por ela.<\/p>\n<p>Ana conhece Gustavo Duran (Jos\u00e9 Ron), um engenheiro nobre e trabalhador. Os dois se apaixonam, mas ter\u00e3o de enfrentar Rog\u00e9rio, j\u00e1 que ele tamb\u00e9m gosta da mocinha, formando assim, um tri\u00e2ngulo amoroso com terr\u00edveis consequ\u00eancias.<\/p>\n","protected":false},"excerpt":{"rendered":"<p>Resumo da novela \u201cA Que N\u00e3o Podia Amar\u201d&nbsp; em 10\/07: no cap\u00edtulo 068(*) da novela, quarta-feira, 10 de julho, Gustavo pede desculpas a Ernesto. Elias mostra a C\u00edntia uma das cobras mais venenosas que h\u00e1 aos arredores da fazenda, e ser\u00e1 esta que v\u00e3o usar para se desfazer do filho de Ana e talvez at\u00e9 [&hellip;]<\/p>\n","protected":false},"author":4,"featured_media":173627,"comment_status":"open","ping_status":"closed","sticky":false,"template":"","format":"standard","meta":{"_genesis_hide_title":false,"_genesis_hide_breadcrumbs":false,"_genesis_hide_singular_image":false,"_genesis_hide_footer_widgets":false,"_genesis_custom_body_class":"","_genesis_custom_post_class":"","_genesis_layout":"","_jetpack_memberships_contains_paid_content":false,"footnotes":""},"categories":[379,372,343],"tags":[441],"class_list":{"0":"post-178830","1":"post","2":"type-post","3":"status-publish","4":"format-standard","5":"has-post-thumbnail","7":"category-novelas","8":"category-sbt","9":"category-televisao","10":"tag-resumo-do-dia","11":"entry","12":"gs-1","13":"gs-odd","14":"gs-even","15":"gs-featured-content-entry"},"jetpack_featured_media_url":"https:\/\/www.redenoticia.com.br\/noticia\/imagens\/a-que-nao-podia-amar-sbt-01.jpg","jetpack_sharing_enabled":true,"jetpack_likes_enabled":true,"_links":{"self":[{"href":"https:\/\/www.redenoticia.com.br\/noticia\/wp-json\/wp\/v2\/posts\/178830","targetHints":{"allow":["GET"]}}],"collection":[{"href":"https:\/\/www.redenoticia.com.br\/noticia\/wp-json\/wp\/v2\/posts"}],"about":[{"href":"https:\/\/www.redenoticia.com.br\/noticia\/wp-json\/wp\/v2\/types\/post"}],"author":[{"embeddable":true,"href":"https:\/\/www.redenoticia.com.br\/noticia\/wp-json\/wp\/v2\/users\/4"}],"replies":[{"embeddable":true,"href":"https:\/\/www.redenoticia.com.br\/noticia\/wp-json\/wp\/v2\/comments?post=178830"}],"version-history":[{"count":0,"href":"https:\/\/www.redenoticia.com.br\/noticia\/wp-json\/wp\/v2\/posts\/178830\/revisions"}],"wp:featuredmedia":[{"embeddable":true,"href":"https:\/\/www.redenoticia.com.br\/noticia\/wp-json\/wp\/v2\/media\/173627"}],"wp:attachment":[{"href":"https:\/\/www.redenoticia.com.br\/noticia\/wp-json\/wp\/v2\/media?parent=178830"}],"wp:term":[{"taxonomy":"category","embeddable":true,"href":"https:\/\/www.redenoticia.com.br\/noticia\/wp-json\/wp\/v2\/categories?post=178830"},{"taxonomy":"post_tag","embeddable":true,"href":"https:\/\/www.redenoticia.com.br\/noticia\/wp-json\/wp\/v2\/tags?post=178830"}],"curies":[{"name":"wp","href":"https:\/\/api.w.org\/{rel}","templated":true}]}}