{"id":178828,"date":"2019-07-09T16:23:21","date_gmt":"2019-07-09T19:23:21","guid":{"rendered":"https:\/\/www.redenoticia.com.br\/noticia\/?p=178828"},"modified":"2019-07-09T16:23:27","modified_gmt":"2019-07-09T19:23:27","slug":"resumo-novela-a-dona-10-07-valentina-descobre-que-marcelia-nao-teve-filho-com-jose-miguel","status":"publish","type":"post","link":"https:\/\/www.redenoticia.com.br\/noticia\/2019\/resumo-novela-a-dona-10-07-valentina-descobre-que-marcelia-nao-teve-filho-com-jose-miguel\/178828","title":{"rendered":"Resumo novela \u201cA Dona\u201d 10\/07: Valentina descobre que Marc\u00e9lia n\u00e3o teve filho com Jos\u00e9 Miguel"},"content":{"rendered":"<p><img loading=\"lazy\" decoding=\"async\" class=\"aligncenter size-large wp-image-173633\" src=\"https:\/\/www.redenoticia.com.br\/noticia\/imagens\/a-dona-270x300.jpg\" alt=\"\" width=\"270\" height=\"300\" srcset=\"https:\/\/www.redenoticia.com.br\/noticia\/imagens\/a-dona-270x300.jpg 270w, https:\/\/www.redenoticia.com.br\/noticia\/imagens\/a-dona-168x187.jpg 168w, https:\/\/www.redenoticia.com.br\/noticia\/imagens\/a-dona.jpg 380w\" sizes=\"auto, (max-width: 270px) 100vw, 270px\" \/>Resumo da novela <strong><em>\u201cA Dona&#8221;<\/em><\/strong> em 10\/07: no cap\u00edtulo 073(*) da novela, quarta-feira, 10 de julho, Leonor pretende comprometer Jos\u00e9 Miguel para que se case com Ivana. Sandra diz a Felipe que j\u00e1 n\u00e3o est\u00e1 mais zangada com ele, e se ele teve ci\u00fames \u00e9 porque a ama. Ivana diz a Leonor que n\u00e3o quer que Jos\u00e9 Miguel se sinta comprometido com ela, Leonor a diz que ela faz mal em pensar assim, pois seria muito mais vantajoso que ela exigisse de Jos\u00e9 Miguel que cumprisse com o dever de se unir a ela por ter \u00e0 levado para a cama. Felipe diz a Valentina que esteve com Jos\u00e9 Miguel na venda de Hor\u00e1rio e que ele falou dela com muita dor e sentimento, que n\u00e3o sabe qual foi o problema entre eles, mas que Jos\u00e9 Miguel est\u00e1 realmente muito mal sem ela.<\/p>\n<p>Sandra diz a Moises que Henriqueta pensa que ele est\u00e1 saindo com outra mulher, e Moises completa dizendo que os problemas matrimoniais nem sempre s\u00e3o pela exist\u00eancia de uma terceira pessoa, e finaliza dizendo que precisa de um tempo para decidir se seguir\u00e1 com Henriqueta ou n\u00e3o. Ivana, chorando, se confessa ao Padre Ventura, e acusa Jos\u00e9 Miguel por t\u00ea-la \u201cenfeiti\u00e7ado\u201d ao ponto de lev\u00e1-la para a cama, e por fim pede ao padre que a ajude a recuperar sua honra, fazendo com que Jos\u00e9 Miguel se case com ela. Gabriela diz a Felipe que contou a Sandra sobre seus sentimentos por ele, que est\u00e1 cansada de tantos contratempos e preferiu ser franca.<\/p>\n<p>Ivana conta a Jos\u00e9 Miguel como aconteceram as coisas, segundo sua vers\u00e3o, e diz que se entregou a ele por amor, e n\u00e3o se arrepender\u00e1 jamais de t\u00ea-lo feito, j\u00e1 Jos\u00e9 Miguel a diz que da parte dele, isso foi um grande erro. O Padre Justino descobre que Marc\u00e9lia mentiu que tinha um filho de Jos\u00e9 Miguel, j\u00e1 que tal crian\u00e7a n\u00e3o existe. Ele a diz que Jos\u00e9 tem sofrido muito desde que ela apareceu, e far\u00e1 o que puder para limpar o nome do rapaz.<\/p>\n<p>O Padre Justino procura Valentina e a diz que Marc\u00e9lia n\u00e3o teve nenhum filho com Jos\u00e9 Miguel, que ela sempre esteve mentindo. Jesus diz a Jos\u00e9 Miguel que um homem esteve na fazenda e Ivana o beijou, pedindo em seguida para que Jesus n\u00e3o contasse nada ao patr\u00e3o. Alonso diz a Valentina que Rodrigo o agrediu, pois ele o disse que ela n\u00e3o \u00e9 mulher para um homem rude do campo. Jos\u00e9 diz ao Padre que o ocorrido entre ele e Ivana n\u00e3o foi s\u00f3 um erro, mas sim uma trai\u00e7\u00e3o ao amor que ele sente por Valentina.<\/p>\n<p>(*) edi\u00e7\u00e3o do SBT, Novela \u201cA Dona\u201d, sujeito a altera\u00e7\u00e3o de data e conte\u00fado.<\/p>\n<p>Destaques<\/p>\n<p>&#8220;A Dona&#8221; &#8211; Valentina Vila\u00e7a (Lucero) \u00e9 uma mulher que tem uma grande fortuna, que seus pais deixaram para ela quando morreram em um acidente de carro. Ela tem uma mans\u00e3o na Cidade do M\u00e9xico, onde vive com sua tia Isabel Rangel de Dorantes (Silvia Pinal), e sua prima Ivana Dorantes Rangel (Gabriela Spanic) que trata Valentina com muita indiferen\u00e7a e sente inveja dela.<\/p>\n<p>Tudo muda para Valentina quando seu noivo Alonso Penalva (David Zepeda), tramando com Ivana no dia de seu casamento, a deixa esperando no altar. A partir da\u00ed, Valentina se torna uma mulher amarga, e vai para sua fazenda, no interior. Chegando l\u00e1, ela conhece seu vizinho Jos\u00e9 Miguel Montesinos (Fernando Colunga).<\/p>\n","protected":false},"excerpt":{"rendered":"<p>Resumo da novela \u201cA Dona&#8221; em 10\/07: no cap\u00edtulo 073(*) da novela, quarta-feira, 10 de julho, Leonor pretende comprometer Jos\u00e9 Miguel para que se case com Ivana. Sandra diz a Felipe que j\u00e1 n\u00e3o est\u00e1 mais zangada com ele, e se ele teve ci\u00fames \u00e9 porque a ama. Ivana diz a Leonor que n\u00e3o quer [&hellip;]<\/p>\n","protected":false},"author":4,"featured_media":173626,"comment_status":"open","ping_status":"closed","sticky":false,"template":"","format":"standard","meta":{"_genesis_hide_title":false,"_genesis_hide_breadcrumbs":false,"_genesis_hide_singular_image":false,"_genesis_hide_footer_widgets":false,"_genesis_custom_body_class":"","_genesis_custom_post_class":"","_genesis_layout":"","_jetpack_memberships_contains_paid_content":false,"footnotes":""},"categories":[379,372,343],"tags":[441],"class_list":{"0":"post-178828","1":"post","2":"type-post","3":"status-publish","4":"format-standard","5":"has-post-thumbnail","7":"category-novelas","8":"category-sbt","9":"category-televisao","10":"tag-resumo-do-dia","11":"entry","12":"gs-1","13":"gs-odd","14":"gs-even","15":"gs-featured-content-entry"},"jetpack_featured_media_url":"https:\/\/www.redenoticia.com.br\/noticia\/imagens\/a-dona-03.jpg","jetpack_sharing_enabled":true,"jetpack_likes_enabled":true,"_links":{"self":[{"href":"https:\/\/www.redenoticia.com.br\/noticia\/wp-json\/wp\/v2\/posts\/178828","targetHints":{"allow":["GET"]}}],"collection":[{"href":"https:\/\/www.redenoticia.com.br\/noticia\/wp-json\/wp\/v2\/posts"}],"about":[{"href":"https:\/\/www.redenoticia.com.br\/noticia\/wp-json\/wp\/v2\/types\/post"}],"author":[{"embeddable":true,"href":"https:\/\/www.redenoticia.com.br\/noticia\/wp-json\/wp\/v2\/users\/4"}],"replies":[{"embeddable":true,"href":"https:\/\/www.redenoticia.com.br\/noticia\/wp-json\/wp\/v2\/comments?post=178828"}],"version-history":[{"count":0,"href":"https:\/\/www.redenoticia.com.br\/noticia\/wp-json\/wp\/v2\/posts\/178828\/revisions"}],"wp:featuredmedia":[{"embeddable":true,"href":"https:\/\/www.redenoticia.com.br\/noticia\/wp-json\/wp\/v2\/media\/173626"}],"wp:attachment":[{"href":"https:\/\/www.redenoticia.com.br\/noticia\/wp-json\/wp\/v2\/media?parent=178828"}],"wp:term":[{"taxonomy":"category","embeddable":true,"href":"https:\/\/www.redenoticia.com.br\/noticia\/wp-json\/wp\/v2\/categories?post=178828"},{"taxonomy":"post_tag","embeddable":true,"href":"https:\/\/www.redenoticia.com.br\/noticia\/wp-json\/wp\/v2\/tags?post=178828"}],"curies":[{"name":"wp","href":"https:\/\/api.w.org\/{rel}","templated":true}]}}