{"id":178780,"date":"2019-07-08T14:05:40","date_gmt":"2019-07-08T17:05:40","guid":{"rendered":"https:\/\/www.redenoticia.com.br\/noticia\/?p=178780"},"modified":"2020-05-29T15:26:24","modified_gmt":"2020-05-29T18:26:24","slug":"resumo-novela-a-que-nao-podia-amar-09-07-cintia-quer-interromper-a-gravidez-de-ana","status":"publish","type":"post","link":"https:\/\/www.redenoticia.com.br\/noticia\/2019\/resumo-novela-a-que-nao-podia-amar-09-07-cintia-quer-interromper-a-gravidez-de-ana\/178780","title":{"rendered":"Resumo novela \u201cA Que N\u00e3o Podia Amar\u201d 09\/07: C\u00edntia quer interromper a gravidez de Ana"},"content":{"rendered":"<p><strong><em><img loading=\"lazy\" decoding=\"async\" class=\"aligncenter size-large wp-image-173635\" src=\"https:\/\/www.redenoticia.com.br\/noticia\/imagens\/a-que-nao-podia-amar-400x271.jpg\" alt=\"\" width=\"400\" height=\"271\" srcset=\"https:\/\/www.redenoticia.com.br\/noticia\/imagens\/a-que-nao-podia-amar-400x271.jpg 400w, https:\/\/www.redenoticia.com.br\/noticia\/imagens\/a-que-nao-podia-amar-250x169.jpg 250w, https:\/\/www.redenoticia.com.br\/noticia\/imagens\/a-que-nao-podia-amar-560x379.jpg 560w, https:\/\/www.redenoticia.com.br\/noticia\/imagens\/a-que-nao-podia-amar.jpg 620w\" sizes=\"auto, (max-width: 400px) 100vw, 400px\" \/><\/em><\/strong><\/p>\n<p>Resumo da novela<strong><em> \u201cA Que N\u00e3o Podia Amar\u201d&nbsp;<\/em><\/strong> em 09\/07: no cap\u00edtulo 067(*) da novela, ter\u00e7a-feira, 09 de julho, Rosaura diz a Bruno que eles podem enganar Ana Paula para assinar documentos que beneficiem os dois. Gustavo se prop\u00f5e a localizar Rog\u00e9rio para dizer toda a verdade. Ana decide que dir\u00e1 a verdade a Rog\u00e9rio ap\u00f3s a opera\u00e7\u00e3o. Gustavo diz a Ana Paula que n\u00e3o vai esperar at\u00e9 que Rog\u00e9rio esteja totalmente recuperado para resolver essa situa\u00e7\u00e3o. Por outro lado, C\u00edntia diz a Elias que se ele quer que sejam felizes, lhe ajude a interromper a gravidez de Ana Paula. Ernesto encontra a carta e entrega para Mercedes. C\u00edntia conta a Elias que o pai do filho de Ana Paula \u00e9 Gustavo. Ernesto conta a Mercedes que sua filha j\u00e1 aprova o relacionamento dos dois. Estev\u00e3o conversa com Rosa e explica que Mercedes o aconselhou a n\u00e3o se casar, porque percebeu que ele s\u00f3 queria se casar para ter um filho.<\/p>\n<p>Na cozinha, Consuelo \u00e9 hostil com Miguel por continuar achando que ele \u00e9 culpado pela morte de Mariana. Dani diz a Miguel que ela e Ana Paula v\u00e3o ajud\u00e1-lo a provar sua inoc\u00eancia. Mercedes diz a Ernesto que far\u00e1 todo o poss\u00edvel para se dar bem com a filha dele. Ana Paula leva Marquinho para a capela, e l\u00e1 os dois agradecem a Deus pela recupera\u00e7\u00e3o de Marquinho e pela possibilidade de Rog\u00e9rio voltar a andar. Gustavo diz a Ernesto que precisa saber onde Rog\u00e9rio est\u00e1, mas o m\u00e9dico se recusa a dar a informa\u00e7\u00e3o. Alterado, Gustavo exige a informa\u00e7\u00e3o. Mercedes interv\u00e9m e recrimina o irm\u00e3o pela maneira como est\u00e1 tratando Ernesto. Gustavo explica que quer contar a Rog\u00e9rio que Ana Paula est\u00e1 esperando um filho dele. Ana Paula avisa a Marquinho que ele ter\u00e1 seu pr\u00f3prio quarto na fazenda, ele se alegra. Ela ainda conta que vai ter um beb\u00ea e o garoto se preocupa que a mo\u00e7a n\u00e3o o queira mais como filho.<\/p>\n<p>Ernesto diz a Mercedes e Gustavo que n\u00e3o vai contar onde Rog\u00e9rio est\u00e1, pois ele precisa estar tranquilo antes da opera\u00e7\u00e3o. Ernesto ainda conta que ele e Rog\u00e9rio s\u00e3o s\u00f3cios e v\u00e3o abrir uma cl\u00ednica em S\u00e3o Gabriel. Consuelo se despede de Maria. Daniela conversa com Ana e diz que Rog\u00e9rio n\u00e3o quer seu agradecimento, e sim a ela e ao seu amor. Vanessa se alegra com a not\u00edcia de que Rog\u00e9rio poderia voltar a andar e que agora s\u00f3 precisa separ\u00e1-lo de Ana Paula. C\u00edntia diz que logo isso n\u00e3o ser\u00e1 mais um problema. M\u00e1rcia d\u00e1 orienta\u00e7\u00f5es a Consuelo sobre como agir no seu novo trabalho. C\u00edntia quer que David devolva a \u00e1gua para a fazenda, mas ele se recusa. C\u00edntia acusa o rapaz de t\u00ea-la tra\u00eddo. Ele tenta agarr\u00e1-la, quando Gustavo entra no escrit\u00f3rio e os dois brigam. Gustavo diz que ele tem tr\u00eas dias para remover a barragem.<\/p>\n<p>Ernesto convida Mercedes para trabalhar com ele na cl\u00ednica, mas ela recusa o convite por Rog\u00e9rio ser s\u00f3cio e temer a rea\u00e7\u00e3o dele quando descobrir a verdade sobre a gravidez de Ana Paula. Ana Paula pede a Ulisses ajuda para descobrir o que realmente aconteceu com Mariana, mas ele se mostra irredut\u00edvel. Em seguida, Ana enfrenta Vanessa e diz que j\u00e1 sabe que ela \u00e9 a respons\u00e1vel pela falta de \u00e1gua na fazenda, pois \u00e9 a verdadeira dona de A Negra. Vanessa diz que n\u00e3o vai fazer nada para ajud\u00e1-la e que j\u00e1 sabe que a mo\u00e7a est\u00e1 esperando um filho bastardo. Ulisses escuta toda a conversa. David corre o risco de terminar na cadeia se continuar evitando que a \u00e1gua chegue na fazenda de Rog\u00e9rio, Estev\u00e3o d\u00e1 um ultimato para que se retrate, apresenta uma ordem judicial e diz que est\u00e1 disposto a chegar nas \u00faltimas consequ\u00eancias. David se recusa e quando Ernesto diz que ele enganou Vanessa, o rapaz revela que a mo\u00e7a sempre soube de tudo sobre o desvio.<\/p>\n<p>Ana Paula e Vanessa t\u00eam uma forte discuss\u00e3o e a esposa de Rog\u00e9rio passa mal. Estev\u00e3o n\u00e3o acredita em David. Ana Paula pede a discri\u00e7\u00e3o de Ulisses sobre tudo o que ouviu. Ana Paula procura a ajuda de Abel para resolver os problemas da fazenda. Ele diz que j\u00e1 sabe dos problema que est\u00e3o enfrentando e acusa Ana e o marido de prejudicar a imagem dos criadores de gado da regi\u00e3o e avisa que todos querem expulsar Rog\u00e9rio da associa\u00e7\u00e3o. Por outro lado, Elias encontra uma maneira para impedir que o filho de Ana Paula nas\u00e7a: ele mostra uma cobra venenosa \u00e0 C\u00edntia.<\/p>\n<p>(*) edi\u00e7\u00e3o do SBT, Novela \u201cA Que N\u00e3o Podia Amar\u201d, sujeito a altera\u00e7\u00e3o de data e conte\u00fado.<\/p>\n<p>Destaques<\/p>\n<p>&#8220;A Que N\u00e3o Podia Amar&#8221;- Ana Paula, uma enfermeira humilde que se v\u00ea obrigada a trabalhar na casa de Rog\u00e9rio Montero (Jorge Salinas), um homem amargurado. Rog\u00e9rio sofre por ser parapl\u00e9gico e destrata todas as pessoas. Ana Paula atura tudo calada e o rica\u00e7o se apaixona por ela.<\/p>\n<p>Ana conhece Gustavo Duran (Jos\u00e9 Ron), um engenheiro nobre e trabalhador. Os dois se apaixonam, mas ter\u00e3o de enfrentar Rog\u00e9rio, j\u00e1 que ele tamb\u00e9m gosta da mocinha, formando assim, um tri\u00e2ngulo amoroso com terr\u00edveis consequ\u00eancias.<\/p>\n","protected":false},"excerpt":{"rendered":"<p>Resumo da novela \u201cA Que N\u00e3o Podia Amar\u201d&nbsp; em 09\/07: no cap\u00edtulo 067(*) da novela, ter\u00e7a-feira, 09 de julho, Rosaura diz a Bruno que eles podem enganar Ana Paula para assinar documentos que beneficiem os dois. Gustavo se prop\u00f5e a localizar Rog\u00e9rio para dizer toda a verdade. Ana decide que dir\u00e1 a verdade a Rog\u00e9rio [&hellip;]<\/p>\n","protected":false},"author":4,"featured_media":173627,"comment_status":"open","ping_status":"closed","sticky":false,"template":"","format":"standard","meta":{"_genesis_hide_title":false,"_genesis_hide_breadcrumbs":false,"_genesis_hide_singular_image":false,"_genesis_hide_footer_widgets":false,"_genesis_custom_body_class":"","_genesis_custom_post_class":"","_genesis_layout":"","_jetpack_memberships_contains_paid_content":false,"footnotes":""},"categories":[379,372,343],"tags":[441],"class_list":{"0":"post-178780","1":"post","2":"type-post","3":"status-publish","4":"format-standard","5":"has-post-thumbnail","7":"category-novelas","8":"category-sbt","9":"category-televisao","10":"tag-resumo-do-dia","11":"entry","12":"gs-1","13":"gs-odd","14":"gs-even","15":"gs-featured-content-entry"},"jetpack_featured_media_url":"https:\/\/www.redenoticia.com.br\/noticia\/imagens\/a-que-nao-podia-amar-sbt-01.jpg","jetpack_sharing_enabled":true,"jetpack_likes_enabled":true,"_links":{"self":[{"href":"https:\/\/www.redenoticia.com.br\/noticia\/wp-json\/wp\/v2\/posts\/178780","targetHints":{"allow":["GET"]}}],"collection":[{"href":"https:\/\/www.redenoticia.com.br\/noticia\/wp-json\/wp\/v2\/posts"}],"about":[{"href":"https:\/\/www.redenoticia.com.br\/noticia\/wp-json\/wp\/v2\/types\/post"}],"author":[{"embeddable":true,"href":"https:\/\/www.redenoticia.com.br\/noticia\/wp-json\/wp\/v2\/users\/4"}],"replies":[{"embeddable":true,"href":"https:\/\/www.redenoticia.com.br\/noticia\/wp-json\/wp\/v2\/comments?post=178780"}],"version-history":[{"count":0,"href":"https:\/\/www.redenoticia.com.br\/noticia\/wp-json\/wp\/v2\/posts\/178780\/revisions"}],"wp:featuredmedia":[{"embeddable":true,"href":"https:\/\/www.redenoticia.com.br\/noticia\/wp-json\/wp\/v2\/media\/173627"}],"wp:attachment":[{"href":"https:\/\/www.redenoticia.com.br\/noticia\/wp-json\/wp\/v2\/media?parent=178780"}],"wp:term":[{"taxonomy":"category","embeddable":true,"href":"https:\/\/www.redenoticia.com.br\/noticia\/wp-json\/wp\/v2\/categories?post=178780"},{"taxonomy":"post_tag","embeddable":true,"href":"https:\/\/www.redenoticia.com.br\/noticia\/wp-json\/wp\/v2\/tags?post=178780"}],"curies":[{"name":"wp","href":"https:\/\/api.w.org\/{rel}","templated":true}]}}