{"id":178778,"date":"2019-07-08T14:04:37","date_gmt":"2019-07-08T17:04:37","guid":{"rendered":"https:\/\/www.redenoticia.com.br\/noticia\/?p=178778"},"modified":"2019-07-08T14:04:44","modified_gmt":"2019-07-08T17:04:44","slug":"resumo-novela-a-dona-09-07-jose-miguel-acorda-com-ivana-a-seu-lado","status":"publish","type":"post","link":"https:\/\/www.redenoticia.com.br\/noticia\/2019\/resumo-novela-a-dona-09-07-jose-miguel-acorda-com-ivana-a-seu-lado\/178778","title":{"rendered":"Resumo novela \u201cA Dona\u201d 09\/07: Jos\u00e9 Miguel acorda com Ivana a seu lado"},"content":{"rendered":"<p><img loading=\"lazy\" decoding=\"async\" class=\"aligncenter size-large wp-image-173633\" src=\"https:\/\/www.redenoticia.com.br\/noticia\/imagens\/a-dona-270x300.jpg\" alt=\"\" width=\"270\" height=\"300\" srcset=\"https:\/\/www.redenoticia.com.br\/noticia\/imagens\/a-dona-270x300.jpg 270w, https:\/\/www.redenoticia.com.br\/noticia\/imagens\/a-dona-168x187.jpg 168w, https:\/\/www.redenoticia.com.br\/noticia\/imagens\/a-dona.jpg 380w\" sizes=\"auto, (max-width: 270px) 100vw, 270px\" \/>Resumo da novela <strong><em>\u201cA Dona&#8221;<\/em><\/strong> em 09\/07: no cap\u00edtulo 072(*) da novela, ter\u00e7a-feira, 09 de julho, Ivana faz Valentina acreditar que Jos\u00e9 Miguel n\u00e3o quer voltar a v\u00ea-la, e manda a prima ir embora. Enquanto isso acontece na fazenda, Jos\u00e9 Miguel est\u00e1 na cantina de Hor\u00e1cio, bebendo e chorando por Valentina. Isabel diz a Valentina que Ivana foi v\u00ea-la, ainda que preferisse que ela n\u00e3o o tivesse feito, pois est\u00e1 muito desapontada com a filha. Valentina diz a tia que ela n\u00e3o \u00e9 respons\u00e1vel pelo mau car\u00e1ter de sua filha, pois a mesma educa\u00e7\u00e3o que deu a ela tamb\u00e9m deu a Ivana.<\/p>\n<p>Valentina diz a Isabel que talvez Ivana consiga que Jos\u00e9 Miguel se case com ela. Isabel diz que se Jos\u00e9 a ama de verdade, n\u00e3o ter\u00e1 olhos para nenhuma outra mulher, muito menos para Ivana. Jos\u00e9 Miguel chega b\u00eabado a sua casa e Ivana tenta seduzi-lo, mas se enfurece ao perceber que Jos\u00e9 Miguel acabou dormindo. Valentina acorda assustada, j\u00e1 que estava sonhando que Ivana se casava com Jos\u00e9 Miguel.<\/p>\n<p>Henriqueta, para obrigar Sandra a voltar para a casa, diz a filha que suspeita que h\u00e1 muito tempo Moises a engana com outra mulher. Jos\u00e9 Miguel acorda e se surpreende ao ver Ivana a seu lado. Ela d\u00e1 a entender a ele que tiveram rela\u00e7\u00f5es, Jos\u00e9 Miguel diz que n\u00e3o se lembra de nada. Tim\u00f3teo diz a Hor\u00e1cio que se esque\u00e7a de Ivana, e busque uma mulher que valha a pena, como Gabriela. Leonor fica surpresa ao ver Ivana na cama de Jos\u00e9 Miguel e diz ao filho que agora ele tem um compromisso moral com a mo\u00e7a.<\/p>\n<p>(*) edi\u00e7\u00e3o do SBT, Novela \u201cA Dona\u201d, sujeito a altera\u00e7\u00e3o de data e conte\u00fado.<\/p>\n<p>Destaques<\/p>\n<p>&#8220;A Dona&#8221; &#8211; Valentina Vila\u00e7a (Lucero) \u00e9 uma mulher que tem uma grande fortuna, que seus pais deixaram para ela quando morreram em um acidente de carro. Ela tem uma mans\u00e3o na Cidade do M\u00e9xico, onde vive com sua tia Isabel Rangel de Dorantes (Silvia Pinal), e sua prima Ivana Dorantes Rangel (Gabriela Spanic) que trata Valentina com muita indiferen\u00e7a e sente inveja dela.<\/p>\n<p>Tudo muda para Valentina quando seu noivo Alonso Penalva (David Zepeda), tramando com Ivana no dia de seu casamento, a deixa esperando no altar. A partir da\u00ed, Valentina se torna uma mulher amarga, e vai para sua fazenda, no interior. Chegando l\u00e1, ela conhece seu vizinho Jos\u00e9 Miguel Montesinos (Fernando Colunga).<\/p>\n","protected":false},"excerpt":{"rendered":"<p>Resumo da novela \u201cA Dona&#8221; em 09\/07: no cap\u00edtulo 072(*) da novela, ter\u00e7a-feira, 09 de julho, Ivana faz Valentina acreditar que Jos\u00e9 Miguel n\u00e3o quer voltar a v\u00ea-la, e manda a prima ir embora. Enquanto isso acontece na fazenda, Jos\u00e9 Miguel est\u00e1 na cantina de Hor\u00e1cio, bebendo e chorando por Valentina. Isabel diz a Valentina [&hellip;]<\/p>\n","protected":false},"author":4,"featured_media":173626,"comment_status":"open","ping_status":"closed","sticky":false,"template":"","format":"standard","meta":{"_genesis_hide_title":false,"_genesis_hide_breadcrumbs":false,"_genesis_hide_singular_image":false,"_genesis_hide_footer_widgets":false,"_genesis_custom_body_class":"","_genesis_custom_post_class":"","_genesis_layout":"","_jetpack_memberships_contains_paid_content":false,"footnotes":""},"categories":[379,372,343],"tags":[441],"class_list":{"0":"post-178778","1":"post","2":"type-post","3":"status-publish","4":"format-standard","5":"has-post-thumbnail","7":"category-novelas","8":"category-sbt","9":"category-televisao","10":"tag-resumo-do-dia","11":"entry","12":"gs-1","13":"gs-odd","14":"gs-even","15":"gs-featured-content-entry"},"jetpack_featured_media_url":"https:\/\/www.redenoticia.com.br\/noticia\/imagens\/a-dona-03.jpg","jetpack_sharing_enabled":true,"jetpack_likes_enabled":true,"_links":{"self":[{"href":"https:\/\/www.redenoticia.com.br\/noticia\/wp-json\/wp\/v2\/posts\/178778","targetHints":{"allow":["GET"]}}],"collection":[{"href":"https:\/\/www.redenoticia.com.br\/noticia\/wp-json\/wp\/v2\/posts"}],"about":[{"href":"https:\/\/www.redenoticia.com.br\/noticia\/wp-json\/wp\/v2\/types\/post"}],"author":[{"embeddable":true,"href":"https:\/\/www.redenoticia.com.br\/noticia\/wp-json\/wp\/v2\/users\/4"}],"replies":[{"embeddable":true,"href":"https:\/\/www.redenoticia.com.br\/noticia\/wp-json\/wp\/v2\/comments?post=178778"}],"version-history":[{"count":0,"href":"https:\/\/www.redenoticia.com.br\/noticia\/wp-json\/wp\/v2\/posts\/178778\/revisions"}],"wp:featuredmedia":[{"embeddable":true,"href":"https:\/\/www.redenoticia.com.br\/noticia\/wp-json\/wp\/v2\/media\/173626"}],"wp:attachment":[{"href":"https:\/\/www.redenoticia.com.br\/noticia\/wp-json\/wp\/v2\/media?parent=178778"}],"wp:term":[{"taxonomy":"category","embeddable":true,"href":"https:\/\/www.redenoticia.com.br\/noticia\/wp-json\/wp\/v2\/categories?post=178778"},{"taxonomy":"post_tag","embeddable":true,"href":"https:\/\/www.redenoticia.com.br\/noticia\/wp-json\/wp\/v2\/tags?post=178778"}],"curies":[{"name":"wp","href":"https:\/\/api.w.org\/{rel}","templated":true}]}}