{"id":178621,"date":"2019-07-04T16:19:48","date_gmt":"2019-07-04T19:19:48","guid":{"rendered":"https:\/\/www.redenoticia.com.br\/noticia\/?p=178621"},"modified":"2019-07-04T16:19:52","modified_gmt":"2019-07-04T19:19:52","slug":"resumo-novela-cumplices-de-um-resgate-05-07-isabela-dorme-na-sala-de-cinema","status":"publish","type":"post","link":"https:\/\/www.redenoticia.com.br\/noticia\/2019\/resumo-novela-cumplices-de-um-resgate-05-07-isabela-dorme-na-sala-de-cinema\/178621","title":{"rendered":"Resumo novela \u201cC\u00famplices de um Resgate\u201d 05\/07: Isabela dorme na sala de cinema"},"content":{"rendered":"<p><img loading=\"lazy\" decoding=\"async\" class=\"aligncenter size-large wp-image-164526\" src=\"https:\/\/www.redenoticia.com.br\/noticia\/imagens\/cumplices-de-um-resgate-001-316x300.jpg\" alt=\"\" width=\"316\" height=\"300\" srcset=\"https:\/\/www.redenoticia.com.br\/noticia\/imagens\/cumplices-de-um-resgate-001-316x300.jpg 316w, https:\/\/www.redenoticia.com.br\/noticia\/imagens\/cumplices-de-um-resgate-001-197x187.jpg 197w, https:\/\/www.redenoticia.com.br\/noticia\/imagens\/cumplices-de-um-resgate-001-150x143.jpg 150w, https:\/\/www.redenoticia.com.br\/noticia\/imagens\/cumplices-de-um-resgate-001.jpg 526w\" sizes=\"auto, (max-width: 316px) 100vw, 316px\" \/> Resumo novela \u201cC\u00famplices de um Resgate\u201d 05\/07: no cap\u00edtulo 130(*) da novela, sexta-feira, 05 de julho, Isabela foge de Sandro. Ot\u00e1vio reclama com Rebeca por ela ter sa\u00eddo sem avisar. Ela pede desculpas e diz que foi alarme falso. Ot\u00e1vio faz Rebeca prometer que n\u00e3o sair\u00e1 mais sozinha e a consola. Geraldo grita com Navarro pelo telefone por ele ter deixado Isabela fugir. Julia, atr\u00e1s da porta, ouve tudo. Isabela (que na verdade \u00e9 Manuela) chega ao est\u00fadio seguida por Sandro. Julia conta as outras crian\u00e7as que Isabela fugiu. Eles tra\u00e7am um plano para despistar Sandro e procur\u00e1-la. Isabela aparece em frente a gravadora.<\/p>\n<p>Vargas a encontra e a persegue. Na recep\u00e7\u00e3o, Regina encontra a banda fora do est\u00fadio e faz com que as crian\u00e7as voltem ao ensaio, frustrando seus planos. Isabela se esconde e escapa de Vargas. Andando pela cidade, ela entra no cinema para fugir do frio. Ot\u00e1vio leva Rebeca ao cinema. Eles ficam no mesmo espa\u00e7o que Isabela, mas n\u00e3o a encontram. Joaquim, J\u00falia e Felipe saem \u00e0 noite para procurar Isabela. Eles decidem ir at\u00e9 a gravadora e s\u00f3 retornam de manh\u00e3, sem encontrar a amiga. O lanterninha encontra Isabela dormindo na sala de cinema e diz que vai chamar o seguran\u00e7a para acompanh\u00e1-la at\u00e9 sua casa. A menina foge. Andando pela rua, ela trope\u00e7a e \u00e9 atacada por um mendigo, mas uma mulher e seu filho a protegem. Isabela acorda no casebre de Benedita e Diogo, que a protegeram do mendigo.<\/p>\n<p>Isabela (que na verdade \u00e9 Manuela) conversa com Tuntum sobre a verdadeira Isabela. Ela tem medo de que sua fam\u00edlia se prejudique caso a irm\u00e3 conte toda a verdade. Na escola, Omar pede que Sabrina o ajude a se vingar de Mateus. Sabrina coloca o rel\u00f3gio de Omar na mochila de Mateus. Omar reclama com a professora que seu rel\u00f3gio sumiu e suspeita que foi Mateus. A professora pede para olhar a mochila de Mateus e encontra o rel\u00f3gio l\u00e1. Flora diz a Fausto que quer voltar a sua casa. Fausto argumenta e faz com que a namorada esque\u00e7a da ideia temporariamente. Omar interrompe a conversa de Joel e Luiz para dizer que Mateus tentou roubar seu rel\u00f3gio. Luiz pede desculpas, diz que conversar\u00e1 com o filho, mas acredita na sua inoc\u00eancia.<\/p>\n<p>(*) edi\u00e7\u00e3o do SBT, Novela \u201cC\u00famplices de um Resgate\u201d, sujeito a altera\u00e7\u00e3o de data e conte\u00fado.<\/p>\n","protected":false},"excerpt":{"rendered":"<p>Resumo novela \u201cC\u00famplices de um Resgate\u201d 05\/07: no cap\u00edtulo 130(*) da novela, sexta-feira, 05 de julho, Isabela foge de Sandro. Ot\u00e1vio reclama com Rebeca por ela ter sa\u00eddo sem avisar. Ela pede desculpas e diz que foi alarme falso. Ot\u00e1vio faz Rebeca prometer que n\u00e3o sair\u00e1 mais sozinha e a consola. Geraldo grita com Navarro [&hellip;]<\/p>\n","protected":false},"author":4,"featured_media":164526,"comment_status":"open","ping_status":"closed","sticky":false,"template":"","format":"standard","meta":{"_genesis_hide_title":false,"_genesis_hide_breadcrumbs":false,"_genesis_hide_singular_image":false,"_genesis_hide_footer_widgets":false,"_genesis_custom_body_class":"","_genesis_custom_post_class":"","_genesis_layout":"","_jetpack_memberships_contains_paid_content":false,"footnotes":""},"categories":[379,372,343],"tags":[441],"class_list":{"0":"post-178621","1":"post","2":"type-post","3":"status-publish","4":"format-standard","5":"has-post-thumbnail","7":"category-novelas","8":"category-sbt","9":"category-televisao","10":"tag-resumo-do-dia","11":"entry","12":"gs-1","13":"gs-odd","14":"gs-even","15":"gs-featured-content-entry"},"jetpack_featured_media_url":"https:\/\/www.redenoticia.com.br\/noticia\/imagens\/cumplices-de-um-resgate-001.jpg","jetpack_sharing_enabled":true,"jetpack_likes_enabled":true,"_links":{"self":[{"href":"https:\/\/www.redenoticia.com.br\/noticia\/wp-json\/wp\/v2\/posts\/178621","targetHints":{"allow":["GET"]}}],"collection":[{"href":"https:\/\/www.redenoticia.com.br\/noticia\/wp-json\/wp\/v2\/posts"}],"about":[{"href":"https:\/\/www.redenoticia.com.br\/noticia\/wp-json\/wp\/v2\/types\/post"}],"author":[{"embeddable":true,"href":"https:\/\/www.redenoticia.com.br\/noticia\/wp-json\/wp\/v2\/users\/4"}],"replies":[{"embeddable":true,"href":"https:\/\/www.redenoticia.com.br\/noticia\/wp-json\/wp\/v2\/comments?post=178621"}],"version-history":[{"count":0,"href":"https:\/\/www.redenoticia.com.br\/noticia\/wp-json\/wp\/v2\/posts\/178621\/revisions"}],"wp:featuredmedia":[{"embeddable":true,"href":"https:\/\/www.redenoticia.com.br\/noticia\/wp-json\/wp\/v2\/media\/164526"}],"wp:attachment":[{"href":"https:\/\/www.redenoticia.com.br\/noticia\/wp-json\/wp\/v2\/media?parent=178621"}],"wp:term":[{"taxonomy":"category","embeddable":true,"href":"https:\/\/www.redenoticia.com.br\/noticia\/wp-json\/wp\/v2\/categories?post=178621"},{"taxonomy":"post_tag","embeddable":true,"href":"https:\/\/www.redenoticia.com.br\/noticia\/wp-json\/wp\/v2\/tags?post=178621"}],"curies":[{"name":"wp","href":"https:\/\/api.w.org\/{rel}","templated":true}]}}