{"id":178617,"date":"2019-07-04T16:16:51","date_gmt":"2019-07-04T19:16:51","guid":{"rendered":"https:\/\/www.redenoticia.com.br\/noticia\/?p=178617"},"modified":"2020-05-29T15:26:17","modified_gmt":"2020-05-29T18:26:17","slug":"resumo-novela-a-que-nao-podia-amar-05-07-gustavo-descobre-que-ana-esta-gravida","status":"publish","type":"post","link":"https:\/\/www.redenoticia.com.br\/noticia\/2019\/resumo-novela-a-que-nao-podia-amar-05-07-gustavo-descobre-que-ana-esta-gravida\/178617","title":{"rendered":"Resumo novela \u201cA Que N\u00e3o Podia Amar\u201d 05\/07: Gustavo descobre que Ana est\u00e1 gr\u00e1vida"},"content":{"rendered":"<p><strong><em><img loading=\"lazy\" decoding=\"async\" class=\"aligncenter size-large wp-image-173635\" src=\"https:\/\/www.redenoticia.com.br\/noticia\/imagens\/a-que-nao-podia-amar-400x271.jpg\" alt=\"\" width=\"400\" height=\"271\" srcset=\"https:\/\/www.redenoticia.com.br\/noticia\/imagens\/a-que-nao-podia-amar-400x271.jpg 400w, https:\/\/www.redenoticia.com.br\/noticia\/imagens\/a-que-nao-podia-amar-250x169.jpg 250w, https:\/\/www.redenoticia.com.br\/noticia\/imagens\/a-que-nao-podia-amar-560x379.jpg 560w, https:\/\/www.redenoticia.com.br\/noticia\/imagens\/a-que-nao-podia-amar.jpg 620w\" sizes=\"auto, (max-width: 400px) 100vw, 400px\" \/><\/em><\/strong><\/p>\n<p>Resumo da novela<strong><em> \u201cA Que N\u00e3o Podia Amar\u201d&nbsp;<\/em><\/strong> em 05\/07: no cap\u00edtulo 065(*) da novela, sexta-feira, 05 de julho, Maria recebe uma liga\u00e7\u00e3o de Rog\u00e9rio, e o fazendeiro pede pra conversar com Ana Paula. Enquanto a empregada vai cham\u00e1-la, a liga\u00e7\u00e3o acaba caindo sem que a mo\u00e7a consiga falar com o marido. Daniela confessa a Miguel que continua o amando e lhe d\u00e1 seu apoio. O rapaz diz que ele tamb\u00e9m a ama e est\u00e1 disposto a submeter-se a um tratamento para se afastar da bebida e faz\u00ea-la feliz. Miguel e Dani se beijam. Muito angustiada, Ana Paula informa a Maria que fez o teste de gravidez e saiu positivo. Consuelo bate na porta e interrompe o clima entre Miguel e Dani, Dani d\u00e1 um beijo de despedida nele. Consuelo chama Miguel de assassino, e n\u00e3o acredita na inoc\u00eancia do rapaz. Paula insiste em falar com Rog\u00e9rio e dizer toda a verdade, Maria lhe aconselha que para evitar uma trag\u00e9dia n\u00e3o lhe diga que o pai \u00e9 Gustavo. Por outro lado, no hospital Ernesto diz a Rog\u00e9rio que ele \u00e9 candidato para a opera\u00e7\u00e3o e com sorte poder\u00e1 recuperar o movimento das pernas. Rog\u00e9rio se alegra e fica entusiasmado com a novidade.<\/p>\n<p>Na fazenda, C\u00edntia conversa com Mercedes e pede a ajuda da mo\u00e7a para fazer Gustavo esquecer Ana Paula. Bruno diz a Rosaura que pelo que conhece de Rog\u00e9rio, ele nunca vai perdoar Ana Paula por estar esperando um filho de Gustavo, esta se angustia porque perder\u00e1 todo o dinheiro e as comodidades. Vanessa conversa com David e tenta convencer o s\u00f3cio a cancelar as obras que est\u00e3o desviando as \u00e1guas do rio. Ele diz que n\u00e3o vai voltar atr\u00e1s e que vai continuar desviando a \u00e1gua, pois o processo vai durar muito tempo e quando acabar Rog\u00e9rio estar\u00e1 falido. Vanessa chega em sua casa e se preocupa ao encontrar sua m\u00e3e conversando sozinha, como se estivesse falando com Frederico. Gustavo leva os documentos do Rancho A Negra para Ana Paula. A mo\u00e7a aproveita a ocasi\u00e3o e diz a Gustavo que est\u00e1 esperando um filho dele. O rapaz se surpreende e se alegra diante de tal not\u00edcia. Gustavo prop\u00f5e a Ana Paula que esque\u00e7a de seu esposo e se case com ele para juntos formarem uma fam\u00edlia. No entanto, Ana esclarece que n\u00e3o quer ser divorciar de Rog\u00e9rio, pois continua insegura com seus sentimentos. Gustavo informa que pretende assumir o beb\u00ea, mas Ana Paula n\u00e3o quer que ele n\u00e3o fa\u00e7a isso, pois Rog\u00e9rio poderia mat\u00e1-lo e caso isso ocorra, ela tamb\u00e9m se mataria. Gustavo pega nas m\u00e3os de Ana Paula, olha em seus olhos e pergunta se ela tiraria sua vida por amor ou por culpa.<\/p>\n<p>(*) edi\u00e7\u00e3o do SBT, Novela \u201cA Que N\u00e3o Podia Amar\u201d, sujeito a altera\u00e7\u00e3o de data e conte\u00fado.<\/p>\n<p>Destaques<\/p>\n<p>&#8220;A Que N\u00e3o Podia Amar&#8221;- Ana Paula, uma enfermeira humilde que se v\u00ea obrigada a trabalhar na casa de Rog\u00e9rio Montero (Jorge Salinas), um homem amargurado. Rog\u00e9rio sofre por ser parapl\u00e9gico e destrata todas as pessoas. Ana Paula atura tudo calada e o rica\u00e7o se apaixona por ela.<\/p>\n<p>Ana conhece Gustavo Duran (Jos\u00e9 Ron), um engenheiro nobre e trabalhador. Os dois se apaixonam, mas ter\u00e3o de enfrentar Rog\u00e9rio, j\u00e1 que ele tamb\u00e9m gosta da mocinha, formando assim, um tri\u00e2ngulo amoroso com terr\u00edveis consequ\u00eancias.<\/p>\n","protected":false},"excerpt":{"rendered":"<p>Resumo da novela \u201cA Que N\u00e3o Podia Amar\u201d&nbsp; em 05\/07: no cap\u00edtulo 065(*) da novela, sexta-feira, 05 de julho, Maria recebe uma liga\u00e7\u00e3o de Rog\u00e9rio, e o fazendeiro pede pra conversar com Ana Paula. Enquanto a empregada vai cham\u00e1-la, a liga\u00e7\u00e3o acaba caindo sem que a mo\u00e7a consiga falar com o marido. Daniela confessa a [&hellip;]<\/p>\n","protected":false},"author":4,"featured_media":173627,"comment_status":"open","ping_status":"closed","sticky":false,"template":"","format":"standard","meta":{"_genesis_hide_title":false,"_genesis_hide_breadcrumbs":false,"_genesis_hide_singular_image":false,"_genesis_hide_footer_widgets":false,"_genesis_custom_body_class":"","_genesis_custom_post_class":"","_genesis_layout":"","_jetpack_memberships_contains_paid_content":false,"footnotes":""},"categories":[379,372,343],"tags":[441],"class_list":{"0":"post-178617","1":"post","2":"type-post","3":"status-publish","4":"format-standard","5":"has-post-thumbnail","7":"category-novelas","8":"category-sbt","9":"category-televisao","10":"tag-resumo-do-dia","11":"entry","12":"gs-1","13":"gs-odd","14":"gs-even","15":"gs-featured-content-entry"},"jetpack_featured_media_url":"https:\/\/www.redenoticia.com.br\/noticia\/imagens\/a-que-nao-podia-amar-sbt-01.jpg","jetpack_sharing_enabled":true,"jetpack_likes_enabled":true,"_links":{"self":[{"href":"https:\/\/www.redenoticia.com.br\/noticia\/wp-json\/wp\/v2\/posts\/178617","targetHints":{"allow":["GET"]}}],"collection":[{"href":"https:\/\/www.redenoticia.com.br\/noticia\/wp-json\/wp\/v2\/posts"}],"about":[{"href":"https:\/\/www.redenoticia.com.br\/noticia\/wp-json\/wp\/v2\/types\/post"}],"author":[{"embeddable":true,"href":"https:\/\/www.redenoticia.com.br\/noticia\/wp-json\/wp\/v2\/users\/4"}],"replies":[{"embeddable":true,"href":"https:\/\/www.redenoticia.com.br\/noticia\/wp-json\/wp\/v2\/comments?post=178617"}],"version-history":[{"count":0,"href":"https:\/\/www.redenoticia.com.br\/noticia\/wp-json\/wp\/v2\/posts\/178617\/revisions"}],"wp:featuredmedia":[{"embeddable":true,"href":"https:\/\/www.redenoticia.com.br\/noticia\/wp-json\/wp\/v2\/media\/173627"}],"wp:attachment":[{"href":"https:\/\/www.redenoticia.com.br\/noticia\/wp-json\/wp\/v2\/media?parent=178617"}],"wp:term":[{"taxonomy":"category","embeddable":true,"href":"https:\/\/www.redenoticia.com.br\/noticia\/wp-json\/wp\/v2\/categories?post=178617"},{"taxonomy":"post_tag","embeddable":true,"href":"https:\/\/www.redenoticia.com.br\/noticia\/wp-json\/wp\/v2\/tags?post=178617"}],"curies":[{"name":"wp","href":"https:\/\/api.w.org\/{rel}","templated":true}]}}