{"id":178615,"date":"2019-07-04T16:15:39","date_gmt":"2019-07-04T19:15:39","guid":{"rendered":"https:\/\/www.redenoticia.com.br\/noticia\/?p=178615"},"modified":"2019-07-04T16:15:45","modified_gmt":"2019-07-04T19:15:45","slug":"resumo-novela-a-dona-05-07-valentina-expulsa-alonso-da-fazenda-a-tiros","status":"publish","type":"post","link":"https:\/\/www.redenoticia.com.br\/noticia\/2019\/resumo-novela-a-dona-05-07-valentina-expulsa-alonso-da-fazenda-a-tiros\/178615","title":{"rendered":"Resumo novela \u201cA Dona\u201d 05\/07: Valentina expulsa Alonso da fazenda a tiros"},"content":{"rendered":"<p><img loading=\"lazy\" decoding=\"async\" class=\"aligncenter size-large wp-image-173633\" src=\"https:\/\/www.redenoticia.com.br\/noticia\/imagens\/a-dona-270x300.jpg\" alt=\"\" width=\"270\" height=\"300\" srcset=\"https:\/\/www.redenoticia.com.br\/noticia\/imagens\/a-dona-270x300.jpg 270w, https:\/\/www.redenoticia.com.br\/noticia\/imagens\/a-dona-168x187.jpg 168w, https:\/\/www.redenoticia.com.br\/noticia\/imagens\/a-dona.jpg 380w\" sizes=\"auto, (max-width: 270px) 100vw, 270px\" \/>Resumo da novela <strong><em>\u201cA Dona&#8221;<\/em><\/strong> em 05\/07: no cap\u00edtulo 070(*) da novela, sexta-feira, 05 de julho, Jos\u00e9 Miguel tem um ataque de risos ao ver Valentina abrir a janela e expulsar Alonso e seus mariachis a tiros. Benita diz a Valentina que ela deu um bom susto em Alonso. N\u00e1dia, chorando, diz diante de uma foto de Oscar que ele quis indeniz\u00e1-la com dinheiro por sua falta de afeto. Benita desmaia e Maria da Luz pensa que ela morreu. Valentina chega e pede a Benita que descanse enquanto Gabriela vai chamar Felipe. Sandra reclama com Felipe que ele a tem deixado s\u00f3. Felipe responde que a viu conversando muito entusiasmada com Alonso.<\/p>\n<p>Sandra diz que n\u00e3o \u00e9 verdade. Felipe diz a Sandra que Alonso n\u00e3o vale nada, pois tinha um caso com Ivana mesmo sendo comprometido com Valentina. Jos\u00e9 Miguel encontra Ivana em sua cama, disposta a seduzi-lo. Ele diz que n\u00e3o a ama e seria indigno ficar com ela e depois descart\u00e1-la. Ivana responde que n\u00e3o entende esse absurdo amor dele por Valentina, ainda mais sabendo que ela segue amando Alonso e logo voltar\u00e1 a ficar com ele. Jos\u00e9 Miguel responde que pode comprovar que Alonso n\u00e3o interessa a Valentina, j\u00e1 que o expulsou a bala de sua fazenda ap\u00f3s uma serenata.<\/p>\n<p>Alonso tenta reconquistar Sandra. Ap\u00f3s ser insultada, Sandra esbofeteia Alonso. Sabino discute com Leonor, j\u00e1 que ela se nega a permitir que fa\u00e7am autopsia nos gados que morreram, e diz que Frederico jamais permitiria essa atitude. Leonor exige que Sabino nunca mais cite Frederico. Jos\u00e9 Miguel pensa que Leonor, para proteger Rodrigo, est\u00e1 culpando Valentina pela morte de seu pai.<\/p>\n<p>(*) edi\u00e7\u00e3o do SBT, Novela \u201cA Dona\u201d, sujeito a altera\u00e7\u00e3o de data e conte\u00fado.<\/p>\n<p>Destaques<\/p>\n<p>&#8220;A Dona&#8221; &#8211; Valentina Vila\u00e7a (Lucero) \u00e9 uma mulher que tem uma grande fortuna, que seus pais deixaram para ela quando morreram em um acidente de carro. Ela tem uma mans\u00e3o na Cidade do M\u00e9xico, onde vive com sua tia Isabel Rangel de Dorantes (Silvia Pinal), e sua prima Ivana Dorantes Rangel (Gabriela Spanic) que trata Valentina com muita indiferen\u00e7a e sente inveja dela.<\/p>\n<p>Tudo muda para Valentina quando seu noivo Alonso Penalva (David Zepeda), tramando com Ivana no dia de seu casamento, a deixa esperando no altar. A partir da\u00ed, Valentina se torna uma mulher amarga, e vai para sua fazenda, no interior. Chegando l\u00e1, ela conhece seu vizinho Jos\u00e9 Miguel Montesinos (Fernando Colunga).<\/p>\n","protected":false},"excerpt":{"rendered":"<p>Resumo da novela \u201cA Dona&#8221; em 05\/07: no cap\u00edtulo 070(*) da novela, sexta-feira, 05 de julho, Jos\u00e9 Miguel tem um ataque de risos ao ver Valentina abrir a janela e expulsar Alonso e seus mariachis a tiros. Benita diz a Valentina que ela deu um bom susto em Alonso. N\u00e1dia, chorando, diz diante de uma [&hellip;]<\/p>\n","protected":false},"author":4,"featured_media":173626,"comment_status":"open","ping_status":"closed","sticky":false,"template":"","format":"standard","meta":{"_genesis_hide_title":false,"_genesis_hide_breadcrumbs":false,"_genesis_hide_singular_image":false,"_genesis_hide_footer_widgets":false,"_genesis_custom_body_class":"","_genesis_custom_post_class":"","_genesis_layout":"","_jetpack_memberships_contains_paid_content":false,"footnotes":""},"categories":[379,372,343],"tags":[441],"class_list":{"0":"post-178615","1":"post","2":"type-post","3":"status-publish","4":"format-standard","5":"has-post-thumbnail","7":"category-novelas","8":"category-sbt","9":"category-televisao","10":"tag-resumo-do-dia","11":"entry","12":"gs-1","13":"gs-odd","14":"gs-even","15":"gs-featured-content-entry"},"jetpack_featured_media_url":"https:\/\/www.redenoticia.com.br\/noticia\/imagens\/a-dona-03.jpg","jetpack_sharing_enabled":true,"jetpack_likes_enabled":true,"_links":{"self":[{"href":"https:\/\/www.redenoticia.com.br\/noticia\/wp-json\/wp\/v2\/posts\/178615","targetHints":{"allow":["GET"]}}],"collection":[{"href":"https:\/\/www.redenoticia.com.br\/noticia\/wp-json\/wp\/v2\/posts"}],"about":[{"href":"https:\/\/www.redenoticia.com.br\/noticia\/wp-json\/wp\/v2\/types\/post"}],"author":[{"embeddable":true,"href":"https:\/\/www.redenoticia.com.br\/noticia\/wp-json\/wp\/v2\/users\/4"}],"replies":[{"embeddable":true,"href":"https:\/\/www.redenoticia.com.br\/noticia\/wp-json\/wp\/v2\/comments?post=178615"}],"version-history":[{"count":0,"href":"https:\/\/www.redenoticia.com.br\/noticia\/wp-json\/wp\/v2\/posts\/178615\/revisions"}],"wp:featuredmedia":[{"embeddable":true,"href":"https:\/\/www.redenoticia.com.br\/noticia\/wp-json\/wp\/v2\/media\/173626"}],"wp:attachment":[{"href":"https:\/\/www.redenoticia.com.br\/noticia\/wp-json\/wp\/v2\/media?parent=178615"}],"wp:term":[{"taxonomy":"category","embeddable":true,"href":"https:\/\/www.redenoticia.com.br\/noticia\/wp-json\/wp\/v2\/categories?post=178615"},{"taxonomy":"post_tag","embeddable":true,"href":"https:\/\/www.redenoticia.com.br\/noticia\/wp-json\/wp\/v2\/tags?post=178615"}],"curies":[{"name":"wp","href":"https:\/\/api.w.org\/{rel}","templated":true}]}}