{"id":178544,"date":"2019-07-03T16:10:32","date_gmt":"2019-07-03T19:10:32","guid":{"rendered":"https:\/\/www.redenoticia.com.br\/noticia\/?p=178544"},"modified":"2020-05-29T15:26:13","modified_gmt":"2020-05-29T18:26:13","slug":"resumo-novela-a-que-nao-podia-amar-04-07-ana-paula-confirma-que-esta-gravida-de-gustavo","status":"publish","type":"post","link":"https:\/\/www.redenoticia.com.br\/noticia\/2019\/resumo-novela-a-que-nao-podia-amar-04-07-ana-paula-confirma-que-esta-gravida-de-gustavo\/178544","title":{"rendered":"Resumo novela \u201cA Que N\u00e3o Podia Amar\u201d 04\/07: Ana Paula confirma que est\u00e1 gr\u00e1vida de Gustavo"},"content":{"rendered":"<p><strong><em><img loading=\"lazy\" decoding=\"async\" class=\"aligncenter size-large wp-image-173635\" src=\"https:\/\/www.redenoticia.com.br\/noticia\/imagens\/a-que-nao-podia-amar-400x271.jpg\" alt=\"\" width=\"400\" height=\"271\" srcset=\"https:\/\/www.redenoticia.com.br\/noticia\/imagens\/a-que-nao-podia-amar-400x271.jpg 400w, https:\/\/www.redenoticia.com.br\/noticia\/imagens\/a-que-nao-podia-amar-250x169.jpg 250w, https:\/\/www.redenoticia.com.br\/noticia\/imagens\/a-que-nao-podia-amar-560x379.jpg 560w, https:\/\/www.redenoticia.com.br\/noticia\/imagens\/a-que-nao-podia-amar.jpg 620w\" sizes=\"auto, (max-width: 400px) 100vw, 400px\" \/><\/em><\/strong><\/p>\n<p>Resumo da novela<strong><em> \u201cA Que N\u00e3o Podia Amar\u201d&nbsp;<\/em><\/strong> em 04\/07: no cap\u00edtulo 064(*) da novela, quinta-feira, 04 de julho, Vanessa chora ao saber que sua m\u00e3e foi culpada pela morte de Frederico e percebe que Elza n\u00e3o est\u00e1 em s\u00e3 consci\u00eancia. Ana Paula faz uma reuni\u00e3o com todos os empregados da fazenda e revela que algu\u00e9m alimentou o gado com clembuterol. Ela pede ajuda para descobrir quem foi o respons\u00e1vel pela sabotagem. C\u00edntia diz a Bruno que ainda que as terras n\u00e3o estejam no seu nome, tamb\u00e9m s\u00e3o dela, este responde que se isso fosse verdade seria ela quem est\u00e1 \u00e0 frente da fazenda e n\u00e3o Paula, C\u00edntia exige que lhe diga o que ele e David tiveram a ver com a sabotagem do clembuterol. Ele alega n\u00e3o saber de nada e tenta jogar as suspeitas sobre David ou Elias. Gustavo enfrenta Ana Paula e a questiona se o que ela sente por Rog\u00e9rio \u00e9 amor ou carinho, ela n\u00e3o sabe o que responder. Vanessa, chorando, conversa com C\u00edntia por telefone e revela para a amiga que sua m\u00e3e est\u00e1 fora de si. Ana Paula tem agora que resolver o problema de falta de \u00e1gua na fazenda.<\/p>\n<p>Furiosa, Ana Paula vai at\u00e9 o escrit\u00f3rio e exige que David remova o bloqueio da \u00e1gua. Ana Paula diz ao rapaz que o que ele est\u00e1 fazendo \u00e9 um crime e poderia terminar na cadeia, por isso lhe pede que pense bem em seus atos. Maria pergunta o motivo de C\u00edntia estar t\u00e3o preocupada. C\u00edntia diz que ela n\u00e3o pode ajudar por ser apenas uma empregada. Miguel \u00e9 liberado da cadeia. Gustavo pede a ajuda de Estev\u00e3o para descobrir quem \u00e9 o dono do Rancho A Negra. Estev\u00e3o procura Vanessa e diz que j\u00e1 sabe que as terras do rancho A Negra est\u00e3o no nome de uma das empresas dela. A mo\u00e7a alega que n\u00e3o sabia das obras que David est\u00e1 fazendo para desviar as \u00e1guas do Rio. Estev\u00e3o alerta a Vanessa que isso \u00e9 um delito muito grave e que ela poderia ser presa, mas ela consegue faz\u00ea-lo acreditar que n\u00e3o sabia nada do que David estava fazendo. Ana Paula informa a Rosaura que o teste de gravidez deu positivo, o que quer dizer que est\u00e1 esperando um filho de Gustavo.<\/p>\n<p>(*) edi\u00e7\u00e3o do SBT, Novela \u201cA Que N\u00e3o Podia Amar\u201d, sujeito a altera\u00e7\u00e3o de data e conte\u00fado.<\/p>\n<p>Destaques<\/p>\n<p>&#8220;A Que N\u00e3o Podia Amar&#8221;- Ana Paula, uma enfermeira humilde que se v\u00ea obrigada a trabalhar na casa de Rog\u00e9rio Montero (Jorge Salinas), um homem amargurado. Rog\u00e9rio sofre por ser parapl\u00e9gico e destrata todas as pessoas. Ana Paula atura tudo calada e o rica\u00e7o se apaixona por ela.<\/p>\n<p>Ana conhece Gustavo Duran (Jos\u00e9 Ron), um engenheiro nobre e trabalhador. Os dois se apaixonam, mas ter\u00e3o de enfrentar Rog\u00e9rio, j\u00e1 que ele tamb\u00e9m gosta da mocinha, formando assim, um tri\u00e2ngulo amoroso com terr\u00edveis consequ\u00eancias.<\/p>\n","protected":false},"excerpt":{"rendered":"<p>Resumo da novela \u201cA Que N\u00e3o Podia Amar\u201d&nbsp; em 04\/07: no cap\u00edtulo 064(*) da novela, quinta-feira, 04 de julho, Vanessa chora ao saber que sua m\u00e3e foi culpada pela morte de Frederico e percebe que Elza n\u00e3o est\u00e1 em s\u00e3 consci\u00eancia. Ana Paula faz uma reuni\u00e3o com todos os empregados da fazenda e revela que [&hellip;]<\/p>\n","protected":false},"author":4,"featured_media":173627,"comment_status":"open","ping_status":"closed","sticky":false,"template":"","format":"standard","meta":{"_genesis_hide_title":false,"_genesis_hide_breadcrumbs":false,"_genesis_hide_singular_image":false,"_genesis_hide_footer_widgets":false,"_genesis_custom_body_class":"","_genesis_custom_post_class":"","_genesis_layout":"","_jetpack_memberships_contains_paid_content":false,"footnotes":""},"categories":[379,372,343],"tags":[441],"class_list":{"0":"post-178544","1":"post","2":"type-post","3":"status-publish","4":"format-standard","5":"has-post-thumbnail","7":"category-novelas","8":"category-sbt","9":"category-televisao","10":"tag-resumo-do-dia","11":"entry","12":"gs-1","13":"gs-odd","14":"gs-even","15":"gs-featured-content-entry"},"jetpack_featured_media_url":"https:\/\/www.redenoticia.com.br\/noticia\/imagens\/a-que-nao-podia-amar-sbt-01.jpg","jetpack_sharing_enabled":true,"jetpack_likes_enabled":true,"_links":{"self":[{"href":"https:\/\/www.redenoticia.com.br\/noticia\/wp-json\/wp\/v2\/posts\/178544","targetHints":{"allow":["GET"]}}],"collection":[{"href":"https:\/\/www.redenoticia.com.br\/noticia\/wp-json\/wp\/v2\/posts"}],"about":[{"href":"https:\/\/www.redenoticia.com.br\/noticia\/wp-json\/wp\/v2\/types\/post"}],"author":[{"embeddable":true,"href":"https:\/\/www.redenoticia.com.br\/noticia\/wp-json\/wp\/v2\/users\/4"}],"replies":[{"embeddable":true,"href":"https:\/\/www.redenoticia.com.br\/noticia\/wp-json\/wp\/v2\/comments?post=178544"}],"version-history":[{"count":0,"href":"https:\/\/www.redenoticia.com.br\/noticia\/wp-json\/wp\/v2\/posts\/178544\/revisions"}],"wp:featuredmedia":[{"embeddable":true,"href":"https:\/\/www.redenoticia.com.br\/noticia\/wp-json\/wp\/v2\/media\/173627"}],"wp:attachment":[{"href":"https:\/\/www.redenoticia.com.br\/noticia\/wp-json\/wp\/v2\/media?parent=178544"}],"wp:term":[{"taxonomy":"category","embeddable":true,"href":"https:\/\/www.redenoticia.com.br\/noticia\/wp-json\/wp\/v2\/categories?post=178544"},{"taxonomy":"post_tag","embeddable":true,"href":"https:\/\/www.redenoticia.com.br\/noticia\/wp-json\/wp\/v2\/tags?post=178544"}],"curies":[{"name":"wp","href":"https:\/\/api.w.org\/{rel}","templated":true}]}}