{"id":178542,"date":"2019-07-03T16:09:19","date_gmt":"2019-07-03T19:09:19","guid":{"rendered":"https:\/\/www.redenoticia.com.br\/noticia\/?p=178542"},"modified":"2019-07-03T16:09:24","modified_gmt":"2019-07-03T19:09:24","slug":"resumo-novela-a-dona-04-07-leonor-ameaca-mandar-rodrigo-para-a-cadeia","status":"publish","type":"post","link":"https:\/\/www.redenoticia.com.br\/noticia\/2019\/resumo-novela-a-dona-04-07-leonor-ameaca-mandar-rodrigo-para-a-cadeia\/178542","title":{"rendered":"Resumo novela \u201cA Dona\u201d 04\/07: Leonor amea\u00e7a mandar Rodrigo para a cadeia"},"content":{"rendered":"<p><img loading=\"lazy\" decoding=\"async\" class=\"aligncenter size-large wp-image-173633\" src=\"https:\/\/www.redenoticia.com.br\/noticia\/imagens\/a-dona-270x300.jpg\" alt=\"\" width=\"270\" height=\"300\" srcset=\"https:\/\/www.redenoticia.com.br\/noticia\/imagens\/a-dona-270x300.jpg 270w, https:\/\/www.redenoticia.com.br\/noticia\/imagens\/a-dona-168x187.jpg 168w, https:\/\/www.redenoticia.com.br\/noticia\/imagens\/a-dona.jpg 380w\" sizes=\"auto, (max-width: 270px) 100vw, 270px\" \/>Resumo da novela <strong><em>\u201cA Dona&#8221;<\/em><\/strong> em 04\/07: no cap\u00edtulo 069(*) da novela, quinta-feira, 04 de julho, Valentina ordena a Rodrigo que n\u00e3o permita mais a entrada de Alonso em sua propriedade. Ernesto d\u00e1 seus p\u00easames a Jos\u00e9 Miguel pela morte de Frederico, e o diz que apesar de tudo que acusam Valentina, ela n\u00e3o \u00e9 a culpada da morte de seu pai, e completa dizendo que Valentina jamais seria capaz de matar algu\u00e9m. Jos\u00e9 Miguel o diz que est\u00e1 muito confuso, que de um lado se recrimina por estar apaixonado por uma assassina, e por outro lado tem ci\u00eancia de que Valentina jamais seria capaz de tamanha atrocidade. Ernesto aconselha Jos\u00e9 Miguel a lutar por Valentina, pois Alonso est\u00e1 de volta e disposto a reconquist\u00e1-la.<\/p>\n<p>Maria da Luz diz a Valentina que est\u00e1 certa que n\u00e3o foi seu cavalo quem matou L\u00e1zaro, mas algu\u00e9m que o deu um golpe bem forte na cabe\u00e7a. Valentina pede mais informa\u00e7\u00f5es e Maria, assustada, se aquieta e n\u00e3o revela que o assassino \u00e9 Rodrigo. Ivana procura Alonso para lhe dizer que \u00e9 poss\u00edvel que Valentina o perdoe e que ela pode ajud\u00e1-lo nisso Alonso, duvidando das inten\u00e7\u00f5es de Ivana, pergunta o que ela quer em troca desse favor. Ivana responde que \u00e9 um favor gr\u00e1tis, pois em troca disso j\u00e1 teria Jos\u00e9 Miguel totalmente livre para ela. Leonor diz a Jos\u00e9 Miguel que se ele n\u00e3o tivesse se metido com Valentina eles n\u00e3o teriam sofrido tantas desventuras.<\/p>\n<p>Leonor pede a Ivana que a diga quem estava perto da cabana incendiada, pois ela teme que Rodrigo tamb\u00e9m acabe matando Jos\u00e9 Miguel. Jos\u00e9 Miguel encontra Valentina no t\u00famulo de Frederico e eles discutem. Ela ent\u00e3o jura n\u00e3o voltar jamais \u00e0quele local. Jos\u00e9 Miguel responde que assim estaria bem melhor. Leonor acusa Rodrigo de ser o assassino de Frederico e o amea\u00e7a mand\u00e1-lo a cadeia. Rodrigo responde que isso n\u00e3o a conv\u00e9m, j\u00e1 que assim Jos\u00e9 Miguel acabaria sabendo que Leonor foi infiel a Frederico e relacionou se com outro homem por um bom tempo.<\/p>\n<p>(*) edi\u00e7\u00e3o do SBT, Novela \u201cA Dona\u201d, sujeito a altera\u00e7\u00e3o de data e conte\u00fado.<\/p>\n<p>Destaques<\/p>\n<p>&#8220;A Dona&#8221; &#8211; Valentina Vila\u00e7a (Lucero) \u00e9 uma mulher que tem uma grande fortuna, que seus pais deixaram para ela quando morreram em um acidente de carro. Ela tem uma mans\u00e3o na Cidade do M\u00e9xico, onde vive com sua tia Isabel Rangel de Dorantes (Silvia Pinal), e sua prima Ivana Dorantes Rangel (Gabriela Spanic) que trata Valentina com muita indiferen\u00e7a e sente inveja dela.<\/p>\n<p>Tudo muda para Valentina quando seu noivo Alonso Penalva (David Zepeda), tramando com Ivana no dia de seu casamento, a deixa esperando no altar. A partir da\u00ed, Valentina se torna uma mulher amarga, e vai para sua fazenda, no interior. Chegando l\u00e1, ela conhece seu vizinho Jos\u00e9 Miguel Montesinos (Fernando Colunga).<\/p>\n","protected":false},"excerpt":{"rendered":"<p>Resumo da novela \u201cA Dona&#8221; em 04\/07: no cap\u00edtulo 069(*) da novela, quinta-feira, 04 de julho, Valentina ordena a Rodrigo que n\u00e3o permita mais a entrada de Alonso em sua propriedade. Ernesto d\u00e1 seus p\u00easames a Jos\u00e9 Miguel pela morte de Frederico, e o diz que apesar de tudo que acusam Valentina, ela n\u00e3o \u00e9 [&hellip;]<\/p>\n","protected":false},"author":4,"featured_media":173626,"comment_status":"open","ping_status":"closed","sticky":false,"template":"","format":"standard","meta":{"_genesis_hide_title":false,"_genesis_hide_breadcrumbs":false,"_genesis_hide_singular_image":false,"_genesis_hide_footer_widgets":false,"_genesis_custom_body_class":"","_genesis_custom_post_class":"","_genesis_layout":"","_jetpack_memberships_contains_paid_content":false,"footnotes":""},"categories":[379,372,343],"tags":[441],"class_list":{"0":"post-178542","1":"post","2":"type-post","3":"status-publish","4":"format-standard","5":"has-post-thumbnail","7":"category-novelas","8":"category-sbt","9":"category-televisao","10":"tag-resumo-do-dia","11":"entry","12":"gs-1","13":"gs-odd","14":"gs-even","15":"gs-featured-content-entry"},"jetpack_featured_media_url":"https:\/\/www.redenoticia.com.br\/noticia\/imagens\/a-dona-03.jpg","jetpack_sharing_enabled":true,"jetpack_likes_enabled":true,"_links":{"self":[{"href":"https:\/\/www.redenoticia.com.br\/noticia\/wp-json\/wp\/v2\/posts\/178542","targetHints":{"allow":["GET"]}}],"collection":[{"href":"https:\/\/www.redenoticia.com.br\/noticia\/wp-json\/wp\/v2\/posts"}],"about":[{"href":"https:\/\/www.redenoticia.com.br\/noticia\/wp-json\/wp\/v2\/types\/post"}],"author":[{"embeddable":true,"href":"https:\/\/www.redenoticia.com.br\/noticia\/wp-json\/wp\/v2\/users\/4"}],"replies":[{"embeddable":true,"href":"https:\/\/www.redenoticia.com.br\/noticia\/wp-json\/wp\/v2\/comments?post=178542"}],"version-history":[{"count":0,"href":"https:\/\/www.redenoticia.com.br\/noticia\/wp-json\/wp\/v2\/posts\/178542\/revisions"}],"wp:featuredmedia":[{"embeddable":true,"href":"https:\/\/www.redenoticia.com.br\/noticia\/wp-json\/wp\/v2\/media\/173626"}],"wp:attachment":[{"href":"https:\/\/www.redenoticia.com.br\/noticia\/wp-json\/wp\/v2\/media?parent=178542"}],"wp:term":[{"taxonomy":"category","embeddable":true,"href":"https:\/\/www.redenoticia.com.br\/noticia\/wp-json\/wp\/v2\/categories?post=178542"},{"taxonomy":"post_tag","embeddable":true,"href":"https:\/\/www.redenoticia.com.br\/noticia\/wp-json\/wp\/v2\/tags?post=178542"}],"curies":[{"name":"wp","href":"https:\/\/api.w.org\/{rel}","templated":true}]}}