{"id":178482,"date":"2019-07-02T16:43:21","date_gmt":"2019-07-02T19:43:21","guid":{"rendered":"https:\/\/www.redenoticia.com.br\/noticia\/?p=178482"},"modified":"2019-07-02T16:43:28","modified_gmt":"2019-07-02T19:43:28","slug":"resumo-novela-cumplices-de-um-resgate-03-07-isabela-consegue-escapar-do-galpao","status":"publish","type":"post","link":"https:\/\/www.redenoticia.com.br\/noticia\/2019\/resumo-novela-cumplices-de-um-resgate-03-07-isabela-consegue-escapar-do-galpao\/178482","title":{"rendered":"Resumo novela \u201cC\u00famplices de um Resgate\u201d 03\/07: Isabela  consegue escapar do galp\u00e3o"},"content":{"rendered":"<p><img loading=\"lazy\" decoding=\"async\" class=\"aligncenter size-large wp-image-164526\" src=\"https:\/\/www.redenoticia.com.br\/noticia\/imagens\/cumplices-de-um-resgate-001-316x300.jpg\" alt=\"\" width=\"316\" height=\"300\" srcset=\"https:\/\/www.redenoticia.com.br\/noticia\/imagens\/cumplices-de-um-resgate-001-316x300.jpg 316w, https:\/\/www.redenoticia.com.br\/noticia\/imagens\/cumplices-de-um-resgate-001-197x187.jpg 197w, https:\/\/www.redenoticia.com.br\/noticia\/imagens\/cumplices-de-um-resgate-001-150x143.jpg 150w, https:\/\/www.redenoticia.com.br\/noticia\/imagens\/cumplices-de-um-resgate-001.jpg 526w\" sizes=\"auto, (max-width: 316px) 100vw, 316px\" \/> Resumo novela \u201cC\u00famplices de um Resgate\u201d 03\/07: no cap\u00edtulo 128(*) da novela, quarta-feira, 03 de julho, Al\u00edcia conta para Vicente sobre seu encontro com Flora. Vicente diz que com a volta da Tia dos meninos, eles teriam que esquecer o processo de ado\u00e7\u00e3o. O casal decide conversar com Flora para definir a situa\u00e7\u00e3o. Na sorveteria, Fiorina diz para Pedro e Giuseppe que suspeita que T\u00e9o n\u00e3o \u00e9 respons\u00e1vel pelo incidente com os ovos e est\u00e1 encobrindo algum amigo. Meire surpreende Al\u00edcia com um cesto de roupas de crian\u00e7as rec\u00e9m-lavadas. Al\u00edcia diz que est\u00e1 fazendo um favor para Flora. As crian\u00e7as Vaz contam para Al\u00edcia que Flora pediu demiss\u00e3o do supermercado. Isabela tenta bolar um plano para escapar do galp\u00e3o e encontrar com Raul. Mateus e D\u00f3ris contam para Fiorina que Omar \u00e9 verdadeiro culpado pelo incidente com os ovos.<\/p>\n<p>Isabela engana Navarro e consegue escapar do galp\u00e3o. Por\u00e9m a menina n\u00e3o consegue abrir o port\u00e3o. Para impressionar Lurdinha, Frederico chega com um estilo de roupas diferente ao escrit\u00f3rio. Rebeca diz que as roupas s\u00e3o bonitas, mas n\u00e3o fazem o estilo dele. Safira e Tomas armam para que Rebeca saia do escrit\u00f3rio sem avisar Ot\u00e1vio. Joel entra na cl\u00ednica veterin\u00e1ria e Pedro lhe fala sobre a travessura de Omar. Isabela se esconde enquanto Vargas chega de carro. Depois que o capanga entra, Isabela aproveita o port\u00e3o aberto e escapa. Rebeca recebe uma liga\u00e7\u00e3o misteriosa dizendo que encontraram sua filha. Ela sai do escrit\u00f3rio sem avisar Ot\u00e1vio.<\/p>\n<p>Joel d\u00e1 uma bronca em Omar e leva o filho ao vilarejo para pedir desculpas a todos os que sofreram com o que ele fez. Ot\u00e1vio pergunta a Safira onde est\u00e1 Rebeca. Safira disse que a liberou para que encontre sua filha. Ot\u00e1vio fica nervoso, pois Rebeca saiu sem avis\u00e1-lo. Raul leva Isabela (que na verdade \u00e9 Manuela) para o ensaio na gravadora. Sandro os segue. Omar amea\u00e7a Mateus por ter o dedurado. Ao sair de casa, Sandro encontra Isabela em frente a mans\u00e3o.<\/p>\n<p>(*) edi\u00e7\u00e3o do SBT, Novela \u201cC\u00famplices de um Resgate\u201d, sujeito a altera\u00e7\u00e3o de data e conte\u00fado.<\/p>\n","protected":false},"excerpt":{"rendered":"<p>Resumo novela \u201cC\u00famplices de um Resgate\u201d 03\/07: no cap\u00edtulo 128(*) da novela, quarta-feira, 03 de julho, Al\u00edcia conta para Vicente sobre seu encontro com Flora. Vicente diz que com a volta da Tia dos meninos, eles teriam que esquecer o processo de ado\u00e7\u00e3o. O casal decide conversar com Flora para definir a situa\u00e7\u00e3o. Na sorveteria, [&hellip;]<\/p>\n","protected":false},"author":4,"featured_media":164526,"comment_status":"open","ping_status":"closed","sticky":false,"template":"","format":"standard","meta":{"_genesis_hide_title":false,"_genesis_hide_breadcrumbs":false,"_genesis_hide_singular_image":false,"_genesis_hide_footer_widgets":false,"_genesis_custom_body_class":"","_genesis_custom_post_class":"","_genesis_layout":"","_jetpack_memberships_contains_paid_content":false,"footnotes":""},"categories":[379,372,343],"tags":[441],"class_list":{"0":"post-178482","1":"post","2":"type-post","3":"status-publish","4":"format-standard","5":"has-post-thumbnail","7":"category-novelas","8":"category-sbt","9":"category-televisao","10":"tag-resumo-do-dia","11":"entry","12":"gs-1","13":"gs-odd","14":"gs-even","15":"gs-featured-content-entry"},"jetpack_featured_media_url":"https:\/\/www.redenoticia.com.br\/noticia\/imagens\/cumplices-de-um-resgate-001.jpg","jetpack_sharing_enabled":true,"jetpack_likes_enabled":true,"_links":{"self":[{"href":"https:\/\/www.redenoticia.com.br\/noticia\/wp-json\/wp\/v2\/posts\/178482","targetHints":{"allow":["GET"]}}],"collection":[{"href":"https:\/\/www.redenoticia.com.br\/noticia\/wp-json\/wp\/v2\/posts"}],"about":[{"href":"https:\/\/www.redenoticia.com.br\/noticia\/wp-json\/wp\/v2\/types\/post"}],"author":[{"embeddable":true,"href":"https:\/\/www.redenoticia.com.br\/noticia\/wp-json\/wp\/v2\/users\/4"}],"replies":[{"embeddable":true,"href":"https:\/\/www.redenoticia.com.br\/noticia\/wp-json\/wp\/v2\/comments?post=178482"}],"version-history":[{"count":0,"href":"https:\/\/www.redenoticia.com.br\/noticia\/wp-json\/wp\/v2\/posts\/178482\/revisions"}],"wp:featuredmedia":[{"embeddable":true,"href":"https:\/\/www.redenoticia.com.br\/noticia\/wp-json\/wp\/v2\/media\/164526"}],"wp:attachment":[{"href":"https:\/\/www.redenoticia.com.br\/noticia\/wp-json\/wp\/v2\/media?parent=178482"}],"wp:term":[{"taxonomy":"category","embeddable":true,"href":"https:\/\/www.redenoticia.com.br\/noticia\/wp-json\/wp\/v2\/categories?post=178482"},{"taxonomy":"post_tag","embeddable":true,"href":"https:\/\/www.redenoticia.com.br\/noticia\/wp-json\/wp\/v2\/tags?post=178482"}],"curies":[{"name":"wp","href":"https:\/\/api.w.org\/{rel}","templated":true}]}}