{"id":178478,"date":"2019-07-02T15:58:15","date_gmt":"2019-07-02T18:58:15","guid":{"rendered":"https:\/\/www.redenoticia.com.br\/noticia\/?p=178478"},"modified":"2020-05-29T15:26:11","modified_gmt":"2020-05-29T18:26:11","slug":"resumo-novela-a-que-nao-podia-amar-03-07-gustavo-nao-aceita-se-casar-com-cintia","status":"publish","type":"post","link":"https:\/\/www.redenoticia.com.br\/noticia\/2019\/resumo-novela-a-que-nao-podia-amar-03-07-gustavo-nao-aceita-se-casar-com-cintia\/178478","title":{"rendered":"Resumo novela \u201cA Que N\u00e3o Podia Amar\u201d 03\/07: Gustavo n\u00e3o aceita se casar com C\u00edntia"},"content":{"rendered":"<p><strong><em><img loading=\"lazy\" decoding=\"async\" class=\"aligncenter size-large wp-image-173635\" src=\"https:\/\/www.redenoticia.com.br\/noticia\/imagens\/a-que-nao-podia-amar-400x271.jpg\" alt=\"\" width=\"400\" height=\"271\" srcset=\"https:\/\/www.redenoticia.com.br\/noticia\/imagens\/a-que-nao-podia-amar-400x271.jpg 400w, https:\/\/www.redenoticia.com.br\/noticia\/imagens\/a-que-nao-podia-amar-250x169.jpg 250w, https:\/\/www.redenoticia.com.br\/noticia\/imagens\/a-que-nao-podia-amar-560x379.jpg 560w, https:\/\/www.redenoticia.com.br\/noticia\/imagens\/a-que-nao-podia-amar.jpg 620w\" sizes=\"auto, (max-width: 400px) 100vw, 400px\" \/><\/em><\/strong><\/p>\n<p>Resumo da novela<strong><em> \u201cA Que N\u00e3o Podia Amar\u201d&nbsp;<\/em><\/strong> em 03\/07: no cap\u00edtulo 063(*) da novela, quarta-feira, 03 de julho, Gustavo pergunta a Ana Paula se ela prefere que ele se case com C\u00edntia para ela poder ser feliz com Rog\u00e9rio. Ele ainda questiona o que a ex-namorada sente por ele e por Rog\u00e9rio. Ana Paula diz que n\u00e3o sabe responder. Depois de muita conversa, o rapaz acaba a abra\u00e7ando. Mercedes flagra os dois abra\u00e7ados e, fora de si, diz que Ana e Gustavo est\u00e3o brincando com fogo e v\u00e3o acabar se queimando. Ana Paula pede que sua ex-cunhada n\u00e3o se meta em sua vida. Maria pede que Ana Paula fa\u00e7a o teste de gravidez. Ana Paula revela a Maria que C\u00edntia j\u00e1 est\u00e1 sabendo de tudo. Maria alerta Ana Paula, que caso o resultado seja positivo e ela n\u00e3o quer que Rog\u00e9rio fa\u00e7a algo terr\u00edvel a Gustavo, ter\u00e1 que esconder que o rapaz \u00e9 o pai do beb\u00ea. Vanessa, furiosa, exige explica\u00e7\u00f5es sobre o porqu\u00ea Rog\u00e9rio vendeu as carnes bovinas contaminadas com clembuterol para os norte-americanos. Vanessa diz a C\u00edntia que precisa acertar o neg\u00f3cio com os americanos, porque sua empacotadora est\u00e1 no meio, C\u00edntia diz que odeia Ana Paula com todas suas for\u00e7as e que gostaria de mat\u00e1-la com suas pr\u00f3prias m\u00e3os. Vanessa fica em estado de choque com a revela\u00e7\u00e3o e pergunta se a amiga realmente est\u00e1 falando s\u00e9rio.<\/p>\n<p>Na delegacia, Ulisses chama Miguel de c\u00ednico e ordena que ele devolva o colar que Mariana estava usando quando foi assassinada. Miguel n\u00e3o faz ideia do que Ulisses est\u00e1 falando. Maria n\u00e3o se conforma que C\u00edntia pretenda se casar com Gustavo, e se preocupa quando a mo\u00e7a diz que j\u00e1 se entregou a Gustavo. Maria fica chateada e grita com C\u00edntia que ela n\u00e3o se d\u00e1 conta das consequ\u00eancias, ela pergunta se fala de uma gravidez, Maria diz que sim, deixando C\u00edntia intrigada. Ana Paula vai na casa de Vanessa, Elza fica hist\u00e9rica ao v\u00ea-la. Paula diz que \u00e9 a irm\u00e3 de Vanessa. Elza a chama de bastarda e come\u00e7a a empurrar Paula. A mo\u00e7a lhe pede que se tranquilize enquanto Vanessa se diverte, discretamente, com a situa\u00e7\u00e3o.<\/p>\n<p>Gustavo procura C\u00edntia para dizer que j\u00e1 tem a resposta para sua proposta, esta o escuta atentamente enquanto ele pede desculpas porque n\u00e3o vai se casar com ela. O norte-americano exige ser ressarcido pelas carnes contaminadas. Ana Paula consegue convencer o norte-americano que eles n\u00e3o s\u00e3o culpados pela contamina\u00e7\u00e3o das carnes. Na sequ\u00eancia, Elza interrompe a reuni\u00e3o alterada e come\u00e7a a acusar a esposa de Rog\u00e9rio de querer prejudicar sua fam\u00edlia. O executivo fica sem jeito diante da constrangedora situa\u00e7\u00e3o e Vanessa pede desculpas pela rea\u00e7\u00e3o da m\u00e3e. Numa crise de loucura, Elza confessa a Vanessa que n\u00e3o deu os rem\u00e9dios para Frederico quando ele precisou. Vanessa recrimina a m\u00e3e pela morte do seu pai.<\/p>\n<p>(*) edi\u00e7\u00e3o do SBT, Novela \u201cA Que N\u00e3o Podia Amar\u201d, sujeito a altera\u00e7\u00e3o de data e conte\u00fado.<\/p>\n<p>Destaques<\/p>\n<p>&#8220;A Que N\u00e3o Podia Amar&#8221;- Ana Paula, uma enfermeira humilde que se v\u00ea obrigada a trabalhar na casa de Rog\u00e9rio Montero (Jorge Salinas), um homem amargurado. Rog\u00e9rio sofre por ser parapl\u00e9gico e destrata todas as pessoas. Ana Paula atura tudo calada e o rica\u00e7o se apaixona por ela.<\/p>\n<p>Ana conhece Gustavo Duran (Jos\u00e9 Ron), um engenheiro nobre e trabalhador. Os dois se apaixonam, mas ter\u00e3o de enfrentar Rog\u00e9rio, j\u00e1 que ele tamb\u00e9m gosta da mocinha, formando assim, um tri\u00e2ngulo amoroso com terr\u00edveis consequ\u00eancias.<\/p>\n","protected":false},"excerpt":{"rendered":"<p>Resumo da novela \u201cA Que N\u00e3o Podia Amar\u201d&nbsp; em 03\/07: no cap\u00edtulo 063(*) da novela, quarta-feira, 03 de julho, Gustavo pergunta a Ana Paula se ela prefere que ele se case com C\u00edntia para ela poder ser feliz com Rog\u00e9rio. Ele ainda questiona o que a ex-namorada sente por ele e por Rog\u00e9rio. Ana Paula [&hellip;]<\/p>\n","protected":false},"author":4,"featured_media":173627,"comment_status":"open","ping_status":"closed","sticky":false,"template":"","format":"standard","meta":{"_genesis_hide_title":false,"_genesis_hide_breadcrumbs":false,"_genesis_hide_singular_image":false,"_genesis_hide_footer_widgets":false,"_genesis_custom_body_class":"","_genesis_custom_post_class":"","_genesis_layout":"","_jetpack_memberships_contains_paid_content":false,"footnotes":""},"categories":[379,372,343],"tags":[441],"class_list":{"0":"post-178478","1":"post","2":"type-post","3":"status-publish","4":"format-standard","5":"has-post-thumbnail","7":"category-novelas","8":"category-sbt","9":"category-televisao","10":"tag-resumo-do-dia","11":"entry","12":"gs-1","13":"gs-odd","14":"gs-even","15":"gs-featured-content-entry"},"jetpack_featured_media_url":"https:\/\/www.redenoticia.com.br\/noticia\/imagens\/a-que-nao-podia-amar-sbt-01.jpg","jetpack_sharing_enabled":true,"jetpack_likes_enabled":true,"_links":{"self":[{"href":"https:\/\/www.redenoticia.com.br\/noticia\/wp-json\/wp\/v2\/posts\/178478","targetHints":{"allow":["GET"]}}],"collection":[{"href":"https:\/\/www.redenoticia.com.br\/noticia\/wp-json\/wp\/v2\/posts"}],"about":[{"href":"https:\/\/www.redenoticia.com.br\/noticia\/wp-json\/wp\/v2\/types\/post"}],"author":[{"embeddable":true,"href":"https:\/\/www.redenoticia.com.br\/noticia\/wp-json\/wp\/v2\/users\/4"}],"replies":[{"embeddable":true,"href":"https:\/\/www.redenoticia.com.br\/noticia\/wp-json\/wp\/v2\/comments?post=178478"}],"version-history":[{"count":0,"href":"https:\/\/www.redenoticia.com.br\/noticia\/wp-json\/wp\/v2\/posts\/178478\/revisions"}],"wp:featuredmedia":[{"embeddable":true,"href":"https:\/\/www.redenoticia.com.br\/noticia\/wp-json\/wp\/v2\/media\/173627"}],"wp:attachment":[{"href":"https:\/\/www.redenoticia.com.br\/noticia\/wp-json\/wp\/v2\/media?parent=178478"}],"wp:term":[{"taxonomy":"category","embeddable":true,"href":"https:\/\/www.redenoticia.com.br\/noticia\/wp-json\/wp\/v2\/categories?post=178478"},{"taxonomy":"post_tag","embeddable":true,"href":"https:\/\/www.redenoticia.com.br\/noticia\/wp-json\/wp\/v2\/tags?post=178478"}],"curies":[{"name":"wp","href":"https:\/\/api.w.org\/{rel}","templated":true}]}}