{"id":178429,"date":"2019-07-01T16:28:09","date_gmt":"2019-07-01T19:28:09","guid":{"rendered":"https:\/\/www.redenoticia.com.br\/noticia\/?p=178429"},"modified":"2019-07-01T16:28:17","modified_gmt":"2019-07-01T19:28:17","slug":"resumo-novela-cumplices-de-um-resgate-02-07-isabela-descobre-o-paradeiro-de-marina","status":"publish","type":"post","link":"https:\/\/www.redenoticia.com.br\/noticia\/2019\/resumo-novela-cumplices-de-um-resgate-02-07-isabela-descobre-o-paradeiro-de-marina\/178429","title":{"rendered":"Resumo novela \u201cC\u00famplices de um Resgate\u201d 02\/07: Isabela descobre o paradeiro de Marina"},"content":{"rendered":"<p><img loading=\"lazy\" decoding=\"async\" class=\"aligncenter size-large wp-image-164526\" src=\"https:\/\/www.redenoticia.com.br\/noticia\/imagens\/cumplices-de-um-resgate-001-316x300.jpg\" alt=\"\" width=\"316\" height=\"300\" srcset=\"https:\/\/www.redenoticia.com.br\/noticia\/imagens\/cumplices-de-um-resgate-001-316x300.jpg 316w, https:\/\/www.redenoticia.com.br\/noticia\/imagens\/cumplices-de-um-resgate-001-197x187.jpg 197w, https:\/\/www.redenoticia.com.br\/noticia\/imagens\/cumplices-de-um-resgate-001-150x143.jpg 150w, https:\/\/www.redenoticia.com.br\/noticia\/imagens\/cumplices-de-um-resgate-001.jpg 526w\" sizes=\"auto, (max-width: 316px) 100vw, 316px\" \/> Resumo novela \u201cC\u00famplices de um Resgate\u201d 02\/07: no cap\u00edtulo &#8230;(*) da novela, ter\u00e7a-feira, 02 de julho, No capitulo 127, ter\u00e7a-feira, 02 de julho \u2013 Al\u00edcia conta para as crian\u00e7as que encontrou a tia delas no supermercado. J\u00falia, Joaquim e Felipe tra\u00e7am um plano para convencer Flora a voltar para casa. Eles resolvem ir ao mercado ap\u00f3s a escola. Fiorina descobre que roubaram os ovos. Nina encontra restos de ovos em sua janela e p\u00f5e a culpa em Fiorina. Nina vai tirar satisfa\u00e7\u00e3o com Fiorina e descobre que a casa dela tamb\u00e9m foi alvo do ataque dos ovos. Safira chega ao escrit\u00f3rio com ressaca. T\u00e9o, Mateus e D\u00f3ris decidem fazer uma investiga\u00e7\u00e3o para descobrir quem atirou os ovos no vilarejo. Joaquim, J\u00falia e Felipe v\u00e3o ao mercado e descobrem que Flora pediu demiss\u00e3o. Em um almo\u00e7o, Ot\u00e1vio apresenta Rebeca a seu amigo Raul, o tutor de Isabela.<\/p>\n<p>Farejando, Manteiguinha conduz o trio de detetives mirins ao haras de Joel. Ao chegar l\u00e1, Omar chega e Manteiguinha sinaliza que ele \u00e9 o ladr\u00e3o. O cachorro lambe os p\u00e9s de Omar, revelando as manchas e cascas de ovos em seu t\u00eanis. Na sapataria, Fiorina especula sobre quem roubou os ovos. Ela chega a conclus\u00e3o de que foi o corretor da construtora, a fim de causar desconforto aos moradores do vilarejo. Mateus, D\u00f3ris e T\u00e9o, dizem que v\u00e3o contar aos seus pais que Omar \u00e9 o ladr\u00e3o. Quando Mateus e D\u00f3ris saem, Omar apela para T\u00e9o n\u00e3o contar nada para ningu\u00e9m.<\/p>\n<p>Bondoso, T\u00e9o decide ajud\u00e1-lo e pede para que seus amigos n\u00e3o digam nada. Vargas leva uma marmita para Isabela no galp\u00e3o. A menina se recusa a comer e pede comida francesa. Regina entra na cozinha e quase flagra Of\u00e9lio e Marina juntos. Ela sai e o casal se beija. Sandro os flagra. Marina e Of\u00e9lio disfar\u00e7am, fazendo de conta que ele estava tirando um cisco do olho dela. Sandro acredita. T\u00e9o diz para sua m\u00e3e que foi ele mesmo que roubou os ovos e jogou nas casas. Fiorina diz que \u00e9 dif\u00edcil de acreditar que o filho cometeu esse crime. Ela o perdoa, mas coloca de castigo. No jantar, Raul diz para Isabela (que na verdade \u00e9 Manuela) que ficar\u00e1 por um bom tempo na cidade. No galp\u00e3o, Navarro traz a comida que Isabela desejava. Isabela pressiona o capataz para saber o paradeiro de Marina. Navarro revela que ela est\u00e1 na mans\u00e3o.<\/p>\n<p>(*) edi\u00e7\u00e3o do SBT, Novela \u201cC\u00famplices de um Resgate\u201d, sujeito a altera\u00e7\u00e3o de data e conte\u00fado.<\/p>\n","protected":false},"excerpt":{"rendered":"<p>Resumo novela \u201cC\u00famplices de um Resgate\u201d 02\/07: no cap\u00edtulo &#8230;(*) da novela, ter\u00e7a-feira, 02 de julho, No capitulo 127, ter\u00e7a-feira, 02 de julho \u2013 Al\u00edcia conta para as crian\u00e7as que encontrou a tia delas no supermercado. J\u00falia, Joaquim e Felipe tra\u00e7am um plano para convencer Flora a voltar para casa. Eles resolvem ir ao mercado [&hellip;]<\/p>\n","protected":false},"author":4,"featured_media":164526,"comment_status":"open","ping_status":"closed","sticky":false,"template":"","format":"standard","meta":{"_genesis_hide_title":false,"_genesis_hide_breadcrumbs":false,"_genesis_hide_singular_image":false,"_genesis_hide_footer_widgets":false,"_genesis_custom_body_class":"","_genesis_custom_post_class":"","_genesis_layout":"","_jetpack_memberships_contains_paid_content":false,"footnotes":""},"categories":[379,372,343],"tags":[441],"class_list":{"0":"post-178429","1":"post","2":"type-post","3":"status-publish","4":"format-standard","5":"has-post-thumbnail","7":"category-novelas","8":"category-sbt","9":"category-televisao","10":"tag-resumo-do-dia","11":"entry","12":"gs-1","13":"gs-odd","14":"gs-even","15":"gs-featured-content-entry"},"jetpack_featured_media_url":"https:\/\/www.redenoticia.com.br\/noticia\/imagens\/cumplices-de-um-resgate-001.jpg","jetpack_sharing_enabled":true,"jetpack_likes_enabled":true,"_links":{"self":[{"href":"https:\/\/www.redenoticia.com.br\/noticia\/wp-json\/wp\/v2\/posts\/178429","targetHints":{"allow":["GET"]}}],"collection":[{"href":"https:\/\/www.redenoticia.com.br\/noticia\/wp-json\/wp\/v2\/posts"}],"about":[{"href":"https:\/\/www.redenoticia.com.br\/noticia\/wp-json\/wp\/v2\/types\/post"}],"author":[{"embeddable":true,"href":"https:\/\/www.redenoticia.com.br\/noticia\/wp-json\/wp\/v2\/users\/4"}],"replies":[{"embeddable":true,"href":"https:\/\/www.redenoticia.com.br\/noticia\/wp-json\/wp\/v2\/comments?post=178429"}],"version-history":[{"count":0,"href":"https:\/\/www.redenoticia.com.br\/noticia\/wp-json\/wp\/v2\/posts\/178429\/revisions"}],"wp:featuredmedia":[{"embeddable":true,"href":"https:\/\/www.redenoticia.com.br\/noticia\/wp-json\/wp\/v2\/media\/164526"}],"wp:attachment":[{"href":"https:\/\/www.redenoticia.com.br\/noticia\/wp-json\/wp\/v2\/media?parent=178429"}],"wp:term":[{"taxonomy":"category","embeddable":true,"href":"https:\/\/www.redenoticia.com.br\/noticia\/wp-json\/wp\/v2\/categories?post=178429"},{"taxonomy":"post_tag","embeddable":true,"href":"https:\/\/www.redenoticia.com.br\/noticia\/wp-json\/wp\/v2\/tags?post=178429"}],"curies":[{"name":"wp","href":"https:\/\/api.w.org\/{rel}","templated":true}]}}