{"id":178425,"date":"2019-07-01T16:24:55","date_gmt":"2019-07-01T19:24:55","guid":{"rendered":"https:\/\/www.redenoticia.com.br\/noticia\/?p=178425"},"modified":"2020-05-29T15:21:31","modified_gmt":"2020-05-29T18:21:31","slug":"resumo-novela-a-que-nao-podia-amar-02-07-ana-descobre-que-a-carne-do-gado-foi-contaminada","status":"publish","type":"post","link":"https:\/\/www.redenoticia.com.br\/noticia\/2019\/resumo-novela-a-que-nao-podia-amar-02-07-ana-descobre-que-a-carne-do-gado-foi-contaminada\/178425","title":{"rendered":"Resumo novela \u201cA Que N\u00e3o Podia Amar\u201d 02\/07: Ana descobre que a carne do gado foi contaminada"},"content":{"rendered":"<p><strong><em><img loading=\"lazy\" decoding=\"async\" class=\"aligncenter size-large wp-image-173635\" src=\"https:\/\/www.redenoticia.com.br\/noticia\/imagens\/a-que-nao-podia-amar-400x271.jpg\" alt=\"\" width=\"400\" height=\"271\" srcset=\"https:\/\/www.redenoticia.com.br\/noticia\/imagens\/a-que-nao-podia-amar-400x271.jpg 400w, https:\/\/www.redenoticia.com.br\/noticia\/imagens\/a-que-nao-podia-amar-250x169.jpg 250w, https:\/\/www.redenoticia.com.br\/noticia\/imagens\/a-que-nao-podia-amar-560x379.jpg 560w, https:\/\/www.redenoticia.com.br\/noticia\/imagens\/a-que-nao-podia-amar.jpg 620w\" sizes=\"auto, (max-width: 400px) 100vw, 400px\" \/><\/em><\/strong><\/p>\n<p>Resumo da novela<strong><em> \u201cA Que N\u00e3o Podia Amar\u201d&nbsp;<\/em><\/strong> em 02\/07: no cap\u00edtulo 062(*) da novela, ter\u00e7a-feira, 02 de julho, No cap\u00edtulo 062, ter\u00e7a-feira, 02 de Julho \u2013 Bruno diz que n\u00e3o poder\u00e1 defender Miguel pois ele viu Miguel discutindo com Mariana. Ele completa que far\u00e1 todo o poss\u00edvel para tirar seu irm\u00e3o da cadeia, contudo afirma que o caso de Miguel \u00e9 mais complicado do que pensava. Maria d\u00e1 not\u00edcias de Rog\u00e9rio. C\u00edntia prop\u00f5e a Gustavo que se casem para que ela possa receber sua heran\u00e7a e quando o contrato de seu irm\u00e3o com Paula terminar, ela lhe d\u00e1 o div\u00f3rcio para que ele possa ser feliz ao lado de sua ex. Maria diz a Paula que Rog\u00e9rio est\u00e1 bem, para ela n\u00e3o se preocupar, pois o fazendeiro foi viajar. Maria pede que Paula n\u00e3o duvide do amor de Rog\u00e9rio, lhe assegura que as \u00faltimas palavras que lhe disse antes de partir foram que ela ficava \u00e0 frente da fazenda, por tr\u00e1s da porta Rosaura escuta a conversa e seus olhos brilham de ambi\u00e7\u00e3o. Miguel diz a Consuelo que n\u00e3o foi ele quem matou Mariana, no entanto ela relata que Mariana tinha marcas nos bra\u00e7os e o rapaz se lembra que ela caiu quando os dois estavam conversando.<\/p>\n<p>Bruno repreende Rodrigo por ter assassinado Mariana. Rodrigo se lembra que Mariana estava tentando conversar com Miguel e o rapaz confessou que quem estava gr\u00e1vida era a irm\u00e3 dele e n\u00e3o Dani, Miguel vai embora e Rodrigo tenta agarrar Mariana, mas ela resiste e acaba sendo empurrada, cai e bate a cabe\u00e7a no ch\u00e3o. Em seguida chega Bruno e v\u00ea Mariana morta. C\u00edntia diz a Mercedes que Gustavo ainda ama sua ex-namorada. Ana Paula atende o telefone e Vanessa pergunta se o irm\u00e3o da jovem j\u00e1 saiu da pris\u00e3o. Mais tarde, Vanessa recebe uma liga\u00e7\u00e3o de um norte-americano informando que a carne que recebeu est\u00e1 contaminada. Vanessa diz a Ana Paula que Rog\u00e9rio \u00e9 um desgra\u00e7ado porque a carne de gado que lhe vendeu est\u00e1 contaminada com clembuterol, esta se surpreende diante de tal revela\u00e7\u00e3o.<\/p>\n<p>Daniela e Rosaura v\u00e3o juntas \u00e0 delegacia para visitar Miguel. Miguel pede a Dani que aconselhe Ana Paula a fugir com Gustavo. Dani responde que as coisas est\u00e3o complicadas, pois a irm\u00e3 do rapaz est\u00e1 em d\u00favidas sobre seus sentimentos por Gustavo e Rog\u00e9rio. Ana diz a Vanessa que ela dar\u00e1 a cara pelo que est\u00e1 acontecendo com a carne, al\u00e9m disso \u00e9 a \u00fanica que pode assinar em nome de Rog\u00e9rio, Vanessa se surpreende. Ana Paula faz uma liga\u00e7\u00e3o para Bruno e alerta que a carne est\u00e1 contaminada. Bruno confessa a David que j\u00e1 come\u00e7aram os problemas com o clembuterol, ele zomba e diz que n\u00e3o sabe como v\u00e3o resolver a situa\u00e7\u00e3o porque Paula n\u00e3o sabe nada do neg\u00f3cio. Os dois riem da situa\u00e7\u00e3o. Abalada com a morte da filha, M\u00e1rcia chora e Elias tenta consol\u00e1-la, contudo a mulher o acusa de ser culpado pela morte da filha. Bruno conta a Vanessa que ela pode pedir muito dinheiro como indeniza\u00e7\u00e3o pela carne contaminada. Ana Paula deixa claro que n\u00e3o vai permitir que tudo o que Rog\u00e9rio construiu seja destru\u00eddo. Gustavo pergunta se Ana Paula tem tanta d\u00favida do que realmente sente por ele a ponto de n\u00e3o se importar que ele se case com C\u00edntia.<\/p>\n<p>(*) edi\u00e7\u00e3o do SBT, Novela \u201cA Que N\u00e3o Podia Amar\u201d, sujeito a altera\u00e7\u00e3o de data e conte\u00fado.<\/p>\n<p>Destaques<\/p>\n<p>&#8220;A Que N\u00e3o Podia Amar&#8221;- Ana Paula, uma enfermeira humilde que se v\u00ea obrigada a trabalhar na casa de Rog\u00e9rio Montero (Jorge Salinas), um homem amargurado. Rog\u00e9rio sofre por ser parapl\u00e9gico e destrata todas as pessoas. Ana Paula atura tudo calada e o rica\u00e7o se apaixona por ela.<\/p>\n<p>Ana conhece Gustavo Duran (Jos\u00e9 Ron), um engenheiro nobre e trabalhador. Os dois se apaixonam, mas ter\u00e3o de enfrentar Rog\u00e9rio, j\u00e1 que ele tamb\u00e9m gosta da mocinha, formando assim, um tri\u00e2ngulo amoroso com terr\u00edveis consequ\u00eancias.<\/p>\n","protected":false},"excerpt":{"rendered":"<p>Resumo da novela \u201cA Que N\u00e3o Podia Amar\u201d&nbsp; em 02\/07: no cap\u00edtulo 062(*) da novela, ter\u00e7a-feira, 02 de julho, No cap\u00edtulo 062, ter\u00e7a-feira, 02 de Julho \u2013 Bruno diz que n\u00e3o poder\u00e1 defender Miguel pois ele viu Miguel discutindo com Mariana. Ele completa que far\u00e1 todo o poss\u00edvel para tirar seu irm\u00e3o da cadeia, contudo [&hellip;]<\/p>\n","protected":false},"author":4,"featured_media":173627,"comment_status":"open","ping_status":"closed","sticky":false,"template":"","format":"standard","meta":{"_genesis_hide_title":false,"_genesis_hide_breadcrumbs":false,"_genesis_hide_singular_image":false,"_genesis_hide_footer_widgets":false,"_genesis_custom_body_class":"","_genesis_custom_post_class":"","_genesis_layout":"","_jetpack_memberships_contains_paid_content":false,"footnotes":""},"categories":[379,372,343],"tags":[441],"class_list":{"0":"post-178425","1":"post","2":"type-post","3":"status-publish","4":"format-standard","5":"has-post-thumbnail","7":"category-novelas","8":"category-sbt","9":"category-televisao","10":"tag-resumo-do-dia","11":"entry","12":"gs-1","13":"gs-odd","14":"gs-even","15":"gs-featured-content-entry"},"jetpack_featured_media_url":"https:\/\/www.redenoticia.com.br\/noticia\/imagens\/a-que-nao-podia-amar-sbt-01.jpg","jetpack_sharing_enabled":true,"jetpack_likes_enabled":true,"_links":{"self":[{"href":"https:\/\/www.redenoticia.com.br\/noticia\/wp-json\/wp\/v2\/posts\/178425","targetHints":{"allow":["GET"]}}],"collection":[{"href":"https:\/\/www.redenoticia.com.br\/noticia\/wp-json\/wp\/v2\/posts"}],"about":[{"href":"https:\/\/www.redenoticia.com.br\/noticia\/wp-json\/wp\/v2\/types\/post"}],"author":[{"embeddable":true,"href":"https:\/\/www.redenoticia.com.br\/noticia\/wp-json\/wp\/v2\/users\/4"}],"replies":[{"embeddable":true,"href":"https:\/\/www.redenoticia.com.br\/noticia\/wp-json\/wp\/v2\/comments?post=178425"}],"version-history":[{"count":0,"href":"https:\/\/www.redenoticia.com.br\/noticia\/wp-json\/wp\/v2\/posts\/178425\/revisions"}],"wp:featuredmedia":[{"embeddable":true,"href":"https:\/\/www.redenoticia.com.br\/noticia\/wp-json\/wp\/v2\/media\/173627"}],"wp:attachment":[{"href":"https:\/\/www.redenoticia.com.br\/noticia\/wp-json\/wp\/v2\/media?parent=178425"}],"wp:term":[{"taxonomy":"category","embeddable":true,"href":"https:\/\/www.redenoticia.com.br\/noticia\/wp-json\/wp\/v2\/categories?post=178425"},{"taxonomy":"post_tag","embeddable":true,"href":"https:\/\/www.redenoticia.com.br\/noticia\/wp-json\/wp\/v2\/tags?post=178425"}],"curies":[{"name":"wp","href":"https:\/\/api.w.org\/{rel}","templated":true}]}}