{"id":178423,"date":"2019-07-01T16:22:51","date_gmt":"2019-07-01T19:22:51","guid":{"rendered":"https:\/\/www.redenoticia.com.br\/noticia\/?p=178423"},"modified":"2019-07-01T16:23:00","modified_gmt":"2019-07-01T19:23:00","slug":"resumo-novela-a-dona-02-07-jose-miguel-descobre-que-marcelia-esteve-com-valentina","status":"publish","type":"post","link":"https:\/\/www.redenoticia.com.br\/noticia\/2019\/resumo-novela-a-dona-02-07-jose-miguel-descobre-que-marcelia-esteve-com-valentina\/178423","title":{"rendered":"Resumo novela \u201cA Dona\u201d 02\/07: Jos\u00e9 Miguel descobre que Marc\u00e9lia esteve com Valentina"},"content":{"rendered":"<p><img loading=\"lazy\" decoding=\"async\" class=\"aligncenter size-large wp-image-173633\" src=\"https:\/\/www.redenoticia.com.br\/noticia\/imagens\/a-dona-270x300.jpg\" alt=\"\" width=\"270\" height=\"300\" srcset=\"https:\/\/www.redenoticia.com.br\/noticia\/imagens\/a-dona-270x300.jpg 270w, https:\/\/www.redenoticia.com.br\/noticia\/imagens\/a-dona-168x187.jpg 168w, https:\/\/www.redenoticia.com.br\/noticia\/imagens\/a-dona.jpg 380w\" sizes=\"auto, (max-width: 270px) 100vw, 270px\" \/>Resumo da novela <strong><em>\u201cA Dona&#8221;<\/em><\/strong> em 02\/07: no cap\u00edtulo 067(*) da novela, ter\u00e7a-feira, 02 de julho, Valentina adverte Alonso que se ele n\u00e3o sair imediatamente de sua casa, chamar\u00e1 seus capatazes para que o fa\u00e7am. Valentina diz a Benita que Alonso foi a fazenda pedir seu perd\u00e3o, mas suspeita que a inten\u00e7\u00e3o verdadeira era comov\u00ea-la para que ela perdoasse sua d\u00edvida. Valentina pergunta a Ivana se algu\u00e9m da fazenda disse a Alonso sobre o casamento que ocorreria entre ela e Jos\u00e9 Miguel. Benita responde que talvez Ivana ou Ernesto tenham comentado, ainda que sem querer. Gabriela diz a Jos\u00e9 Miguel que existe uma raz\u00e3o forte pela qual Valentina mudou drasticamente com ele. Ela conta que Marc\u00e9lia se apresentou com uma crian\u00e7a nos bra\u00e7os e garantiu que era filho de Jos\u00e9 Miguel.<\/p>\n<p>Jos\u00e9 Miguel pergunta a Gabriela se foi por isso que Valentina ateou fogo na cabana de Sabino, sem se importar que seu pai estava dentro. Gabriela questiona se Jos\u00e9 realmente acha que Valentina seria capaz disso. Ivana diz a Leonor que se ela realmente amava Frederico, e sabe que foi Rodrigo quem incendiou a cabana e o matou, o porqu\u00ea de n\u00e3o o denunciar. Leonor responde que ama seu marido, mas por amar mais a seu filho quer que ele continue acreditando que Valentina \u00e9 a assassina de seu pai.<\/p>\n<p>Maria da Luz encontra a camisa de Rodrigo manchada de sangue. Cristina diz que o sangue certamente \u00e9 de L\u00e1zaro, pois Rodrigo foi quem o matou. Maria da Luz diz que essa \u00e9 a grande oportunidade da m\u00e3e de denunciar Rodrigo e assim cobrar todas as coisas que ele a fez. Ivana tenta fazer Leonor dizer porque n\u00e3o teve mais filhos. Leonor responde que Ivana n\u00e3o tem nenhum direito de se meter em seus assuntos pessoais. Rodrigo encontra Maria da Luz e Cristina e as adverte que andando sozinhas por a\u00ed pode acontecer alguma coisa de ruim com elas.<\/p>\n<p>(*) edi\u00e7\u00e3o do SBT, Novela \u201cA Dona\u201d, sujeito a altera\u00e7\u00e3o de data e conte\u00fado.<\/p>\n<p>Destaques<\/p>\n<p>&#8220;A Dona&#8221; &#8211; Valentina Vila\u00e7a (Lucero) \u00e9 uma mulher que tem uma grande fortuna, que seus pais deixaram para ela quando morreram em um acidente de carro. Ela tem uma mans\u00e3o na Cidade do M\u00e9xico, onde vive com sua tia Isabel Rangel de Dorantes (Silvia Pinal), e sua prima Ivana Dorantes Rangel (Gabriela Spanic) que trata Valentina com muita indiferen\u00e7a e sente inveja dela.<\/p>\n<p>Tudo muda para Valentina quando seu noivo Alonso Penalva (David Zepeda), tramando com Ivana no dia de seu casamento, a deixa esperando no altar. A partir da\u00ed, Valentina se torna uma mulher amarga, e vai para sua fazenda, no interior. Chegando l\u00e1, ela conhece seu vizinho Jos\u00e9 Miguel Montesinos (Fernando Colunga).<\/p>\n","protected":false},"excerpt":{"rendered":"<p>Resumo da novela \u201cA Dona&#8221; em 02\/07: no cap\u00edtulo 067(*) da novela, ter\u00e7a-feira, 02 de julho, Valentina adverte Alonso que se ele n\u00e3o sair imediatamente de sua casa, chamar\u00e1 seus capatazes para que o fa\u00e7am. Valentina diz a Benita que Alonso foi a fazenda pedir seu perd\u00e3o, mas suspeita que a inten\u00e7\u00e3o verdadeira era comov\u00ea-la [&hellip;]<\/p>\n","protected":false},"author":4,"featured_media":173626,"comment_status":"open","ping_status":"closed","sticky":false,"template":"","format":"standard","meta":{"_genesis_hide_title":false,"_genesis_hide_breadcrumbs":false,"_genesis_hide_singular_image":false,"_genesis_hide_footer_widgets":false,"_genesis_custom_body_class":"","_genesis_custom_post_class":"","_genesis_layout":"","_jetpack_memberships_contains_paid_content":false,"footnotes":""},"categories":[379,372,343],"tags":[441],"class_list":{"0":"post-178423","1":"post","2":"type-post","3":"status-publish","4":"format-standard","5":"has-post-thumbnail","7":"category-novelas","8":"category-sbt","9":"category-televisao","10":"tag-resumo-do-dia","11":"entry","12":"gs-1","13":"gs-odd","14":"gs-even","15":"gs-featured-content-entry"},"jetpack_featured_media_url":"https:\/\/www.redenoticia.com.br\/noticia\/imagens\/a-dona-03.jpg","jetpack_sharing_enabled":true,"jetpack_likes_enabled":true,"_links":{"self":[{"href":"https:\/\/www.redenoticia.com.br\/noticia\/wp-json\/wp\/v2\/posts\/178423","targetHints":{"allow":["GET"]}}],"collection":[{"href":"https:\/\/www.redenoticia.com.br\/noticia\/wp-json\/wp\/v2\/posts"}],"about":[{"href":"https:\/\/www.redenoticia.com.br\/noticia\/wp-json\/wp\/v2\/types\/post"}],"author":[{"embeddable":true,"href":"https:\/\/www.redenoticia.com.br\/noticia\/wp-json\/wp\/v2\/users\/4"}],"replies":[{"embeddable":true,"href":"https:\/\/www.redenoticia.com.br\/noticia\/wp-json\/wp\/v2\/comments?post=178423"}],"version-history":[{"count":0,"href":"https:\/\/www.redenoticia.com.br\/noticia\/wp-json\/wp\/v2\/posts\/178423\/revisions"}],"wp:featuredmedia":[{"embeddable":true,"href":"https:\/\/www.redenoticia.com.br\/noticia\/wp-json\/wp\/v2\/media\/173626"}],"wp:attachment":[{"href":"https:\/\/www.redenoticia.com.br\/noticia\/wp-json\/wp\/v2\/media?parent=178423"}],"wp:term":[{"taxonomy":"category","embeddable":true,"href":"https:\/\/www.redenoticia.com.br\/noticia\/wp-json\/wp\/v2\/categories?post=178423"},{"taxonomy":"post_tag","embeddable":true,"href":"https:\/\/www.redenoticia.com.br\/noticia\/wp-json\/wp\/v2\/tags?post=178423"}],"curies":[{"name":"wp","href":"https:\/\/api.w.org\/{rel}","templated":true}]}}