{"id":178260,"date":"2019-06-27T16:13:22","date_gmt":"2019-06-27T19:13:22","guid":{"rendered":"https:\/\/www.redenoticia.com.br\/noticia\/?p=178260"},"modified":"2019-06-27T16:13:31","modified_gmt":"2019-06-27T19:13:31","slug":"resumo-novela-a-dona-28-06-ivana-culpa-valentina-pelo-incendio-da-casa-de-sabino","status":"publish","type":"post","link":"https:\/\/www.redenoticia.com.br\/noticia\/2019\/resumo-novela-a-dona-28-06-ivana-culpa-valentina-pelo-incendio-da-casa-de-sabino\/178260","title":{"rendered":"Resumo novela \u201cA Dona\u201d 28\/06: Ivana culpa Valentina pelo inc\u00eandio da casa de Sabino"},"content":{"rendered":"<p><img loading=\"lazy\" decoding=\"async\" class=\"aligncenter size-large wp-image-173633\" src=\"https:\/\/www.redenoticia.com.br\/noticia\/imagens\/a-dona-270x300.jpg\" alt=\"\" width=\"270\" height=\"300\" srcset=\"https:\/\/www.redenoticia.com.br\/noticia\/imagens\/a-dona-270x300.jpg 270w, https:\/\/www.redenoticia.com.br\/noticia\/imagens\/a-dona-168x187.jpg 168w, https:\/\/www.redenoticia.com.br\/noticia\/imagens\/a-dona.jpg 380w\" sizes=\"auto, (max-width: 270px) 100vw, 270px\" \/>Resumo da novela <strong><em>\u201cA Dona&#8221;<\/em><\/strong> em 28\/06: no cap\u00edtulo 065(*) da novela, sexta-feira, 28 de junho, Sabino diz a Jos\u00e9 Miguel que Ivana o disse que escutou quando Valentina e Rodrigo combinavam a morte do gado de Jos\u00e9 Miguel, e que o anel encontrado por ele \u00e9 a prova de que Valentina foi quem incendiou a cabana e provocou a morte de Frederico. Jos\u00e9 Miguel se nega a acreditar. Jos\u00e9 Miguel pede a Ivana que seja sincera e o diga a verdade. Ivana diz que, um dia antes do inc\u00eandio, viu Valentina e Frederico discutindo. Ainda que n\u00e3o saiba o motivo, devia ser algo muito grave, pois eles estavam bem exaltados. Valentina exige que Rodrigo a conte o que ele tem contra a fam\u00edlia Montesinos.<\/p>\n<p>Rodrigo responde que s\u00f3 Jos\u00e9 Miguel que n\u00e3o o agrada, e finaliza declarando seu amor pela patroa, dizendo que mesmo ela n\u00e3o sendo mulher para ele, a amar\u00e1 sempre. Valentina diz que n\u00e3o est\u00e1 acostumada a levar em considera\u00e7\u00e3o o sentimento dos outros por ela, mas que ele fica proibido de voltar a falar o que sente por ela. Jos\u00e9 Miguel procura por Valentina e a diz que se chegar a descobrir algum envolvimento dela na morte de seu pai, ela se arrepender\u00e1 de ter nascido. Rodrigo pede a Jos\u00e9 que d\u00ea os p\u00easames por ele a Leonor e, como resposta, recebe um soco na cara. O Delegado diz a Jos\u00e9 Miguel que precisa averiguar melhor sobre o inc\u00eandio da cabana de Sabino.<\/p>\n<p>Ivana, hip\u00f3crita, deixa a entender que a culpada \u00e9 Valentina. Jos\u00e9 Miguel diz a Ivana que j\u00e1 percebeu que ela quer muito ver sua prima atr\u00e1s das grades. Ivana responde que s\u00f3 quer que se fa\u00e7a justi\u00e7a. Gabriela insiste que Valentina resolva sua situa\u00e7\u00e3o com Jos\u00e9 Miguel, pois do contr\u00e1rio, ele seguir\u00e1 pensando que ela \u00e9 uma assassina. Ernesto chega a fazenda Os Carac\u00f3is. Ivana se surpreende quando Leonor diz que Valentina n\u00e3o incendiou a cabana de Sabino, que ela n\u00e3o tem maldade suficiente para mat\u00e1-lo e n\u00e3o tinha motivos para faz\u00ea-lo. Ela suspeita de Rodrigo, pois ele tinha muitos motivos para desejar a morte de Frederico.<\/p>\n<p>(*) edi\u00e7\u00e3o do SBT, Novela \u201cA Dona\u201d, sujeito a altera\u00e7\u00e3o de data e conte\u00fado.<\/p>\n<p>Destaques<\/p>\n<p>&#8220;A Dona&#8221; &#8211; Valentina Vila\u00e7a (Lucero) \u00e9 uma mulher que tem uma grande fortuna, que seus pais deixaram para ela quando morreram em um acidente de carro. Ela tem uma mans\u00e3o na Cidade do M\u00e9xico, onde vive com sua tia Isabel Rangel de Dorantes (Silvia Pinal), e sua prima Ivana Dorantes Rangel (Gabriela Spanic) que trata Valentina com muita indiferen\u00e7a e sente inveja dela.<\/p>\n<p>Tudo muda para Valentina quando seu noivo Alonso Penalva (David Zepeda), tramando com Ivana no dia de seu casamento, a deixa esperando no altar. A partir da\u00ed, Valentina se torna uma mulher amarga, e vai para sua fazenda, no interior. Chegando l\u00e1, ela conhece seu vizinho Jos\u00e9 Miguel Montesinos (Fernando Colunga).<\/p>\n","protected":false},"excerpt":{"rendered":"<p>Resumo da novela \u201cA Dona&#8221; em 28\/06: no cap\u00edtulo 065(*) da novela, sexta-feira, 28 de junho, Sabino diz a Jos\u00e9 Miguel que Ivana o disse que escutou quando Valentina e Rodrigo combinavam a morte do gado de Jos\u00e9 Miguel, e que o anel encontrado por ele \u00e9 a prova de que Valentina foi quem incendiou [&hellip;]<\/p>\n","protected":false},"author":4,"featured_media":173626,"comment_status":"open","ping_status":"closed","sticky":false,"template":"","format":"standard","meta":{"_genesis_hide_title":false,"_genesis_hide_breadcrumbs":false,"_genesis_hide_singular_image":false,"_genesis_hide_footer_widgets":false,"_genesis_custom_body_class":"","_genesis_custom_post_class":"","_genesis_layout":"","_jetpack_memberships_contains_paid_content":false,"footnotes":""},"categories":[379,372,343],"tags":[441],"class_list":{"0":"post-178260","1":"post","2":"type-post","3":"status-publish","4":"format-standard","5":"has-post-thumbnail","7":"category-novelas","8":"category-sbt","9":"category-televisao","10":"tag-resumo-do-dia","11":"entry","12":"gs-1","13":"gs-odd","14":"gs-even","15":"gs-featured-content-entry"},"jetpack_featured_media_url":"https:\/\/www.redenoticia.com.br\/noticia\/imagens\/a-dona-03.jpg","jetpack_sharing_enabled":true,"jetpack_likes_enabled":true,"_links":{"self":[{"href":"https:\/\/www.redenoticia.com.br\/noticia\/wp-json\/wp\/v2\/posts\/178260","targetHints":{"allow":["GET"]}}],"collection":[{"href":"https:\/\/www.redenoticia.com.br\/noticia\/wp-json\/wp\/v2\/posts"}],"about":[{"href":"https:\/\/www.redenoticia.com.br\/noticia\/wp-json\/wp\/v2\/types\/post"}],"author":[{"embeddable":true,"href":"https:\/\/www.redenoticia.com.br\/noticia\/wp-json\/wp\/v2\/users\/4"}],"replies":[{"embeddable":true,"href":"https:\/\/www.redenoticia.com.br\/noticia\/wp-json\/wp\/v2\/comments?post=178260"}],"version-history":[{"count":0,"href":"https:\/\/www.redenoticia.com.br\/noticia\/wp-json\/wp\/v2\/posts\/178260\/revisions"}],"wp:featuredmedia":[{"embeddable":true,"href":"https:\/\/www.redenoticia.com.br\/noticia\/wp-json\/wp\/v2\/media\/173626"}],"wp:attachment":[{"href":"https:\/\/www.redenoticia.com.br\/noticia\/wp-json\/wp\/v2\/media?parent=178260"}],"wp:term":[{"taxonomy":"category","embeddable":true,"href":"https:\/\/www.redenoticia.com.br\/noticia\/wp-json\/wp\/v2\/categories?post=178260"},{"taxonomy":"post_tag","embeddable":true,"href":"https:\/\/www.redenoticia.com.br\/noticia\/wp-json\/wp\/v2\/tags?post=178260"}],"curies":[{"name":"wp","href":"https:\/\/api.w.org\/{rel}","templated":true}]}}