{"id":178201,"date":"2019-06-26T15:48:00","date_gmt":"2019-06-26T18:48:00","guid":{"rendered":"https:\/\/www.redenoticia.com.br\/noticia\/?p=178201"},"modified":"2019-06-26T15:48:14","modified_gmt":"2019-06-26T18:48:14","slug":"resumo-novela-a-dona-27-06-rodrigo-mata-frederico","status":"publish","type":"post","link":"https:\/\/www.redenoticia.com.br\/noticia\/2019\/resumo-novela-a-dona-27-06-rodrigo-mata-frederico\/178201","title":{"rendered":"Resumo novela \u201cA Dona\u201d 27\/06: Rodrigo mata Frederico"},"content":{"rendered":"<p><img loading=\"lazy\" decoding=\"async\" class=\"aligncenter size-large wp-image-173633\" src=\"https:\/\/www.redenoticia.com.br\/noticia\/imagens\/a-dona-270x300.jpg\" alt=\"\" width=\"270\" height=\"300\" srcset=\"https:\/\/www.redenoticia.com.br\/noticia\/imagens\/a-dona-270x300.jpg 270w, https:\/\/www.redenoticia.com.br\/noticia\/imagens\/a-dona-168x187.jpg 168w, https:\/\/www.redenoticia.com.br\/noticia\/imagens\/a-dona.jpg 380w\" sizes=\"auto, (max-width: 270px) 100vw, 270px\" \/>Resumo da novela <strong><em>\u201cA Dona&#8221;<\/em><\/strong> em 27\/06: no cap\u00edtulo 064(*) da novela, quinta-feira, 27 de junho, Frederico pede a Rodrigo que o mate, pois se o deixar vivo, pagar\u00e1 por t\u00ea-lo humilhado e por tudo que fez e ele descobriu. Rodrigo o diz para n\u00e3o preocupar-se, pois ele levar\u00e1 esses segredos para o t\u00famulo. Rodrigo ateia fogo na cabana de Sabino enquanto Ivana observa a cena ao longe. Jos\u00e9 Miguel, desesperado, se mete na cabana em chamas para tentar resgatar seu pai e consegue tir\u00e1-lo de l\u00e1 ainda com vida, por\u00e9m Frederico morre antes de sequer conseguir pronunciar uma palavra \u00e1 Jos\u00e9 Miguel.<\/p>\n<p>Gabriela sugere a Valentina que volte a capital, pois no povoado ningu\u00e9m gosta dela, j\u00e1 na cidade existem pessoas que a amam de verdade. Valentina diz que a solu\u00e7\u00e3o para seus problemas n\u00e3o \u00e9 fugir, e sim enfrent\u00e1-los de frente. Por isso ela que morrer\u00e1 na fazenda, assim como seus pais no passado. Brenda diz a Alonso que est\u00e1 organizando o anivers\u00e1rio de Santiaguinho e que a crian\u00e7a vive dizendo que o \u00fanico presente do qual n\u00e3o abre m\u00e3o \u00e9 a presen\u00e7a de seu pai na festa. Leonor, chorando, pede perd\u00e3o diante do cad\u00e1ver de Frederico. Valentina se surpreende quando Benita a diz que Sabino acaba de avisar a Isabel sobre a morte de Frederico.<\/p>\n<p>Benita diz a Valentina que a cabana de Sabino se incendiou e Frederico ficou preso nas chamas. Filadelfo diz a Rodrigo que Valentina estava a sua procura e o pergunta onde ele estava. Rodrigo o diz e Filadelfo insiste dizendo que ele n\u00e3o estava onde diz, pois o procurou por l\u00e1. Chorando, Isabel diz a Benita que quer estar com Frederico. Benita responde que Leonor jamais a permitir\u00e1. Valentina procura Jos\u00e9 Miguel. Ivana a diz que a prima n\u00e3o tem nada a fazer ali e a manda embora. Jos\u00e9 Miguel chega e pede a Valentina que desapare\u00e7a de sua fazenda.<\/p>\n<p>(*) edi\u00e7\u00e3o do SBT, Novela \u201cA Dona\u201d, sujeito a altera\u00e7\u00e3o de data e conte\u00fado.<\/p>\n<p>Destaques<\/p>\n<p>&#8220;A Dona&#8221; &#8211; Valentina Vila\u00e7a (Lucero) \u00e9 uma mulher que tem uma grande fortuna, que seus pais deixaram para ela quando morreram em um acidente de carro. Ela tem uma mans\u00e3o na Cidade do M\u00e9xico, onde vive com sua tia Isabel Rangel de Dorantes (Silvia Pinal), e sua prima Ivana Dorantes Rangel (Gabriela Spanic) que trata Valentina com muita indiferen\u00e7a e sente inveja dela.<\/p>\n<p>Tudo muda para Valentina quando seu noivo Alonso Penalva (David Zepeda), tramando com Ivana no dia de seu casamento, a deixa esperando no altar. A partir da\u00ed, Valentina se torna uma mulher amarga, e vai para sua fazenda, no interior. Chegando l\u00e1, ela conhece seu vizinho Jos\u00e9 Miguel Montesinos (Fernando Colunga).<\/p>\n","protected":false},"excerpt":{"rendered":"<p>Resumo da novela \u201cA Dona&#8221; em 27\/06: no cap\u00edtulo 064(*) da novela, quinta-feira, 27 de junho, Frederico pede a Rodrigo que o mate, pois se o deixar vivo, pagar\u00e1 por t\u00ea-lo humilhado e por tudo que fez e ele descobriu. Rodrigo o diz para n\u00e3o preocupar-se, pois ele levar\u00e1 esses segredos para o t\u00famulo. Rodrigo [&hellip;]<\/p>\n","protected":false},"author":4,"featured_media":173626,"comment_status":"open","ping_status":"closed","sticky":false,"template":"","format":"standard","meta":{"_genesis_hide_title":false,"_genesis_hide_breadcrumbs":false,"_genesis_hide_singular_image":false,"_genesis_hide_footer_widgets":false,"_genesis_custom_body_class":"","_genesis_custom_post_class":"","_genesis_layout":"","_jetpack_memberships_contains_paid_content":false,"footnotes":""},"categories":[379,372,343],"tags":[441],"class_list":{"0":"post-178201","1":"post","2":"type-post","3":"status-publish","4":"format-standard","5":"has-post-thumbnail","7":"category-novelas","8":"category-sbt","9":"category-televisao","10":"tag-resumo-do-dia","11":"entry","12":"gs-1","13":"gs-odd","14":"gs-even","15":"gs-featured-content-entry"},"jetpack_featured_media_url":"https:\/\/www.redenoticia.com.br\/noticia\/imagens\/a-dona-03.jpg","jetpack_sharing_enabled":true,"jetpack_likes_enabled":true,"_links":{"self":[{"href":"https:\/\/www.redenoticia.com.br\/noticia\/wp-json\/wp\/v2\/posts\/178201","targetHints":{"allow":["GET"]}}],"collection":[{"href":"https:\/\/www.redenoticia.com.br\/noticia\/wp-json\/wp\/v2\/posts"}],"about":[{"href":"https:\/\/www.redenoticia.com.br\/noticia\/wp-json\/wp\/v2\/types\/post"}],"author":[{"embeddable":true,"href":"https:\/\/www.redenoticia.com.br\/noticia\/wp-json\/wp\/v2\/users\/4"}],"replies":[{"embeddable":true,"href":"https:\/\/www.redenoticia.com.br\/noticia\/wp-json\/wp\/v2\/comments?post=178201"}],"version-history":[{"count":0,"href":"https:\/\/www.redenoticia.com.br\/noticia\/wp-json\/wp\/v2\/posts\/178201\/revisions"}],"wp:featuredmedia":[{"embeddable":true,"href":"https:\/\/www.redenoticia.com.br\/noticia\/wp-json\/wp\/v2\/media\/173626"}],"wp:attachment":[{"href":"https:\/\/www.redenoticia.com.br\/noticia\/wp-json\/wp\/v2\/media?parent=178201"}],"wp:term":[{"taxonomy":"category","embeddable":true,"href":"https:\/\/www.redenoticia.com.br\/noticia\/wp-json\/wp\/v2\/categories?post=178201"},{"taxonomy":"post_tag","embeddable":true,"href":"https:\/\/www.redenoticia.com.br\/noticia\/wp-json\/wp\/v2\/tags?post=178201"}],"curies":[{"name":"wp","href":"https:\/\/api.w.org\/{rel}","templated":true}]}}