{"id":178153,"date":"2019-06-25T15:37:45","date_gmt":"2019-06-25T18:37:45","guid":{"rendered":"https:\/\/www.redenoticia.com.br\/noticia\/?p=178153"},"modified":"2019-06-25T15:37:52","modified_gmt":"2019-06-25T18:37:52","slug":"resumo-novela-a-dona-26-06-frederico-surpreende-rodrigo-na-casa-de-sabino","status":"publish","type":"post","link":"https:\/\/www.redenoticia.com.br\/noticia\/2019\/resumo-novela-a-dona-26-06-frederico-surpreende-rodrigo-na-casa-de-sabino\/178153","title":{"rendered":"Resumo novela \u201cA Dona\u201d 26\/06: Frederico surpreende Rodrigo na casa de Sabino"},"content":{"rendered":"<p><img loading=\"lazy\" decoding=\"async\" class=\"aligncenter size-large wp-image-173633\" src=\"https:\/\/www.redenoticia.com.br\/noticia\/imagens\/a-dona-270x300.jpg\" alt=\"\" width=\"270\" height=\"300\" srcset=\"https:\/\/www.redenoticia.com.br\/noticia\/imagens\/a-dona-270x300.jpg 270w, https:\/\/www.redenoticia.com.br\/noticia\/imagens\/a-dona-168x187.jpg 168w, https:\/\/www.redenoticia.com.br\/noticia\/imagens\/a-dona.jpg 380w\" sizes=\"auto, (max-width: 270px) 100vw, 270px\" \/>Resumo da novela <strong><em>\u201cA Dona&#8221;<\/em><\/strong> em 26\/06: no cap\u00edtulo 063(*) da novela, quarta-feira, 26 de junho, Ivana diz a Jos\u00e9 Miguel acreditar que Valentina ficou louca. Ela diz que faz uns dias que a prima se trancou no quarto e come\u00e7ou a destruir as coisas, que grita o tempo todo que o homem que a fez sofrer pagar\u00e1 com a pr\u00f3pria vida. Desolado, Jos\u00e9 Miguel diz que n\u00e3o sabe se acredita ou n\u00e3o em Ivana, mas que ama Valentina mais que sua pr\u00f3pria vida. Leonor faz Valentina acreditar que a ideia de pedir dinheiro a ela partiu de Jos\u00e9 Miguel, e, para provocar ainda mais Valentina, ca\u00e7oa dizendo que ela \u00e9 muito ing\u00eanua em pensar que seu filho realmente a amava. Valentina pede que ela se cale e afirma que n\u00e3o descansar\u00e1 at\u00e9 ver os Montesinos bem longe da fazenda.<\/p>\n<p>Sabino diz a Jos\u00e9 Miguel que h\u00e1 uns dias apareceram quatro vacas mortas e seguramente foi Rodrigo quem as matou, seguindo ordens de Valentina. Jos\u00e9 Miguel diz que acredita nisso pois Rodrigo e Valentina s\u00e3o da mesma laia e pagar\u00e3o por isso. Frederico diz a Ivana que sua m\u00e3e sofre por seu abandono. Ivana, hip\u00f3crita, responde que sua m\u00e3e n\u00e3o \u00e9 t\u00e3o pouco como aparenta, pois na vida de Isabel j\u00e1 passaram muitos homens al\u00e9m de seu pai. Frederico, furioso, adverte que n\u00e3o permitir\u00e1 que falem mal de Isabel em sua presen\u00e7a, pois ela \u00e9 uma mulher admir\u00e1vel em todos os sentidos.<\/p>\n<p>Valentina pede a Frederico que devolva em seu nome o anel de compromisso a Jos\u00e9 Miguel e pede que os honor\u00e1rios com o arquiteto, assim como os reparos necess\u00e1rios na cabana incendiada, sejam descontados do dinheiro que ela emprestou a Leonor. Ela finaliza dizendo saber que Jos\u00e9 Miguel nunca a amou, e que na verdade s\u00f3 esteve atr\u00e1s dela por interesse. Frederico, surpreso, tenta convenc\u00ea-la que tudo isso \u00e9 uma grande mentira. Frederico surpreende Rodrigo na casa de Sabino. Rodrigo o diz que sempre o odiou, pois ele amava Leonor e ela o deixou pelo dinheiro de Frederico.<\/p>\n<p>(*) edi\u00e7\u00e3o do SBT, Novela \u201cA Dona\u201d, sujeito a altera\u00e7\u00e3o de data e conte\u00fado.<\/p>\n<p>Destaques<\/p>\n<p>&#8220;A Dona&#8221; &#8211; Valentina Vila\u00e7a (Lucero) \u00e9 uma mulher que tem uma grande fortuna, que seus pais deixaram para ela quando morreram em um acidente de carro. Ela tem uma mans\u00e3o na Cidade do M\u00e9xico, onde vive com sua tia Isabel Rangel de Dorantes (Silvia Pinal), e sua prima Ivana Dorantes Rangel (Gabriela Spanic) que trata Valentina com muita indiferen\u00e7a e sente inveja dela.<\/p>\n<p>Tudo muda para Valentina quando seu noivo Alonso Penalva (David Zepeda), tramando com Ivana no dia de seu casamento, a deixa esperando no altar. A partir da\u00ed, Valentina se torna uma mulher amarga, e vai para sua fazenda, no interior. Chegando l\u00e1, ela conhece seu vizinho Jos\u00e9 Miguel Montesinos (Fernando Colunga).<\/p>\n","protected":false},"excerpt":{"rendered":"<p>Resumo da novela \u201cA Dona&#8221; em 26\/06: no cap\u00edtulo 063(*) da novela, quarta-feira, 26 de junho, Ivana diz a Jos\u00e9 Miguel acreditar que Valentina ficou louca. Ela diz que faz uns dias que a prima se trancou no quarto e come\u00e7ou a destruir as coisas, que grita o tempo todo que o homem que a [&hellip;]<\/p>\n","protected":false},"author":4,"featured_media":173626,"comment_status":"open","ping_status":"closed","sticky":false,"template":"","format":"standard","meta":{"_genesis_hide_title":false,"_genesis_hide_breadcrumbs":false,"_genesis_hide_singular_image":false,"_genesis_hide_footer_widgets":false,"_genesis_custom_body_class":"","_genesis_custom_post_class":"","_genesis_layout":"","_jetpack_memberships_contains_paid_content":false,"footnotes":""},"categories":[379,372,343],"tags":[441],"class_list":{"0":"post-178153","1":"post","2":"type-post","3":"status-publish","4":"format-standard","5":"has-post-thumbnail","7":"category-novelas","8":"category-sbt","9":"category-televisao","10":"tag-resumo-do-dia","11":"entry","12":"gs-1","13":"gs-odd","14":"gs-even","15":"gs-featured-content-entry"},"jetpack_featured_media_url":"https:\/\/www.redenoticia.com.br\/noticia\/imagens\/a-dona-03.jpg","jetpack_sharing_enabled":true,"jetpack_likes_enabled":true,"_links":{"self":[{"href":"https:\/\/www.redenoticia.com.br\/noticia\/wp-json\/wp\/v2\/posts\/178153","targetHints":{"allow":["GET"]}}],"collection":[{"href":"https:\/\/www.redenoticia.com.br\/noticia\/wp-json\/wp\/v2\/posts"}],"about":[{"href":"https:\/\/www.redenoticia.com.br\/noticia\/wp-json\/wp\/v2\/types\/post"}],"author":[{"embeddable":true,"href":"https:\/\/www.redenoticia.com.br\/noticia\/wp-json\/wp\/v2\/users\/4"}],"replies":[{"embeddable":true,"href":"https:\/\/www.redenoticia.com.br\/noticia\/wp-json\/wp\/v2\/comments?post=178153"}],"version-history":[{"count":0,"href":"https:\/\/www.redenoticia.com.br\/noticia\/wp-json\/wp\/v2\/posts\/178153\/revisions"}],"wp:featuredmedia":[{"embeddable":true,"href":"https:\/\/www.redenoticia.com.br\/noticia\/wp-json\/wp\/v2\/media\/173626"}],"wp:attachment":[{"href":"https:\/\/www.redenoticia.com.br\/noticia\/wp-json\/wp\/v2\/media?parent=178153"}],"wp:term":[{"taxonomy":"category","embeddable":true,"href":"https:\/\/www.redenoticia.com.br\/noticia\/wp-json\/wp\/v2\/categories?post=178153"},{"taxonomy":"post_tag","embeddable":true,"href":"https:\/\/www.redenoticia.com.br\/noticia\/wp-json\/wp\/v2\/tags?post=178153"}],"curies":[{"name":"wp","href":"https:\/\/api.w.org\/{rel}","templated":true}]}}