{"id":178086,"date":"2019-06-24T15:55:12","date_gmt":"2019-06-24T18:55:12","guid":{"rendered":"https:\/\/www.redenoticia.com.br\/noticia\/?p=178086"},"modified":"2019-06-24T15:55:17","modified_gmt":"2019-06-24T18:55:17","slug":"resumo-novela-cumplices-de-um-resgate-25-06-os-cumplices-descobrem-que-nao-podem-confiar-em-priscila","status":"publish","type":"post","link":"https:\/\/www.redenoticia.com.br\/noticia\/2019\/resumo-novela-cumplices-de-um-resgate-25-06-os-cumplices-descobrem-que-nao-podem-confiar-em-priscila\/178086","title":{"rendered":"Resumo novela \u201cC\u00famplices de um Resgate\u201d 25\/06: Os c\u00famplices descobrem que n\u00e3o podem confiar em Priscila"},"content":{"rendered":"<p><img loading=\"lazy\" decoding=\"async\" class=\"aligncenter size-large wp-image-164526\" src=\"https:\/\/www.redenoticia.com.br\/noticia\/imagens\/cumplices-de-um-resgate-001-316x300.jpg\" alt=\"\" width=\"316\" height=\"300\" srcset=\"https:\/\/www.redenoticia.com.br\/noticia\/imagens\/cumplices-de-um-resgate-001-316x300.jpg 316w, https:\/\/www.redenoticia.com.br\/noticia\/imagens\/cumplices-de-um-resgate-001-197x187.jpg 197w, https:\/\/www.redenoticia.com.br\/noticia\/imagens\/cumplices-de-um-resgate-001-150x143.jpg 150w, https:\/\/www.redenoticia.com.br\/noticia\/imagens\/cumplices-de-um-resgate-001.jpg 526w\" sizes=\"auto, (max-width: 316px) 100vw, 316px\" \/> Resumo novela \u201cC\u00famplices de um Resgate\u201d 25\/06 : no cap\u00edtulo 122(*) da novela, ter\u00e7a-feira, 25 de junho, os capangas se distraem e Of\u00e9lio consegue sair, deixando Marina no galp\u00e3o. Na gravadora, Regina for\u00e7a as crian\u00e7as a mostrarem para todos a surpresa que diziam ter. Os c\u00famplices improvisam por n\u00e3o conseguirem desmascarar a vil\u00e3 e decidem apresentar uma m\u00fasica in\u00e9dita, cantada por Joaquim. Joel convida Helena para almo\u00e7ar em seu haras, o que deixa Pedro irritado. Geraldo leva Isabela para ficar no galp\u00e3o onde est\u00e1 Marina. Os c\u00famplices percebem que n\u00e3o podem confiar em Priscila.<\/p>\n<p>Marina e Isabela ficam trancadas juntas e conversam. Omar convida T\u00e9o, D\u00f3ris e Mateus para irem ao haras. Os tr\u00eas aceitam e Sabrina diz que ir\u00e1 junto. Of\u00e9lio conta para Manuela que Marina e Isabela est\u00e3o presas, juntas, no galp\u00e3o. Omar maltrata Nair na frente das crian\u00e7as e diz que o lanche que ela fez est\u00e1 ruim. Omar responde Erm\u00ednio, que se irrita. O garoto manda todos embora, inclusive Sabrina, a quem chama de chata. Raul estranha a falta de comunica\u00e7\u00e3o na mans\u00e3o de Isabela. O m\u00e9dico consegue falar com Regina e pede para falar com Marina, mas a vil\u00e3 inventa que ela saiu. Raul diz que est\u00e1 voltando para S\u00e3o Paulo, o que deixa Regina preocupada.<\/p>\n<p>(*) edi\u00e7\u00e3o do SBT, Novela \u201cC\u00famplices de um Resgate\u201d, sujeito a altera\u00e7\u00e3o de data e conte\u00fado.<\/p>\n","protected":false},"excerpt":{"rendered":"<p>Resumo novela \u201cC\u00famplices de um Resgate\u201d 25\/06 : no cap\u00edtulo 122(*) da novela, ter\u00e7a-feira, 25 de junho, os capangas se distraem e Of\u00e9lio consegue sair, deixando Marina no galp\u00e3o. Na gravadora, Regina for\u00e7a as crian\u00e7as a mostrarem para todos a surpresa que diziam ter. Os c\u00famplices improvisam por n\u00e3o conseguirem desmascarar a vil\u00e3 e decidem [&hellip;]<\/p>\n","protected":false},"author":4,"featured_media":164526,"comment_status":"open","ping_status":"closed","sticky":false,"template":"","format":"standard","meta":{"_genesis_hide_title":false,"_genesis_hide_breadcrumbs":false,"_genesis_hide_singular_image":false,"_genesis_hide_footer_widgets":false,"_genesis_custom_body_class":"","_genesis_custom_post_class":"","_genesis_layout":"","_jetpack_memberships_contains_paid_content":false,"footnotes":""},"categories":[379,372,343],"tags":[441],"class_list":{"0":"post-178086","1":"post","2":"type-post","3":"status-publish","4":"format-standard","5":"has-post-thumbnail","7":"category-novelas","8":"category-sbt","9":"category-televisao","10":"tag-resumo-do-dia","11":"entry","12":"gs-1","13":"gs-odd","14":"gs-even","15":"gs-featured-content-entry"},"jetpack_featured_media_url":"https:\/\/www.redenoticia.com.br\/noticia\/imagens\/cumplices-de-um-resgate-001.jpg","jetpack_sharing_enabled":true,"jetpack_likes_enabled":true,"_links":{"self":[{"href":"https:\/\/www.redenoticia.com.br\/noticia\/wp-json\/wp\/v2\/posts\/178086","targetHints":{"allow":["GET"]}}],"collection":[{"href":"https:\/\/www.redenoticia.com.br\/noticia\/wp-json\/wp\/v2\/posts"}],"about":[{"href":"https:\/\/www.redenoticia.com.br\/noticia\/wp-json\/wp\/v2\/types\/post"}],"author":[{"embeddable":true,"href":"https:\/\/www.redenoticia.com.br\/noticia\/wp-json\/wp\/v2\/users\/4"}],"replies":[{"embeddable":true,"href":"https:\/\/www.redenoticia.com.br\/noticia\/wp-json\/wp\/v2\/comments?post=178086"}],"version-history":[{"count":0,"href":"https:\/\/www.redenoticia.com.br\/noticia\/wp-json\/wp\/v2\/posts\/178086\/revisions"}],"wp:featuredmedia":[{"embeddable":true,"href":"https:\/\/www.redenoticia.com.br\/noticia\/wp-json\/wp\/v2\/media\/164526"}],"wp:attachment":[{"href":"https:\/\/www.redenoticia.com.br\/noticia\/wp-json\/wp\/v2\/media?parent=178086"}],"wp:term":[{"taxonomy":"category","embeddable":true,"href":"https:\/\/www.redenoticia.com.br\/noticia\/wp-json\/wp\/v2\/categories?post=178086"},{"taxonomy":"post_tag","embeddable":true,"href":"https:\/\/www.redenoticia.com.br\/noticia\/wp-json\/wp\/v2\/tags?post=178086"}],"curies":[{"name":"wp","href":"https:\/\/api.w.org\/{rel}","templated":true}]}}