{"id":178082,"date":"2019-06-24T15:53:02","date_gmt":"2019-06-24T18:53:02","guid":{"rendered":"https:\/\/www.redenoticia.com.br\/noticia\/?p=178082"},"modified":"2019-06-24T15:53:07","modified_gmt":"2019-06-24T18:53:07","slug":"resumo-novela-a-que-nao-podia-amar-25-06-ana-diz-a-gustavo-que-esta-confusa-com-seus-sentimentos","status":"publish","type":"post","link":"https:\/\/www.redenoticia.com.br\/noticia\/2019\/resumo-novela-a-que-nao-podia-amar-25-06-ana-diz-a-gustavo-que-esta-confusa-com-seus-sentimentos\/178082","title":{"rendered":"Resumo novela \u201cA Que N\u00e3o Podia Amar\u201d 25\/06: Ana diz a Gustavo que est\u00e1 confusa com seus sentimentos"},"content":{"rendered":"<p><strong><em><img loading=\"lazy\" decoding=\"async\" class=\"aligncenter size-large wp-image-173635\" src=\"https:\/\/www.redenoticia.com.br\/noticia\/imagens\/a-que-nao-podia-amar-400x271.jpg\" alt=\"\" width=\"400\" height=\"271\" srcset=\"https:\/\/www.redenoticia.com.br\/noticia\/imagens\/a-que-nao-podia-amar-400x271.jpg 400w, https:\/\/www.redenoticia.com.br\/noticia\/imagens\/a-que-nao-podia-amar-250x169.jpg 250w, https:\/\/www.redenoticia.com.br\/noticia\/imagens\/a-que-nao-podia-amar-560x379.jpg 560w, https:\/\/www.redenoticia.com.br\/noticia\/imagens\/a-que-nao-podia-amar.jpg 620w\" sizes=\"auto, (max-width: 400px) 100vw, 400px\" \/><\/em><\/strong><\/p>\n<p>Resumo da novela<strong><em> \u201cA Que N\u00e3o Podia Amar\u201d&nbsp;<\/em><\/strong> em 25\/06: no cap\u00edtulo 057(*) da novela, ter\u00e7a-feira, 25 de junho, Ana Paula se oferece para ajudar C\u00edntia e diz que vai conversar com Rog\u00e9rio para readmitir Elias. Mercedes confronta Ana Paula e diz para ela se afastar de Gustavo. Ela ainda amea\u00e7a contar toda a verdade para Rog\u00e9rio caso Ana Paula n\u00e3o desista de ficar com seu irm\u00e3o. Bruno coloca veneno na ra\u00e7\u00e3o dos gados da fazenda de Rog\u00e9rio e quase \u00e9 flagrado por Ana Paula. Elias invade o escrit\u00f3rio de Rog\u00e9rio e diz que David comprou as terras A Negra e se revolta. Mais tarde, Vanessa provoca Ana Paula ao dar um beijo no rosto de Rog\u00e9rio. Ana Paula diz a Gustavo que sente duvidas do que sente por ele e Rog\u00e9rio. Gustavo se revolta.<\/p>\n<p>Rog\u00e9rio, mais uma vez, se declara para Ana Paula. Ela se diz confusa, mas ele pede esperan\u00e7as para continuar insistindo no amor dos dois. Gustavo chora ao se lembrar das palavras de Ana Paula ao dizer que tem d\u00favidas sobre ele e Rog\u00e9rio. Vanessa comemora que Rog\u00e9rio acreditou que David comprou a terras A Negra. Gustavo alerta a Rog\u00e9rio que tem pouca \u00e1gua na fazenda para saciar a sede dos gados. Gustavo avisa a Rog\u00e9rio que isso \u00e9 anormal e desconfia de algo terr\u00edvel. Mais tarde, Gustavo e Ana Paula voltam a se encontrar e ela reafirma que est\u00e1 confusa com seus sentimentos. C\u00edntia flagra os dois juntos e desconfia.<\/p>\n<p>(*) edi\u00e7\u00e3o do SBT, Novela \u201cA Que N\u00e3o Podia Amar\u201d, sujeito a altera\u00e7\u00e3o de data e conte\u00fado.<\/p>\n<p>Destaques<\/p>\n<p>&#8220;A Que N\u00e3o Podia Amar&#8221;- Ana Paula, uma enfermeira humilde que se v\u00ea obrigada a trabalhar na casa de Rog\u00e9rio Montero (Jorge Salinas), um homem amargurado. Rog\u00e9rio sofre por ser parapl\u00e9gico e destrata todas as pessoas. Ana Paula atura tudo calada e o rica\u00e7o se apaixona por ela.<\/p>\n<p>Ana conhece Gustavo Duran (Jos\u00e9 Ron), um engenheiro nobre e trabalhador. Os dois se apaixonam, mas ter\u00e3o de enfrentar Rog\u00e9rio, j\u00e1 que ele tamb\u00e9m gosta da mocinha, formando assim, um tri\u00e2ngulo amoroso com terr\u00edveis consequ\u00eancias.<\/p>\n","protected":false},"excerpt":{"rendered":"<p>Resumo da novela \u201cA Que N\u00e3o Podia Amar\u201d&nbsp; em 25\/06: no cap\u00edtulo 057(*) da novela, ter\u00e7a-feira, 25 de junho, Ana Paula se oferece para ajudar C\u00edntia e diz que vai conversar com Rog\u00e9rio para readmitir Elias. Mercedes confronta Ana Paula e diz para ela se afastar de Gustavo. Ela ainda amea\u00e7a contar toda a verdade [&hellip;]<\/p>\n","protected":false},"author":4,"featured_media":173627,"comment_status":"open","ping_status":"closed","sticky":false,"template":"","format":"standard","meta":{"_genesis_hide_title":false,"_genesis_hide_breadcrumbs":false,"_genesis_hide_singular_image":false,"_genesis_hide_footer_widgets":false,"_genesis_custom_body_class":"","_genesis_custom_post_class":"","_genesis_layout":"","_jetpack_memberships_contains_paid_content":false,"footnotes":""},"categories":[379,372,343],"tags":[441],"class_list":{"0":"post-178082","1":"post","2":"type-post","3":"status-publish","4":"format-standard","5":"has-post-thumbnail","7":"category-novelas","8":"category-sbt","9":"category-televisao","10":"tag-resumo-do-dia","11":"entry","12":"gs-1","13":"gs-odd","14":"gs-even","15":"gs-featured-content-entry"},"jetpack_featured_media_url":"https:\/\/www.redenoticia.com.br\/noticia\/imagens\/a-que-nao-podia-amar-sbt-01.jpg","jetpack_sharing_enabled":true,"jetpack_likes_enabled":true,"_links":{"self":[{"href":"https:\/\/www.redenoticia.com.br\/noticia\/wp-json\/wp\/v2\/posts\/178082","targetHints":{"allow":["GET"]}}],"collection":[{"href":"https:\/\/www.redenoticia.com.br\/noticia\/wp-json\/wp\/v2\/posts"}],"about":[{"href":"https:\/\/www.redenoticia.com.br\/noticia\/wp-json\/wp\/v2\/types\/post"}],"author":[{"embeddable":true,"href":"https:\/\/www.redenoticia.com.br\/noticia\/wp-json\/wp\/v2\/users\/4"}],"replies":[{"embeddable":true,"href":"https:\/\/www.redenoticia.com.br\/noticia\/wp-json\/wp\/v2\/comments?post=178082"}],"version-history":[{"count":0,"href":"https:\/\/www.redenoticia.com.br\/noticia\/wp-json\/wp\/v2\/posts\/178082\/revisions"}],"wp:featuredmedia":[{"embeddable":true,"href":"https:\/\/www.redenoticia.com.br\/noticia\/wp-json\/wp\/v2\/media\/173627"}],"wp:attachment":[{"href":"https:\/\/www.redenoticia.com.br\/noticia\/wp-json\/wp\/v2\/media?parent=178082"}],"wp:term":[{"taxonomy":"category","embeddable":true,"href":"https:\/\/www.redenoticia.com.br\/noticia\/wp-json\/wp\/v2\/categories?post=178082"},{"taxonomy":"post_tag","embeddable":true,"href":"https:\/\/www.redenoticia.com.br\/noticia\/wp-json\/wp\/v2\/tags?post=178082"}],"curies":[{"name":"wp","href":"https:\/\/api.w.org\/{rel}","templated":true}]}}