{"id":178080,"date":"2019-06-24T15:51:37","date_gmt":"2019-06-24T18:51:37","guid":{"rendered":"https:\/\/www.redenoticia.com.br\/noticia\/?p=178080"},"modified":"2019-06-24T15:51:42","modified_gmt":"2019-06-24T18:51:42","slug":"resumo-novela-a-dona-25-06-valentina-termina-com-jose-miguel","status":"publish","type":"post","link":"https:\/\/www.redenoticia.com.br\/noticia\/2019\/resumo-novela-a-dona-25-06-valentina-termina-com-jose-miguel\/178080","title":{"rendered":"Resumo novela \u201cA Dona\u201d 25\/06: Valentina termina com Jos\u00e9 Miguel"},"content":{"rendered":"<p><img loading=\"lazy\" decoding=\"async\" class=\"aligncenter size-large wp-image-173633\" src=\"https:\/\/www.redenoticia.com.br\/noticia\/imagens\/a-dona-270x300.jpg\" alt=\"\" width=\"270\" height=\"300\" srcset=\"https:\/\/www.redenoticia.com.br\/noticia\/imagens\/a-dona-270x300.jpg 270w, https:\/\/www.redenoticia.com.br\/noticia\/imagens\/a-dona-168x187.jpg 168w, https:\/\/www.redenoticia.com.br\/noticia\/imagens\/a-dona.jpg 380w\" sizes=\"auto, (max-width: 270px) 100vw, 270px\" \/>Resumo da novela <strong><em>\u201cA Dona&#8221;<\/em><\/strong> em 25\/06: no cap\u00edtulo 062(*) da novela, ter\u00e7a-feira, 25 de junho, Jos\u00e9 Miguel se surpreende ao encontrar Ivana em sua cama. Leonor diz que Ivana teve problemas com sua m\u00e3e e pediu para ficar por um tempo com eles. Ela diz que Ivana a faz companhia, pois Frederico est\u00e1 vivendo na casa de Sabino. Valentina diz ao Padre Ventura que seu casamento com Jos\u00e9 Miguel foi cancelado e pede que ele fale com Isabel, pois ela o dar\u00e1 uma indeniza\u00e7\u00e3o. Jos\u00e9 Miguel diz a seu pai que nos poucos dias em que esteve fora muita coisa aconteceu: sua cabana foi queimada, Frederico e Leonor se separaram e, para finalizar, Ivana est\u00e1 vivendo em sua casa. Frederico diz a Jos\u00e9 Miguel que \u00e9 prov\u00e1vel que Valentina tenha ateado fogo na cabana, mas que ele n\u00e3o a julgue sem antes conversar pessoalmente com ela.<\/p>\n<p>Jos\u00e9 Miguel procura Valentina e ela, irredut\u00edvel, diz que a rela\u00e7\u00e3o deles acabou, mas que ele pode mandar lhe a conta da cabana que ela queimou. Ela d\u00e1 a entender para ele que \u00e9 amante de Rodrigo. Rodrigo, acreditando que pode haver algo entre ele e Valentina, tenta se aproximar dela, mas Valentina furiosa diz que o que ela falou foi apenas parte de uma farsa e que jamais voltar\u00e1 a se repetir. Rodrigo ent\u00e3o a diz que um dia a patroa ser\u00e1 dele por vontade pr\u00f3pria. Gabriela diz a Valentina que ir\u00e1 ela mesma conversar com Jos\u00e9 Miguel para tentar ajeitar as coisas entre eles, por\u00e9m Valentina a repreende e afirma que caso ela se meta nesta hist\u00f3ria, sofrer\u00e1 as consequ\u00eancias.<\/p>\n<p>Ernesto diz a Alonso que ele precisa pagar Valentina at\u00e9 o \u00faltimo centavo, pois do contr\u00e1rio, ela n\u00e3o medir\u00e1 esfor\u00e7os para coloc\u00e1-lo atr\u00e1s das grades. Leonor finge preocupa\u00e7\u00e3o diante da ruptura de Jos\u00e9 Miguel e Valentina e pergunta ao filho se ela o deu alguma explica\u00e7\u00e3o. Ele responde que n\u00e3o sabe de nada e sai zangado ao ver Ivana. Ivana diz a Leonor que acredita que sua presen\u00e7a n\u00e3o agrada a Jos\u00e9 Miguel. Leonor responde que ela n\u00e3o precisa se preocupar, j\u00e1 que seu filho acabou de terminar com Valentina. Ambas vibram com o efeito do surgimento de Marc\u00e9lia e se comprometem a n\u00e3o deixarem que eles se reconciliem.<\/p>\n<p>(*) edi\u00e7\u00e3o do SBT, Novela \u201cA Dona\u201d, sujeito a altera\u00e7\u00e3o de data e conte\u00fado.<\/p>\n<p>Destaques<\/p>\n<p>&#8220;A Dona&#8221; &#8211; Valentina Vila\u00e7a (Lucero) \u00e9 uma mulher que tem uma grande fortuna, que seus pais deixaram para ela quando morreram em um acidente de carro. Ela tem uma mans\u00e3o na Cidade do M\u00e9xico, onde vive com sua tia Isabel Rangel de Dorantes (Silvia Pinal), e sua prima Ivana Dorantes Rangel (Gabriela Spanic) que trata Valentina com muita indiferen\u00e7a e sente inveja dela.<\/p>\n<p>Tudo muda para Valentina quando seu noivo Alonso Penalva (David Zepeda), tramando com Ivana no dia de seu casamento, a deixa esperando no altar. A partir da\u00ed, Valentina se torna uma mulher amarga, e vai para sua fazenda, no interior. Chegando l\u00e1, ela conhece seu vizinho Jos\u00e9 Miguel Montesinos (Fernando Colunga).<\/p>\n","protected":false},"excerpt":{"rendered":"<p>Resumo da novela \u201cA Dona&#8221; em 25\/06: no cap\u00edtulo 062(*) da novela, ter\u00e7a-feira, 25 de junho, Jos\u00e9 Miguel se surpreende ao encontrar Ivana em sua cama. Leonor diz que Ivana teve problemas com sua m\u00e3e e pediu para ficar por um tempo com eles. Ela diz que Ivana a faz companhia, pois Frederico est\u00e1 vivendo [&hellip;]<\/p>\n","protected":false},"author":4,"featured_media":72616,"comment_status":"open","ping_status":"closed","sticky":false,"template":"","format":"standard","meta":{"_genesis_hide_title":false,"_genesis_hide_breadcrumbs":false,"_genesis_hide_singular_image":false,"_genesis_hide_footer_widgets":false,"_genesis_custom_body_class":"","_genesis_custom_post_class":"","_genesis_layout":"","_jetpack_memberships_contains_paid_content":false,"footnotes":""},"categories":[379,372,343],"tags":[441],"class_list":{"0":"post-178080","1":"post","2":"type-post","3":"status-publish","4":"format-standard","5":"has-post-thumbnail","7":"category-novelas","8":"category-sbt","9":"category-televisao","10":"tag-resumo-do-dia","11":"entry","12":"gs-1","13":"gs-odd","14":"gs-even","15":"gs-featured-content-entry"},"jetpack_featured_media_url":"https:\/\/www.redenoticia.com.br\/noticia\/imagens\/tua_dona_sbt_resumo_novela.jpg","jetpack_sharing_enabled":true,"jetpack_likes_enabled":true,"_links":{"self":[{"href":"https:\/\/www.redenoticia.com.br\/noticia\/wp-json\/wp\/v2\/posts\/178080","targetHints":{"allow":["GET"]}}],"collection":[{"href":"https:\/\/www.redenoticia.com.br\/noticia\/wp-json\/wp\/v2\/posts"}],"about":[{"href":"https:\/\/www.redenoticia.com.br\/noticia\/wp-json\/wp\/v2\/types\/post"}],"author":[{"embeddable":true,"href":"https:\/\/www.redenoticia.com.br\/noticia\/wp-json\/wp\/v2\/users\/4"}],"replies":[{"embeddable":true,"href":"https:\/\/www.redenoticia.com.br\/noticia\/wp-json\/wp\/v2\/comments?post=178080"}],"version-history":[{"count":0,"href":"https:\/\/www.redenoticia.com.br\/noticia\/wp-json\/wp\/v2\/posts\/178080\/revisions"}],"wp:featuredmedia":[{"embeddable":true,"href":"https:\/\/www.redenoticia.com.br\/noticia\/wp-json\/wp\/v2\/media\/72616"}],"wp:attachment":[{"href":"https:\/\/www.redenoticia.com.br\/noticia\/wp-json\/wp\/v2\/media?parent=178080"}],"wp:term":[{"taxonomy":"category","embeddable":true,"href":"https:\/\/www.redenoticia.com.br\/noticia\/wp-json\/wp\/v2\/categories?post=178080"},{"taxonomy":"post_tag","embeddable":true,"href":"https:\/\/www.redenoticia.com.br\/noticia\/wp-json\/wp\/v2\/tags?post=178080"}],"curies":[{"name":"wp","href":"https:\/\/api.w.org\/{rel}","templated":true}]}}