{"id":1780,"date":"2009-05-19T12:43:58","date_gmt":"2009-05-19T16:43:58","guid":{"rendered":"http:\/\/www.redenoticia.com.br\/noticia\/?p=1780"},"modified":"2009-05-19T12:43:58","modified_gmt":"2009-05-19T16:43:58","slug":"idaron-prorroga-vacinacao-contra-febre-aftosa","status":"publish","type":"post","link":"https:\/\/www.redenoticia.com.br\/noticia\/2009\/idaron-prorroga-vacinacao-contra-febre-aftosa\/1780","title":{"rendered":"Idaron prorroga vacina\u00e7\u00e3o contra Febre Aftosa"},"content":{"rendered":"<p class=\"MsoNormal\" style=\"text-align: center;\" align=\"center\"><span style=\"font-family: Arial; color: black;\"><\/span><\/p>\n<p><span style=\"font-family: Arial;\">Na manh\u00e3 de segunda-feira (18), foi publicada no Di\u00e1rio Oficial do Estado (DOE), a portaria que prorroga a vacina\u00e7\u00e3o contra Febre Aftosa nos 52 munic\u00edpios de Rond\u00f4nia. O motivo foram as abundantes chuvas que ca\u00edram em todo o territ\u00f3rio rondoniense, principalmente na regi\u00e3o norte do Estado. \u201cInicialmente, nossa previs\u00e3o era de que n\u00e3o haveria prorroga\u00e7\u00e3o da imuniza\u00e7\u00e3o de bovinos e bubalinos.<\/p>\n<p>Mas muitos pecuaristas e associa\u00e7\u00f5es entraram em contato conosco e disseram que n\u00e3o haveria condi\u00e7\u00f5es de vacinar os animais em tempo h\u00e1bil. Ent\u00e3o, entramos em contato com o Minist\u00e9rio da Agricultura, Pecu\u00e1ria e Abastecimento (MAPA) e houve a autoriza\u00e7\u00e3o para que fizessemos a mudan\u00e7a\u201d, disse Augustinho Pastore, presidente da Idaron.<\/p>\n<p>O novo prazo para a vacina\u00e7\u00e3o \u00e9 at\u00e9 o dia 25 de maio (segunda-feira) e a declara\u00e7\u00e3o da imuniza\u00e7\u00e3o foi modificada para o dia 01 de junho. \u201cInfelizmente, tivemos \u00e1reas at\u00e9 alagadas. Outras, devido \u00e0s chuvas, ficaram inacess\u00edveis, j\u00e1 que muitas estradas vicinais ficaram em p\u00e9ssimas condi\u00e7\u00f5es. Mas com o ver\u00e3o chegando, acredito que estas datas ser\u00e3o suficientes para obtermos a meta de vacinar 100% do rebanho rondoniense\u201d, afirmou Pastore. <\/span><\/p>\n<p><span style=\"font-family: Arial;\">De acordo com n\u00fameros parciais da Idaron e da Superintend\u00eancia Federal de Agricultura (SFA\/RO), j\u00e1 foram declaradas mais de 4 milh\u00f5es de cabe\u00e7as de bovinos e bubalinos vacinadas. Mas este \u00edndice deve crescer com a mudan\u00e7a de datas feita pela Idaron. \u201cAcredito que este n\u00famero seja elevado rapidamente, pois j\u00e1 chegaram ao Estado mais de 10 milh\u00f5es de doses da vacina contra a Febre Aftosa. Com esta modifica\u00e7\u00e3o feita por n\u00f3s, nossa meta vai ser alcan\u00e7ada. O produtor que j\u00e1 vacinou pode ficar tranquilo\u201d, disse Leandro dos Santos, diretor t\u00e9cnico da Idaron.<\/span><\/p>\n<p><span style=\"font-family: Arial;\">Mais sobre a vacina\u00e7\u00e3o<\/span><\/p>\n<p><span style=\"font-family: Arial;\">Caso os pecuaristas n\u00e3o vacinem ou comprovem a imuniza\u00e7\u00e3o contra a febre aftosa, est\u00e3o sujeitos a multas de 100 reais, em m\u00e9dia, por animal. Tamb\u00e9m v\u00e3o arcar com custos feitos com a imuniza\u00e7\u00e3o acompanhada, feita por t\u00e9cnicos da Idaron, como deslocamento e compra de vacinas.<\/span><\/p>\n","protected":false},"excerpt":{"rendered":"<p>Na manh\u00e3 de segunda-feira (18), foi publicada no Di\u00e1rio Oficial do Estado (DOE), a portaria que prorroga a vacina\u00e7\u00e3o contra Febre Aftosa nos 52 munic\u00edpios de Rond\u00f4nia. O motivo foram as abundantes chuvas que ca\u00edram em todo o territ\u00f3rio rondoniense, principalmente na regi\u00e3o norte do Estado. \u201cInicialmente, nossa previs\u00e3o era de que n\u00e3o haveria prorroga\u00e7\u00e3o [&hellip;]<\/p>\n","protected":false},"author":3,"featured_media":0,"comment_status":"open","ping_status":"open","sticky":false,"template":"","format":"standard","meta":{"_genesis_hide_title":false,"_genesis_hide_breadcrumbs":false,"_genesis_hide_singular_image":false,"_genesis_hide_footer_widgets":false,"_genesis_custom_body_class":"","_genesis_custom_post_class":"","_genesis_layout":"","_jetpack_memberships_contains_paid_content":false,"footnotes":""},"categories":[22],"tags":[],"class_list":{"0":"post-1780","1":"post","2":"type-post","3":"status-publish","4":"format-standard","6":"category-brasil","7":"entry","8":"gs-1","9":"gs-odd","10":"gs-even","11":"gs-featured-content-entry"},"jetpack_featured_media_url":"","jetpack_sharing_enabled":true,"jetpack_likes_enabled":true,"_links":{"self":[{"href":"https:\/\/www.redenoticia.com.br\/noticia\/wp-json\/wp\/v2\/posts\/1780","targetHints":{"allow":["GET"]}}],"collection":[{"href":"https:\/\/www.redenoticia.com.br\/noticia\/wp-json\/wp\/v2\/posts"}],"about":[{"href":"https:\/\/www.redenoticia.com.br\/noticia\/wp-json\/wp\/v2\/types\/post"}],"author":[{"embeddable":true,"href":"https:\/\/www.redenoticia.com.br\/noticia\/wp-json\/wp\/v2\/users\/3"}],"replies":[{"embeddable":true,"href":"https:\/\/www.redenoticia.com.br\/noticia\/wp-json\/wp\/v2\/comments?post=1780"}],"version-history":[{"count":0,"href":"https:\/\/www.redenoticia.com.br\/noticia\/wp-json\/wp\/v2\/posts\/1780\/revisions"}],"wp:attachment":[{"href":"https:\/\/www.redenoticia.com.br\/noticia\/wp-json\/wp\/v2\/media?parent=1780"}],"wp:term":[{"taxonomy":"category","embeddable":true,"href":"https:\/\/www.redenoticia.com.br\/noticia\/wp-json\/wp\/v2\/categories?post=1780"},{"taxonomy":"post_tag","embeddable":true,"href":"https:\/\/www.redenoticia.com.br\/noticia\/wp-json\/wp\/v2\/tags?post=1780"}],"curies":[{"name":"wp","href":"https:\/\/api.w.org\/{rel}","templated":true}]}}