{"id":177990,"date":"2019-06-21T17:12:07","date_gmt":"2019-06-21T20:12:07","guid":{"rendered":"https:\/\/www.redenoticia.com.br\/noticia\/?p=177990"},"modified":"2019-06-21T17:12:15","modified_gmt":"2019-06-21T20:12:15","slug":"resumo-novela-orfaos-da-terra-22-06-bruno-desconfia-de-que-dalila-basma-seja-dalila-abdallah","status":"publish","type":"post","link":"https:\/\/www.redenoticia.com.br\/noticia\/2019\/resumo-novela-orfaos-da-terra-22-06-bruno-desconfia-de-que-dalila-basma-seja-dalila-abdallah\/177990","title":{"rendered":"Resumo novela \u201c\u00d3rf\u00e3os da Terra\u201d 22\/06: Bruno desconfia de que Dalila\/Basma seja Dalila Abdallah"},"content":{"rendered":"<p><img loading=\"lazy\" decoding=\"async\" class=\"aligncenter size-large wp-image-173643\" src=\"https:\/\/www.redenoticia.com.br\/noticia\/imagens\/orfaos-da-terra-01-376x300.jpg\" alt=\"\" width=\"376\" height=\"300\" srcset=\"https:\/\/www.redenoticia.com.br\/noticia\/imagens\/orfaos-da-terra-01-376x300.jpg 376w, https:\/\/www.redenoticia.com.br\/noticia\/imagens\/orfaos-da-terra-01-234x187.jpg 234w, https:\/\/www.redenoticia.com.br\/noticia\/imagens\/orfaos-da-terra-01-560x447.jpg 560w, https:\/\/www.redenoticia.com.br\/noticia\/imagens\/orfaos-da-terra-01.jpg 600w\" sizes=\"auto, (max-width: 376px) 100vw, 376px\" \/><\/p>\n<p>Resumo da novela <strong><em>\u201c\u00d3rf\u00e3os da Terra&#8221;<\/em><\/strong> em 22\/06: no cap\u00edtulo 071(*) da novela, s\u00e1bado, 22 de junho, Let\u00edcia descobre que a pessoa que denunciou Faruq n\u00e3o esteve no hospital. Arthurzinho mente para a assistente social. Ester exige que Abner volte a trabalhar. Davi convence Eva a aceitar Abner na floricultura. Zuleika come\u00e7a a trabalhar na cl\u00ednica de Let\u00edcia como fisioterapeuta. Camila flagra Miguel e Robson juntos.<\/p>\n<p>Miguel pede para Caetano vender seu carro. Miguel avisa a Jamil que conseguiu o dinheiro para pagar os fornecedores. Dalila\/Basma encontra Jamil em uma lanchonete. Bruno desconfia de que Dalila\/Basma tenha alguma rela\u00e7\u00e3o com Dalila Abdallah.<\/p>\n<p>(*) edi\u00e7\u00e3o Globo, Novela \u201c\u00d3rf\u00e3os da Terra\u201d, sujeito a altera\u00e7\u00e3o de data e conte\u00fado.<\/p>\n<p>Destaques<\/p>\n<p>Novela \u201c\u00d3rf\u00e3os da Terra\u201d &#8211; A hist\u00f3ria se inicia na S\u00edria, onde Missade (Ana Cec\u00edlia Costa) e Elias (Marco Ricca) vivem com seus filhos Laila (Julia Dalavia) e Khaled (Rodrigo Vidal) at\u00e9 serem v\u00edtimas da guerra e terem que se refugiar no L\u00edbano. Com o irm\u00e3o gravemente ferido e a fam\u00edlia presa num campo de concentra\u00e7\u00e3o, Laila aceita se casar com o sheik Aziz (Herson Capri) \u2013 um homem cruel e muito mais velho \u2013 em troca de dinheiro para pagar o tratamento m\u00e9dico.<\/p>\n<p>Por\u00e9m, o menino falece e a mo\u00e7a decide fugir para o Brasil com seus pais na noite de n\u00fapcias, antes do casamento ser consumado, indo morar com seus tios, R\u00e2nia (Eliane Giardini) e Miguel (Paulo Betti). Irritado, o sheik manda Jammil (Renato G\u00f3es), seu bra\u00e7o-direito e noivo de sua filha, Dalila (Alice Wegmann), buscar a mo\u00e7a e traz\u00ea-la a for\u00e7a, por\u00e9m os dois acabam se apaixonando e se tornam fugitivos da fam\u00edlia Abdallah.<\/p>\n","protected":false},"excerpt":{"rendered":"<p>Resumo da novela \u201c\u00d3rf\u00e3os da Terra&#8221; em 22\/06: no cap\u00edtulo 071(*) da novela, s\u00e1bado, 22 de junho, Let\u00edcia descobre que a pessoa que denunciou Faruq n\u00e3o esteve no hospital. Arthurzinho mente para a assistente social. Ester exige que Abner volte a trabalhar. Davi convence Eva a aceitar Abner na floricultura. Zuleika come\u00e7a a trabalhar na [&hellip;]<\/p>\n","protected":false},"author":4,"featured_media":173640,"comment_status":"open","ping_status":"closed","sticky":false,"template":"","format":"standard","meta":{"_genesis_hide_title":false,"_genesis_hide_breadcrumbs":false,"_genesis_hide_singular_image":false,"_genesis_hide_footer_widgets":false,"_genesis_custom_body_class":"","_genesis_custom_post_class":"","_genesis_layout":"","_jetpack_memberships_contains_paid_content":false,"footnotes":""},"categories":[379,540,375,343],"tags":[441],"class_list":{"0":"post-177990","1":"post","2":"type-post","3":"status-publish","4":"format-standard","5":"has-post-thumbnail","7":"category-novelas","8":"category-orfaos-da-terra","9":"category-rede-globo","10":"category-televisao","11":"tag-resumo-do-dia","12":"entry","13":"gs-1","14":"gs-odd","15":"gs-even","16":"gs-featured-content-entry"},"jetpack_featured_media_url":"https:\/\/www.redenoticia.com.br\/noticia\/imagens\/orfaos-da-terra-novela-resumo.jpg","jetpack_sharing_enabled":true,"jetpack_likes_enabled":true,"_links":{"self":[{"href":"https:\/\/www.redenoticia.com.br\/noticia\/wp-json\/wp\/v2\/posts\/177990","targetHints":{"allow":["GET"]}}],"collection":[{"href":"https:\/\/www.redenoticia.com.br\/noticia\/wp-json\/wp\/v2\/posts"}],"about":[{"href":"https:\/\/www.redenoticia.com.br\/noticia\/wp-json\/wp\/v2\/types\/post"}],"author":[{"embeddable":true,"href":"https:\/\/www.redenoticia.com.br\/noticia\/wp-json\/wp\/v2\/users\/4"}],"replies":[{"embeddable":true,"href":"https:\/\/www.redenoticia.com.br\/noticia\/wp-json\/wp\/v2\/comments?post=177990"}],"version-history":[{"count":0,"href":"https:\/\/www.redenoticia.com.br\/noticia\/wp-json\/wp\/v2\/posts\/177990\/revisions"}],"wp:featuredmedia":[{"embeddable":true,"href":"https:\/\/www.redenoticia.com.br\/noticia\/wp-json\/wp\/v2\/media\/173640"}],"wp:attachment":[{"href":"https:\/\/www.redenoticia.com.br\/noticia\/wp-json\/wp\/v2\/media?parent=177990"}],"wp:term":[{"taxonomy":"category","embeddable":true,"href":"https:\/\/www.redenoticia.com.br\/noticia\/wp-json\/wp\/v2\/categories?post=177990"},{"taxonomy":"post_tag","embeddable":true,"href":"https:\/\/www.redenoticia.com.br\/noticia\/wp-json\/wp\/v2\/tags?post=177990"}],"curies":[{"name":"wp","href":"https:\/\/api.w.org\/{rel}","templated":true}]}}