{"id":177964,"date":"2019-06-20T14:52:21","date_gmt":"2019-06-20T17:52:21","guid":{"rendered":"https:\/\/www.redenoticia.com.br\/noticia\/?p=177964"},"modified":"2019-06-20T14:52:28","modified_gmt":"2019-06-20T17:52:28","slug":"resumo-novela-a-que-nao-podia-amar-21-06-elias-consegue-a-carta-sobre-origem-de-marquinho","status":"publish","type":"post","link":"https:\/\/www.redenoticia.com.br\/noticia\/2019\/resumo-novela-a-que-nao-podia-amar-21-06-elias-consegue-a-carta-sobre-origem-de-marquinho\/177964","title":{"rendered":"Resumo novela \u201cA Que N\u00e3o Podia Amar\u201d 21\/06: Elias consegue a carta sobre origem de Marquinho"},"content":{"rendered":"<p><strong><em><img loading=\"lazy\" decoding=\"async\" class=\"aligncenter size-large wp-image-173635\" src=\"https:\/\/www.redenoticia.com.br\/noticia\/imagens\/a-que-nao-podia-amar-400x271.jpg\" alt=\"\" width=\"400\" height=\"271\" srcset=\"https:\/\/www.redenoticia.com.br\/noticia\/imagens\/a-que-nao-podia-amar-400x271.jpg 400w, https:\/\/www.redenoticia.com.br\/noticia\/imagens\/a-que-nao-podia-amar-250x169.jpg 250w, https:\/\/www.redenoticia.com.br\/noticia\/imagens\/a-que-nao-podia-amar-560x379.jpg 560w, https:\/\/www.redenoticia.com.br\/noticia\/imagens\/a-que-nao-podia-amar.jpg 620w\" sizes=\"auto, (max-width: 400px) 100vw, 400px\" \/><\/em><\/strong><\/p>\n<p>Resumo da novela<strong><em> \u201cA Que N\u00e3o Podia Amar\u201d&nbsp;<\/em><\/strong> em 21\/06: no cap\u00edtulo 055(*) da novela, sexta-feira, 21 de junho, chorando, Ana Paula conta a Gustavo sobre a possibilidade de Marquinho n\u00e3o poder mais andar e os dois se abra\u00e7am. C\u00edntia se irrita ao ver a cena. C\u00edntia recrimina Ana Paula, diz que se procura consolo o fa\u00e7a em Rog\u00e9rio que \u00e9 seu marido, n\u00e3o em Gustavo e o abra\u00e7a. Ana se desculpa. Elias pressiona M\u00e1rcia para que lhe entregue os documentos que Ulisses deve entregar a Marquinho. Muito angustiada, Ana Paula conta a Maria e a Rosaura que o doutor disse que devem esperar, ainda que exista a possibilidade de Marquinho n\u00e3o voltar a andar. Mercedes diz a Ernesto que j\u00e1 percebeu que sua filha nunca vai aceit\u00e1-la e coloca um ponto final no relacionamento. Gustavo beija C\u00edntia, pois \u00e9 a \u00fanica maneira que encontrou para esquecer Ana Paula.<\/p>\n<p>Rog\u00e9rio come\u00e7a a lembrar o dia do acidente que o deixou na cadeira de rodas e todo o sofrimento que lhe trouxe. Rog\u00e9rio d\u00e1 um presente a Ana Paula: a reabertura da capela da fazenda. Miguel informa a Daniela que est\u00e1 em liberdade, contudo a jovem se preocupa que ele sofra uma reca\u00edda. Mercedes interroga Gustavo, lhe pergunta se ficou na fazenda pelo trabalho ou por estar perto de Paula. Ela o aconselha a deixar a fazenda antes que Rog\u00e9rio descubra tudo. Elias consegue pegar a carta que revela a origem de Marquinho. Rog\u00e9rio prop\u00f5e a Ana Paula que adotem o menino, assim ele ficar\u00e1 protegido economicamente e quando terminar o contrato, ela poder\u00e1 lev\u00e1-lo com ela.<\/p>\n<p>(*) edi\u00e7\u00e3o do SBT, Novela \u201cA Que N\u00e3o Podia Amar\u201d, sujeito a altera\u00e7\u00e3o de data e conte\u00fado.<\/p>\n<p>Destaques<\/p>\n<p>&#8220;A Que N\u00e3o Podia Amar&#8221;- Ana Paula, uma enfermeira humilde que se v\u00ea obrigada a trabalhar na casa de Rog\u00e9rio Montero (Jorge Salinas), um homem amargurado. Rog\u00e9rio sofre por ser parapl\u00e9gico e destrata todas as pessoas. Ana Paula atura tudo calada e o rica\u00e7o se apaixona por ela.<\/p>\n<p>Ana conhece Gustavo Duran (Jos\u00e9 Ron), um engenheiro nobre e trabalhador. Os dois se apaixonam, mas ter\u00e3o de enfrentar Rog\u00e9rio, j\u00e1 que ele tamb\u00e9m gosta da mocinha, formando assim, um tri\u00e2ngulo amoroso com terr\u00edveis consequ\u00eancias.<\/p>\n","protected":false},"excerpt":{"rendered":"<p>Resumo da novela \u201cA Que N\u00e3o Podia Amar\u201d&nbsp; em 21\/06: no cap\u00edtulo 055(*) da novela, sexta-feira, 21 de junho, chorando, Ana Paula conta a Gustavo sobre a possibilidade de Marquinho n\u00e3o poder mais andar e os dois se abra\u00e7am. C\u00edntia se irrita ao ver a cena. C\u00edntia recrimina Ana Paula, diz que se procura consolo [&hellip;]<\/p>\n","protected":false},"author":4,"featured_media":173627,"comment_status":"open","ping_status":"closed","sticky":false,"template":"","format":"standard","meta":{"_genesis_hide_title":false,"_genesis_hide_breadcrumbs":false,"_genesis_hide_singular_image":false,"_genesis_hide_footer_widgets":false,"_genesis_custom_body_class":"","_genesis_custom_post_class":"","_genesis_layout":"","_jetpack_memberships_contains_paid_content":false,"footnotes":""},"categories":[379,372,343],"tags":[441],"class_list":{"0":"post-177964","1":"post","2":"type-post","3":"status-publish","4":"format-standard","5":"has-post-thumbnail","7":"category-novelas","8":"category-sbt","9":"category-televisao","10":"tag-resumo-do-dia","11":"entry","12":"gs-1","13":"gs-odd","14":"gs-even","15":"gs-featured-content-entry"},"jetpack_featured_media_url":"https:\/\/www.redenoticia.com.br\/noticia\/imagens\/a-que-nao-podia-amar-sbt-01.jpg","jetpack_sharing_enabled":true,"jetpack_likes_enabled":true,"_links":{"self":[{"href":"https:\/\/www.redenoticia.com.br\/noticia\/wp-json\/wp\/v2\/posts\/177964","targetHints":{"allow":["GET"]}}],"collection":[{"href":"https:\/\/www.redenoticia.com.br\/noticia\/wp-json\/wp\/v2\/posts"}],"about":[{"href":"https:\/\/www.redenoticia.com.br\/noticia\/wp-json\/wp\/v2\/types\/post"}],"author":[{"embeddable":true,"href":"https:\/\/www.redenoticia.com.br\/noticia\/wp-json\/wp\/v2\/users\/4"}],"replies":[{"embeddable":true,"href":"https:\/\/www.redenoticia.com.br\/noticia\/wp-json\/wp\/v2\/comments?post=177964"}],"version-history":[{"count":0,"href":"https:\/\/www.redenoticia.com.br\/noticia\/wp-json\/wp\/v2\/posts\/177964\/revisions"}],"wp:featuredmedia":[{"embeddable":true,"href":"https:\/\/www.redenoticia.com.br\/noticia\/wp-json\/wp\/v2\/media\/173627"}],"wp:attachment":[{"href":"https:\/\/www.redenoticia.com.br\/noticia\/wp-json\/wp\/v2\/media?parent=177964"}],"wp:term":[{"taxonomy":"category","embeddable":true,"href":"https:\/\/www.redenoticia.com.br\/noticia\/wp-json\/wp\/v2\/categories?post=177964"},{"taxonomy":"post_tag","embeddable":true,"href":"https:\/\/www.redenoticia.com.br\/noticia\/wp-json\/wp\/v2\/tags?post=177964"}],"curies":[{"name":"wp","href":"https:\/\/api.w.org\/{rel}","templated":true}]}}