{"id":177962,"date":"2019-06-20T14:51:13","date_gmt":"2019-06-20T17:51:13","guid":{"rendered":"https:\/\/www.redenoticia.com.br\/noticia\/?p=177962"},"modified":"2019-06-20T14:51:20","modified_gmt":"2019-06-20T17:51:20","slug":"resumo-novela-a-dona-21-06-ivana-descobre-que-leonor-pagou-marcelia","status":"publish","type":"post","link":"https:\/\/www.redenoticia.com.br\/noticia\/2019\/resumo-novela-a-dona-21-06-ivana-descobre-que-leonor-pagou-marcelia\/177962","title":{"rendered":"Resumo novela \u201cA Dona\u201d 21\/06: Ivana descobre que Leonor pagou Marc\u00e9lia"},"content":{"rendered":"<p><img loading=\"lazy\" decoding=\"async\" class=\"aligncenter size-large wp-image-173633\" src=\"https:\/\/www.redenoticia.com.br\/noticia\/imagens\/a-dona-270x300.jpg\" alt=\"\" width=\"270\" height=\"300\" srcset=\"https:\/\/www.redenoticia.com.br\/noticia\/imagens\/a-dona-270x300.jpg 270w, https:\/\/www.redenoticia.com.br\/noticia\/imagens\/a-dona-168x187.jpg 168w, https:\/\/www.redenoticia.com.br\/noticia\/imagens\/a-dona.jpg 380w\" sizes=\"auto, (max-width: 270px) 100vw, 270px\" \/>Resumo da novela <strong><em>\u201cA Dona&#8221;<\/em><\/strong> em 21\/06: no cap\u00edtulo 060(*) da novela, sexta-feira, 21 de junho, Rodrigo diz a Filadelfo que aproveitar\u00e1 que Jos\u00e9 Miguel n\u00e3o est\u00e1 para fazer que Valentina enfim des\u00e7a o noivo do pedestal onde o colocou e o veja realmente como \u00e9. Moises diz a Felipe que n\u00e3o gosta de se meter na vida de sua filha, mas que tampouco quer v\u00ea-la deprimida. Ele diz que se ele a ama de verdade, que n\u00e3o faz obje\u00e7\u00e3o alguma em que eles reatem o namoro. Moises pede que Felipe n\u00e3o machuque Sandra, pois ela ainda \u00e9 uma menina muito ing\u00eanua. Jos\u00e9 Miguel telefona para Valentina, que n\u00e3o atende.<\/p>\n<p>Gabriela pergunta a Valentina porque ela colocou fogo na cabana de Jos\u00e9 Miguel. Ela responde que o fez por que teve vontade e que Jos\u00e9 Miguel n\u00e3o a importa mais. Ela finaliza dizendo que lamenta muito ter chamado Gabriela a fazenda e pede que ela v\u00e1 embora. Sabino percebe que faltam cabe\u00e7as de gado na fazenda Montesinos. Benita pede a Valentina que lhe conte o que aconteceu e o porqu\u00ea de ter queimado uma propriedade alheia. Benita deseja saber se tem a ver com a visita de Marc\u00e9lia. Valentina, chorando, responde que sim, que essa mulher garante ser m\u00e3e de um filho de Jos\u00e9 Miguel.<\/p>\n<p>Ivana diz a Leonor que foi Valentina que queimou a cabana, e que ap\u00f3s a visita de uma mulher, Valentina mudou completamente com rela\u00e7\u00e3o a Jos\u00e9 Miguel. Marc\u00e9lia chega a fazenda Montesinos e Ivana se d\u00e1 conta que foi Leonor quem a pagou para causar toda essa confus\u00e3o entre Valentina e Jos\u00e9 Miguel. Ernesto diz a Jos\u00e9 Miguel que por quase ter sido padre, e ter estudado em um semin\u00e1rio, acredita que ele ser\u00e1 um excelente marido para Valentina. Ernesto faz Jos\u00e9 Miguel jurar que n\u00e3o vai ferir Valentina. Ele garante a Ernesto que ama Valentina e o ofende que o comparem com Alonso, que \u00e9 um cafajeste.<\/p>\n<p>(*) edi\u00e7\u00e3o do SBT, Novela \u201cA Dona\u201d, sujeito a altera\u00e7\u00e3o de data e conte\u00fado.<\/p>\n<p>Destaques<\/p>\n<p>&#8220;A Dona&#8221; &#8211; Valentina Vila\u00e7a (Lucero) \u00e9 uma mulher que tem uma grande fortuna, que seus pais deixaram para ela quando morreram em um acidente de carro. Ela tem uma mans\u00e3o na Cidade do M\u00e9xico, onde vive com sua tia Isabel Rangel de Dorantes (Silvia Pinal), e sua prima Ivana Dorantes Rangel (Gabriela Spanic) que trata Valentina com muita indiferen\u00e7a e sente inveja dela.<\/p>\n<p>Tudo muda para Valentina quando seu noivo Alonso Penalva (David Zepeda), tramando com Ivana no dia de seu casamento, a deixa esperando no altar. A partir da\u00ed, Valentina se torna uma mulher amarga, e vai para sua fazenda, no interior. Chegando l\u00e1, ela conhece seu vizinho Jos\u00e9 Miguel Montesinos (Fernando Colunga).<\/p>\n","protected":false},"excerpt":{"rendered":"<p>Resumo da novela \u201cA Dona&#8221; em 21\/06: no cap\u00edtulo 060(*) da novela, sexta-feira, 21 de junho, Rodrigo diz a Filadelfo que aproveitar\u00e1 que Jos\u00e9 Miguel n\u00e3o est\u00e1 para fazer que Valentina enfim des\u00e7a o noivo do pedestal onde o colocou e o veja realmente como \u00e9. Moises diz a Felipe que n\u00e3o gosta de se [&hellip;]<\/p>\n","protected":false},"author":4,"featured_media":173626,"comment_status":"open","ping_status":"closed","sticky":false,"template":"","format":"standard","meta":{"_genesis_hide_title":false,"_genesis_hide_breadcrumbs":false,"_genesis_hide_singular_image":false,"_genesis_hide_footer_widgets":false,"_genesis_custom_body_class":"","_genesis_custom_post_class":"","_genesis_layout":"","_jetpack_memberships_contains_paid_content":false,"footnotes":""},"categories":[379,372,343],"tags":[441],"class_list":{"0":"post-177962","1":"post","2":"type-post","3":"status-publish","4":"format-standard","5":"has-post-thumbnail","7":"category-novelas","8":"category-sbt","9":"category-televisao","10":"tag-resumo-do-dia","11":"entry","12":"gs-1","13":"gs-odd","14":"gs-even","15":"gs-featured-content-entry"},"jetpack_featured_media_url":"https:\/\/www.redenoticia.com.br\/noticia\/imagens\/a-dona-03.jpg","jetpack_sharing_enabled":true,"jetpack_likes_enabled":true,"_links":{"self":[{"href":"https:\/\/www.redenoticia.com.br\/noticia\/wp-json\/wp\/v2\/posts\/177962","targetHints":{"allow":["GET"]}}],"collection":[{"href":"https:\/\/www.redenoticia.com.br\/noticia\/wp-json\/wp\/v2\/posts"}],"about":[{"href":"https:\/\/www.redenoticia.com.br\/noticia\/wp-json\/wp\/v2\/types\/post"}],"author":[{"embeddable":true,"href":"https:\/\/www.redenoticia.com.br\/noticia\/wp-json\/wp\/v2\/users\/4"}],"replies":[{"embeddable":true,"href":"https:\/\/www.redenoticia.com.br\/noticia\/wp-json\/wp\/v2\/comments?post=177962"}],"version-history":[{"count":0,"href":"https:\/\/www.redenoticia.com.br\/noticia\/wp-json\/wp\/v2\/posts\/177962\/revisions"}],"wp:featuredmedia":[{"embeddable":true,"href":"https:\/\/www.redenoticia.com.br\/noticia\/wp-json\/wp\/v2\/media\/173626"}],"wp:attachment":[{"href":"https:\/\/www.redenoticia.com.br\/noticia\/wp-json\/wp\/v2\/media?parent=177962"}],"wp:term":[{"taxonomy":"category","embeddable":true,"href":"https:\/\/www.redenoticia.com.br\/noticia\/wp-json\/wp\/v2\/categories?post=177962"},{"taxonomy":"post_tag","embeddable":true,"href":"https:\/\/www.redenoticia.com.br\/noticia\/wp-json\/wp\/v2\/tags?post=177962"}],"curies":[{"name":"wp","href":"https:\/\/api.w.org\/{rel}","templated":true}]}}