{"id":177908,"date":"2019-06-19T16:41:29","date_gmt":"2019-06-19T19:41:29","guid":{"rendered":"https:\/\/www.redenoticia.com.br\/noticia\/?p=177908"},"modified":"2019-06-19T16:41:34","modified_gmt":"2019-06-19T19:41:34","slug":"resumo-novela-a-que-nao-podia-amar-20-06-marquinho-sofre-queda-e-pode-ficar-paraplegico","status":"publish","type":"post","link":"https:\/\/www.redenoticia.com.br\/noticia\/2019\/resumo-novela-a-que-nao-podia-amar-20-06-marquinho-sofre-queda-e-pode-ficar-paraplegico\/177908","title":{"rendered":"Resumo novela \u201cA Que N\u00e3o Podia Amar\u201d 20\/06: Marquinho sofre queda e pode ficar parapl\u00e9gico"},"content":{"rendered":"<p><strong><em><img loading=\"lazy\" decoding=\"async\" class=\"aligncenter size-large wp-image-173635\" src=\"https:\/\/www.redenoticia.com.br\/noticia\/imagens\/a-que-nao-podia-amar-400x271.jpg\" alt=\"\" width=\"400\" height=\"271\" srcset=\"https:\/\/www.redenoticia.com.br\/noticia\/imagens\/a-que-nao-podia-amar-400x271.jpg 400w, https:\/\/www.redenoticia.com.br\/noticia\/imagens\/a-que-nao-podia-amar-250x169.jpg 250w, https:\/\/www.redenoticia.com.br\/noticia\/imagens\/a-que-nao-podia-amar-560x379.jpg 560w, https:\/\/www.redenoticia.com.br\/noticia\/imagens\/a-que-nao-podia-amar.jpg 620w\" sizes=\"auto, (max-width: 400px) 100vw, 400px\" \/><\/em><\/strong><\/p>\n<p>Resumo da novela<strong><em> \u201cA Que N\u00e3o Podia Amar\u201d&nbsp;<\/em><\/strong> em 20\/06: no cap\u00edtulo 054(*) da novela, quinta-feira, 20 de junho, Gustavo e C\u00edntia se beijam diante de Ana Paula que assiste a cena desolada. Rog\u00e9rio pergunta a Ana Paula como \u00e9 sua rela\u00e7\u00e3o com Gustavo, ela diz que n\u00e3o teve muito contato com ele. Rog\u00e9rio lhe pede que dedique um tempo a conhec\u00ea-lo e ter uma boa rela\u00e7\u00e3o com ele, porque \u00e9 poss\u00edvel que se torne seu cunhado. Rog\u00e9rio diz a Ana Paula que tem uma surpresa para ela e lhe entrega um documento. Ele apresenta um documento inocentando Miguel pelo roubo do caminh\u00e3o. Dany v\u00ea Miguel e Consuelo e desconfia que existe algo mais que amizade entre eles. Hugo beija Dany. Mercedes vai at\u00e9 a fazenda Do Forte e, ao encontrar Ana Paula pede a ela que se afaste de seu irm\u00e3o pois ele j\u00e1 tem outro amor. Maria presencia a conversa e desconfia que C\u00edntia e Ana Paula est\u00e3o apaixonadas pelo mesmo homem.<\/p>\n<p>Mercedes se surpreende ao descobrir que Ana Paula \u00e9 a esposa de Rog\u00e9rio Montero. Ela chama Ana Paula de descarada e diz que vai contar a verdade a todos. Ana Paula diz a Mercedes que Gustavo poderia ser prejudicado e pede a ela que n\u00e3o diga nada. Maria fica sabendo a verdade sobre o envolvimento de Ana Paula com Gustavo. Ana Paula tenta justificar seu comportamento. Maria pergunta a Ana Paula se esteve com Gustavo quando fugiu da fazenda, a mo\u00e7a responde que sim e confessa que chegou a dormir com ele. A empregada questiona se o desmaio que sofreu foi devido a uma gravidez. Vanessa e C\u00edntia zombam de Miguel e de sua tia diante de Mercedes, sem suspeitar que a jovem conhece os dois h\u00e1 muito tempo. Rosaura briga com Marquinho, dizendo que Ana Paula n\u00e3o \u00e9 nada dele e que ele n\u00e3o passa de um \u00f3rf\u00e3o.<\/p>\n<p>Marquinho sofre uma queda e machuca a coluna. Enquanto isso, C\u00edntia se encontra com Elias e pergunta o que ele faz na fazenda, ele responde que quer voltar a trabalhar ali e amea\u00e7a contar tudo o que viveram a Rog\u00e9rio e Gustavo, caso ela n\u00e3o o ajude a recuperar seu emprego. Vanessa conta a C\u00edntia sobre as inten\u00e7\u00f5es de Ana Paula de conhecer o neg\u00f3cio da fazenda. C\u00edntia reage alterada e admite que prefere perder suas terras do que entreg\u00e1-las nas m\u00e3os de Ana Paula. Mercedes pergunta ao irm\u00e3o por que n\u00e3o lhe disse que Ana Paula \u00e9 a esposa de Rog\u00e9rio Monteiro. Rog\u00e9rio, angustiado, pergunta ao Dr. Ernesto sobre a gravidade da les\u00e3o sofrida por Marquinho. O m\u00e9dico diz que o menino poder\u00e1 ficar parapl\u00e9gico. Rog\u00e9rio entra em p\u00e2nico.<\/p>\n<p>(*) edi\u00e7\u00e3o do SBT, Novela \u201cA Que N\u00e3o Podia Amar\u201d, sujeito a altera\u00e7\u00e3o de data e conte\u00fado.<\/p>\n<p>Destaques<\/p>\n<p>&#8220;A Que N\u00e3o Podia Amar&#8221;- Ana Paula, uma enfermeira humilde que se v\u00ea obrigada a trabalhar na casa de Rog\u00e9rio Montero (Jorge Salinas), um homem amargurado. Rog\u00e9rio sofre por ser parapl\u00e9gico e destrata todas as pessoas. Ana Paula atura tudo calada e o rica\u00e7o se apaixona por ela.<\/p>\n<p>Ana conhece Gustavo Duran (Jos\u00e9 Ron), um engenheiro nobre e trabalhador. Os dois se apaixonam, mas ter\u00e3o de enfrentar Rog\u00e9rio, j\u00e1 que ele tamb\u00e9m gosta da mocinha, formando assim, um tri\u00e2ngulo amoroso com terr\u00edveis consequ\u00eancias.<\/p>\n","protected":false},"excerpt":{"rendered":"<p>Resumo da novela \u201cA Que N\u00e3o Podia Amar\u201d&nbsp; em 20\/06: no cap\u00edtulo 054(*) da novela, quinta-feira, 20 de junho, Gustavo e C\u00edntia se beijam diante de Ana Paula que assiste a cena desolada. Rog\u00e9rio pergunta a Ana Paula como \u00e9 sua rela\u00e7\u00e3o com Gustavo, ela diz que n\u00e3o teve muito contato com ele. Rog\u00e9rio lhe [&hellip;]<\/p>\n","protected":false},"author":4,"featured_media":173627,"comment_status":"open","ping_status":"closed","sticky":false,"template":"","format":"standard","meta":{"_genesis_hide_title":false,"_genesis_hide_breadcrumbs":false,"_genesis_hide_singular_image":false,"_genesis_hide_footer_widgets":false,"_genesis_custom_body_class":"","_genesis_custom_post_class":"","_genesis_layout":"","_jetpack_memberships_contains_paid_content":false,"footnotes":""},"categories":[379,372,343],"tags":[441],"class_list":{"0":"post-177908","1":"post","2":"type-post","3":"status-publish","4":"format-standard","5":"has-post-thumbnail","7":"category-novelas","8":"category-sbt","9":"category-televisao","10":"tag-resumo-do-dia","11":"entry","12":"gs-1","13":"gs-odd","14":"gs-even","15":"gs-featured-content-entry"},"jetpack_featured_media_url":"https:\/\/www.redenoticia.com.br\/noticia\/imagens\/a-que-nao-podia-amar-sbt-01.jpg","jetpack_sharing_enabled":true,"jetpack_likes_enabled":true,"_links":{"self":[{"href":"https:\/\/www.redenoticia.com.br\/noticia\/wp-json\/wp\/v2\/posts\/177908","targetHints":{"allow":["GET"]}}],"collection":[{"href":"https:\/\/www.redenoticia.com.br\/noticia\/wp-json\/wp\/v2\/posts"}],"about":[{"href":"https:\/\/www.redenoticia.com.br\/noticia\/wp-json\/wp\/v2\/types\/post"}],"author":[{"embeddable":true,"href":"https:\/\/www.redenoticia.com.br\/noticia\/wp-json\/wp\/v2\/users\/4"}],"replies":[{"embeddable":true,"href":"https:\/\/www.redenoticia.com.br\/noticia\/wp-json\/wp\/v2\/comments?post=177908"}],"version-history":[{"count":0,"href":"https:\/\/www.redenoticia.com.br\/noticia\/wp-json\/wp\/v2\/posts\/177908\/revisions"}],"wp:featuredmedia":[{"embeddable":true,"href":"https:\/\/www.redenoticia.com.br\/noticia\/wp-json\/wp\/v2\/media\/173627"}],"wp:attachment":[{"href":"https:\/\/www.redenoticia.com.br\/noticia\/wp-json\/wp\/v2\/media?parent=177908"}],"wp:term":[{"taxonomy":"category","embeddable":true,"href":"https:\/\/www.redenoticia.com.br\/noticia\/wp-json\/wp\/v2\/categories?post=177908"},{"taxonomy":"post_tag","embeddable":true,"href":"https:\/\/www.redenoticia.com.br\/noticia\/wp-json\/wp\/v2\/tags?post=177908"}],"curies":[{"name":"wp","href":"https:\/\/api.w.org\/{rel}","templated":true}]}}