{"id":177906,"date":"2019-06-19T16:39:53","date_gmt":"2019-06-19T19:39:53","guid":{"rendered":"https:\/\/www.redenoticia.com.br\/noticia\/?p=177906"},"modified":"2019-06-19T16:40:00","modified_gmt":"2019-06-19T19:40:00","slug":"resumo-novela-a-dona-20-06-valentina-coloca-fogo-na-cabana","status":"publish","type":"post","link":"https:\/\/www.redenoticia.com.br\/noticia\/2019\/resumo-novela-a-dona-20-06-valentina-coloca-fogo-na-cabana\/177906","title":{"rendered":"Resumo novela \u201cA Dona\u201d 20\/06: Valentina coloca fogo na cabana"},"content":{"rendered":"<p><img loading=\"lazy\" decoding=\"async\" class=\"aligncenter size-large wp-image-173633\" src=\"https:\/\/www.redenoticia.com.br\/noticia\/imagens\/a-dona-270x300.jpg\" alt=\"\" width=\"270\" height=\"300\" srcset=\"https:\/\/www.redenoticia.com.br\/noticia\/imagens\/a-dona-270x300.jpg 270w, https:\/\/www.redenoticia.com.br\/noticia\/imagens\/a-dona-168x187.jpg 168w, https:\/\/www.redenoticia.com.br\/noticia\/imagens\/a-dona.jpg 380w\" sizes=\"auto, (max-width: 270px) 100vw, 270px\" \/>Resumo da novela <strong><em>\u201cA Dona&#8221;<\/em><\/strong> em 20\/06: no cap\u00edtulo 059(*) da novela, quinta-feira, 20 de junho, Jos\u00e9 Miguel e Alonso marcam um almo\u00e7o para fecharem o neg\u00f3cio da venda da casa. Leonor, hip\u00f3crita, mostra a Valentina um quarto da fazenda e diz que ali \u00e9 que ela dormir\u00e1 com Jos\u00e9 Miguel. Valentina responde que essa decis\u00e3o corresponde a ela e a Jos\u00e9 Miguel, e que ainda n\u00e3o decidiram o local em que ir\u00e3o morar. Leonor responde que \u00e9 claro que ela viver\u00e1 na casa de seu marido, pois n\u00e3o quer que corra no povoado o boato de que Jos\u00e9 Miguel vive as custas de Valentina. Ela, por sua vez, responde que n\u00e3o a importa o que as pessoas falam. Rodrigo ca\u00e7oa de Cristina oferecendo-lhe trabalho de empregada, dizendo que ela s\u00f3 serve para isso.<\/p>\n<p>Padre Ventura expulsa Rodrigo e diz a Cristina que agora espera que ela esteja convencida de uma vez por todas de que Rodrigo n\u00e3o merece o seu carinho e amor. Valentina se surpreende ao ver que os filhos dos seus funcion\u00e1rios n\u00e3o t\u00eam ido a escola. Jesus diz que ele e as demais crian\u00e7as n\u00e3o ir\u00e3o a escola porque os pais n\u00e3o permitiram por medo de que a v\u00edbora os fa\u00e7a algo. Marc\u00e9lia se apresenta na casa de Valentina dizendo que Jos\u00e9 Miguel \u00e9 o pai de seu filho, que tem o mesmo nome dele. Marc\u00e9lia ainda diz que para Jos\u00e9 Miguel \u00e9 muito conveniente se casar com uma mo\u00e7a rica.<\/p>\n<p>Em seguida, ela entrega a Valentina um papel onde consta a veracidade do que disse: Jos\u00e9 \u00e9 o pai de seu filho. Jos\u00e9 Miguel descobre a verdadeira identidade de Alonso e este lhe diz que Valentina s\u00f3 se casar\u00e1 com ele para tentar esquec\u00ea-lo. Jos\u00e9 Miguel responde que isso n\u00e3o \u00e9 verdade e que j\u00e1 est\u00e1 sabendo dos planos de Alonso, que mant\u00e9m contato com Ivana. O Padre Justino confirma a Valentina que conhece a hist\u00f3ria de que Jos\u00e9 e Marc\u00e9lia tiveram um filho, e que ela o batizou com nome de Jos\u00e9 Miguel. Valentina, acreditando ter sido enganada, p\u00f5e fogo na cabana onde se encontrava com Jos\u00e9 Miguel.<\/p>\n<p>(*) edi\u00e7\u00e3o do SBT, Novela \u201cA Dona\u201d, sujeito a altera\u00e7\u00e3o de data e conte\u00fado.<\/p>\n<p>Destaques<\/p>\n<p>&#8220;A Dona&#8221; &#8211; Valentina Vila\u00e7a (Lucero) \u00e9 uma mulher que tem uma grande fortuna, que seus pais deixaram para ela quando morreram em um acidente de carro. Ela tem uma mans\u00e3o na Cidade do M\u00e9xico, onde vive com sua tia Isabel Rangel de Dorantes (Silvia Pinal), e sua prima Ivana Dorantes Rangel (Gabriela Spanic) que trata Valentina com muita indiferen\u00e7a e sente inveja dela.<\/p>\n<p>Tudo muda para Valentina quando seu noivo Alonso Penalva (David Zepeda), tramando com Ivana no dia de seu casamento, a deixa esperando no altar. A partir da\u00ed, Valentina se torna uma mulher amarga, e vai para sua fazenda, no interior. Chegando l\u00e1, ela conhece seu vizinho Jos\u00e9 Miguel Montesinos (Fernando Colunga).<\/p>\n","protected":false},"excerpt":{"rendered":"<p>Resumo da novela \u201cA Dona&#8221; em 20\/06: no cap\u00edtulo 059(*) da novela, quinta-feira, 20 de junho, Jos\u00e9 Miguel e Alonso marcam um almo\u00e7o para fecharem o neg\u00f3cio da venda da casa. Leonor, hip\u00f3crita, mostra a Valentina um quarto da fazenda e diz que ali \u00e9 que ela dormir\u00e1 com Jos\u00e9 Miguel. Valentina responde que essa [&hellip;]<\/p>\n","protected":false},"author":4,"featured_media":173626,"comment_status":"open","ping_status":"closed","sticky":false,"template":"","format":"standard","meta":{"_genesis_hide_title":false,"_genesis_hide_breadcrumbs":false,"_genesis_hide_singular_image":false,"_genesis_hide_footer_widgets":false,"_genesis_custom_body_class":"","_genesis_custom_post_class":"","_genesis_layout":"","_jetpack_memberships_contains_paid_content":false,"footnotes":""},"categories":[379,372,343],"tags":[441],"class_list":{"0":"post-177906","1":"post","2":"type-post","3":"status-publish","4":"format-standard","5":"has-post-thumbnail","7":"category-novelas","8":"category-sbt","9":"category-televisao","10":"tag-resumo-do-dia","11":"entry","12":"gs-1","13":"gs-odd","14":"gs-even","15":"gs-featured-content-entry"},"jetpack_featured_media_url":"https:\/\/www.redenoticia.com.br\/noticia\/imagens\/a-dona-03.jpg","jetpack_sharing_enabled":true,"jetpack_likes_enabled":true,"_links":{"self":[{"href":"https:\/\/www.redenoticia.com.br\/noticia\/wp-json\/wp\/v2\/posts\/177906","targetHints":{"allow":["GET"]}}],"collection":[{"href":"https:\/\/www.redenoticia.com.br\/noticia\/wp-json\/wp\/v2\/posts"}],"about":[{"href":"https:\/\/www.redenoticia.com.br\/noticia\/wp-json\/wp\/v2\/types\/post"}],"author":[{"embeddable":true,"href":"https:\/\/www.redenoticia.com.br\/noticia\/wp-json\/wp\/v2\/users\/4"}],"replies":[{"embeddable":true,"href":"https:\/\/www.redenoticia.com.br\/noticia\/wp-json\/wp\/v2\/comments?post=177906"}],"version-history":[{"count":0,"href":"https:\/\/www.redenoticia.com.br\/noticia\/wp-json\/wp\/v2\/posts\/177906\/revisions"}],"wp:featuredmedia":[{"embeddable":true,"href":"https:\/\/www.redenoticia.com.br\/noticia\/wp-json\/wp\/v2\/media\/173626"}],"wp:attachment":[{"href":"https:\/\/www.redenoticia.com.br\/noticia\/wp-json\/wp\/v2\/media?parent=177906"}],"wp:term":[{"taxonomy":"category","embeddable":true,"href":"https:\/\/www.redenoticia.com.br\/noticia\/wp-json\/wp\/v2\/categories?post=177906"},{"taxonomy":"post_tag","embeddable":true,"href":"https:\/\/www.redenoticia.com.br\/noticia\/wp-json\/wp\/v2\/tags?post=177906"}],"curies":[{"name":"wp","href":"https:\/\/api.w.org\/{rel}","templated":true}]}}