{"id":177843,"date":"2019-06-18T16:06:25","date_gmt":"2019-06-18T19:06:25","guid":{"rendered":"https:\/\/www.redenoticia.com.br\/noticia\/?p=177843"},"modified":"2019-06-18T16:06:32","modified_gmt":"2019-06-18T19:06:32","slug":"resumo-novela-por-amor-19-06-marcelo-chama-helena-para-uma-conversa","status":"publish","type":"post","link":"https:\/\/www.redenoticia.com.br\/noticia\/2019\/resumo-novela-por-amor-19-06-marcelo-chama-helena-para-uma-conversa\/177843","title":{"rendered":"Resumo novela \u201cPor Amor\u201d 19\/06: Marcelo chama Helena para uma conversa"},"content":{"rendered":"<p><strong><em><img loading=\"lazy\" decoding=\"async\" class=\"aligncenter size-large wp-image-175307\" src=\"https:\/\/www.redenoticia.com.br\/noticia\/imagens\/por-amor-globo-348x300.jpg\" alt=\"\" width=\"348\" height=\"300\" srcset=\"https:\/\/www.redenoticia.com.br\/noticia\/imagens\/por-amor-globo-348x300.jpg 348w, https:\/\/www.redenoticia.com.br\/noticia\/imagens\/por-amor-globo-217x187.jpg 217w, https:\/\/www.redenoticia.com.br\/noticia\/imagens\/por-amor-globo-534x462.jpg 534w, https:\/\/www.redenoticia.com.br\/noticia\/imagens\/por-amor-globo.jpg 584w\" sizes=\"auto, (max-width: 348px) 100vw, 348px\" \/>Resumo novela \u201cPor Amor\u201d 19\/06 <\/em><\/strong>: no cap\u00edtulo 038(*) da novela, resumo de quarta-feira, 19 de junho, Anita diz a C\u00e9sar que ele deveria ter ido ao batizado. Gen\u00e9sio ajuda Magn\u00f3lia a arrumar a \u00e1rvore de Natal da casa dela. Marcelo e Eduarda se desentendem na festa do batizado. Eduarda \u00e9 carinhosa com Orestes, que vai ao batizado, deixando Marcelo e Branca com raiva. Na festa, At\u00edlio diz a Arnaldo e Marcelo que est\u00e1 pensando em trabalhar por conta pr\u00f3pria.<\/p>\n<p>Eduarda tenta dar de mamar ao filho, mas n\u00e3o consegue e chama Helena. Marcelo aproveita que Helena est\u00e1 sozinha com Marcelinho e diz para a sogra escolher entre a felicidade dela ou do casamento da filha. No almo\u00e7o de batizado de Marcelinho, Milena deixa Eduarda impressionada ao dizer que Branca queria estar casada com At\u00edlio. Marcelo chama Helena para uma conversa e diz \u00e0 sogra que vai arrumar outra pessoa para amamentar o beb\u00ea. Isabel diz a At\u00edlio que est\u00e1 procurando um pai para ter um filho.<\/p>\n<p>Marcelo fala a Helena que acha que leite de av\u00f3 pode fazer mal ao beb\u00ea, assim como casamento entre primos, e que parece que ela quer ficar com o seu filho. At\u00edlio e Helena planejam fazer uma viagem depois do ano novo. Branca fala a Arnaldo que n\u00e3o se importa que Eduarda n\u00e3o possa mais ter filhos, j\u00e1 que ela queria apenas um neto. Sandrinha vai ao shopping com K\u00e1tia e Cec\u00edlia e as meninas querem tirar foto com o Papai Noel, sem saber que se trata de Orestes.<\/p>\n<p>(*) edi\u00e7\u00e3o da Rede Globo, Novela \u201cPor Amor\u201d, sujeito a altera\u00e7\u00e3o de data e conte\u00fado.<\/p>\n<p>Sinopse: \u201cO que voc\u00ea faria por amor?\u201d Maria Eduarda (Gabriela Duarte) e sua m\u00e3e, Helena (Regina Duarte), viajam juntas por motivos opostos: a jovem despede-se da vida de solteira, e Helena procura esquecer o fim de um namoro. Elas conhecem o brilhante arquiteto At\u00edlio (Antonio Fagundes), tamb\u00e9m brasileiro.<\/p>\n<p>Enquanto isso, Marcelo desperta as maiores inseguran\u00e7as em sua futura esposa, Maria Eduarda. M\u00e3e e filha engravidam na mesma \u00e9poca e v\u00e3o para a maternidade juntas. Eduarda perde o \u00fatero no parto e d\u00e1 \u00e0 luz um beb\u00ea doente, que morre logo em seguida. Helena, por sua vez, d\u00e1 \u00e0 luz uma crian\u00e7a saud\u00e1vel e implora para que C\u00e9sar (Marcelo Serrado) \u2013 o m\u00e9dico amigo que as atendia \u2013 troque as crian\u00e7as. No \u00faltimo cap\u00edtulo todos descobrem a troca das crian\u00e7as.<\/p>\n","protected":false},"excerpt":{"rendered":"<p>Resumo novela \u201cPor Amor\u201d 19\/06 : no cap\u00edtulo 038(*) da novela, resumo de quarta-feira, 19 de junho, Anita diz a C\u00e9sar que ele deveria ter ido ao batizado. Gen\u00e9sio ajuda Magn\u00f3lia a arrumar a \u00e1rvore de Natal da casa dela. Marcelo e Eduarda se desentendem na festa do batizado. Eduarda \u00e9 carinhosa com Orestes, que [&hellip;]<\/p>\n","protected":false},"author":4,"featured_media":175308,"comment_status":"open","ping_status":"closed","sticky":false,"template":"","format":"standard","meta":{"_genesis_hide_title":false,"_genesis_hide_breadcrumbs":false,"_genesis_hide_singular_image":false,"_genesis_hide_footer_widgets":false,"_genesis_custom_body_class":"","_genesis_custom_post_class":"","_genesis_layout":"","_jetpack_memberships_contains_paid_content":false,"footnotes":""},"categories":[379,375,343],"tags":[441],"class_list":{"0":"post-177843","1":"post","2":"type-post","3":"status-publish","4":"format-standard","5":"has-post-thumbnail","7":"category-novelas","8":"category-rede-globo","9":"category-televisao","10":"tag-resumo-do-dia","11":"entry","12":"gs-1","13":"gs-odd","14":"gs-even","15":"gs-featured-content-entry"},"jetpack_featured_media_url":"https:\/\/www.redenoticia.com.br\/noticia\/imagens\/por-amor-resumo-globo.jpg","jetpack_sharing_enabled":true,"jetpack_likes_enabled":true,"_links":{"self":[{"href":"https:\/\/www.redenoticia.com.br\/noticia\/wp-json\/wp\/v2\/posts\/177843","targetHints":{"allow":["GET"]}}],"collection":[{"href":"https:\/\/www.redenoticia.com.br\/noticia\/wp-json\/wp\/v2\/posts"}],"about":[{"href":"https:\/\/www.redenoticia.com.br\/noticia\/wp-json\/wp\/v2\/types\/post"}],"author":[{"embeddable":true,"href":"https:\/\/www.redenoticia.com.br\/noticia\/wp-json\/wp\/v2\/users\/4"}],"replies":[{"embeddable":true,"href":"https:\/\/www.redenoticia.com.br\/noticia\/wp-json\/wp\/v2\/comments?post=177843"}],"version-history":[{"count":0,"href":"https:\/\/www.redenoticia.com.br\/noticia\/wp-json\/wp\/v2\/posts\/177843\/revisions"}],"wp:featuredmedia":[{"embeddable":true,"href":"https:\/\/www.redenoticia.com.br\/noticia\/wp-json\/wp\/v2\/media\/175308"}],"wp:attachment":[{"href":"https:\/\/www.redenoticia.com.br\/noticia\/wp-json\/wp\/v2\/media?parent=177843"}],"wp:term":[{"taxonomy":"category","embeddable":true,"href":"https:\/\/www.redenoticia.com.br\/noticia\/wp-json\/wp\/v2\/categories?post=177843"},{"taxonomy":"post_tag","embeddable":true,"href":"https:\/\/www.redenoticia.com.br\/noticia\/wp-json\/wp\/v2\/tags?post=177843"}],"curies":[{"name":"wp","href":"https:\/\/api.w.org\/{rel}","templated":true}]}}