{"id":177837,"date":"2019-06-18T15:59:10","date_gmt":"2019-06-18T18:59:10","guid":{"rendered":"https:\/\/www.redenoticia.com.br\/noticia\/?p=177837"},"modified":"2019-06-18T15:59:16","modified_gmt":"2019-06-18T18:59:16","slug":"resumo-novela-a-que-nao-podia-amar-19-06-vanessa-descobre-que-ana-vai-assessorar-rogerio","status":"publish","type":"post","link":"https:\/\/www.redenoticia.com.br\/noticia\/2019\/resumo-novela-a-que-nao-podia-amar-19-06-vanessa-descobre-que-ana-vai-assessorar-rogerio\/177837","title":{"rendered":"Resumo novela \u201cA Que N\u00e3o Podia Amar\u201d 19\/06: Vanessa descobre que Ana vai assessorar Rog\u00e9rio"},"content":{"rendered":"<p><strong><em><img loading=\"lazy\" decoding=\"async\" class=\"aligncenter size-large wp-image-173635\" src=\"https:\/\/www.redenoticia.com.br\/noticia\/imagens\/a-que-nao-podia-amar-400x271.jpg\" alt=\"\" width=\"400\" height=\"271\" srcset=\"https:\/\/www.redenoticia.com.br\/noticia\/imagens\/a-que-nao-podia-amar-400x271.jpg 400w, https:\/\/www.redenoticia.com.br\/noticia\/imagens\/a-que-nao-podia-amar-250x169.jpg 250w, https:\/\/www.redenoticia.com.br\/noticia\/imagens\/a-que-nao-podia-amar-560x379.jpg 560w, https:\/\/www.redenoticia.com.br\/noticia\/imagens\/a-que-nao-podia-amar.jpg 620w\" sizes=\"auto, (max-width: 400px) 100vw, 400px\" \/><\/em><\/strong><\/p>\n<p>Resumo da novela<strong><em> \u201cA Que N\u00e3o Podia Amar\u201d&nbsp;<\/em><\/strong> em 19\/06: no cap\u00edtulo 053(*) da novela, quarta-feira, 19 de junho, M\u00e1rcia conta para Elias que um dia uma mulher lhe contou que deixou seu filho na fazenda do forte, entregou a ela uns documentos e pediu que os guardasse at\u00e9 que essa crian\u00e7a fosse maior de idade. Elias desconfia que essa crian\u00e7a seja Marquinho. Vanessa se une a David em uma obra ilegal para prejudicar Rog\u00e9rio. Rog\u00e9rio prepara um lindo jantar rom\u00e2ntico para Ana Paula e a presenteia com um ramalhete de gard\u00eanias, sua flor favorita. Ana Paula se emociona com a atitude de Rog\u00e9rio e diz que tudo seria diferente se n\u00e3o tivesse encontrando os pertences de Gustavo em seu escrit\u00f3rio. Rog\u00e9rio comunica a Vanessa que Ana Paula vai assessor\u00e1-los nos neg\u00f3cios e exige que ela a respeite.<\/p>\n<p>Bruno e Davi se unem para destruir o rebanho de Rog\u00e9rio. C\u00edntia n\u00e3o perde a chance de insultar Ana Paula. Gustavo chega e diz a Ana que o que existe entre ele e C\u00edntia \u00e9 amor verdadeiro e n\u00e3o um teatro como seu casamento com Rog\u00e9rio. Gustavo e C\u00edntia se beijam diante de Ana Paula que assiste a cena desolada. Rog\u00e9rio diz a Ana Paula que tem uma surpresa para ela e lhe entrega um documento. Dany v\u00ea Miguel e Consuelo e desconfia que existe algo mais que amizade entre eles. Mercedes vai at\u00e9 a fazenda do forte e, ao encontrar Ana Paula pede a ela que se afaste de seu irm\u00e3o pois ele j\u00e1 tem outro amor. Maria presencia a conversa e desconfia que C\u00edntia e Ana Paula est\u00e3o apaixonadas pelo mesmo homem.<\/p>\n<p>(*) edi\u00e7\u00e3o do SBT, Novela \u201cA Que N\u00e3o Podia Amar\u201d, sujeito a altera\u00e7\u00e3o de data e conte\u00fado.<\/p>\n<p>Destaques<\/p>\n<p>&#8220;A Que N\u00e3o Podia Amar&#8221;- Ana Paula, uma enfermeira humilde que se v\u00ea obrigada a trabalhar na casa de Rog\u00e9rio Montero (Jorge Salinas), um homem amargurado. Rog\u00e9rio sofre por ser parapl\u00e9gico e destrata todas as pessoas. Ana Paula atura tudo calada e o rica\u00e7o se apaixona por ela.<\/p>\n<p>Ana conhece Gustavo Duran (Jos\u00e9 Ron), um engenheiro nobre e trabalhador. Os dois se apaixonam, mas ter\u00e3o de enfrentar Rog\u00e9rio, j\u00e1 que ele tamb\u00e9m gosta da mocinha, formando assim, um tri\u00e2ngulo amoroso com terr\u00edveis consequ\u00eancias.<\/p>\n","protected":false},"excerpt":{"rendered":"<p>Resumo da novela \u201cA Que N\u00e3o Podia Amar\u201d&nbsp; em 19\/06: no cap\u00edtulo 053(*) da novela, quarta-feira, 19 de junho, M\u00e1rcia conta para Elias que um dia uma mulher lhe contou que deixou seu filho na fazenda do forte, entregou a ela uns documentos e pediu que os guardasse at\u00e9 que essa crian\u00e7a fosse maior de [&hellip;]<\/p>\n","protected":false},"author":4,"featured_media":173627,"comment_status":"open","ping_status":"closed","sticky":false,"template":"","format":"standard","meta":{"_genesis_hide_title":false,"_genesis_hide_breadcrumbs":false,"_genesis_hide_singular_image":false,"_genesis_hide_footer_widgets":false,"_genesis_custom_body_class":"","_genesis_custom_post_class":"","_genesis_layout":"","_jetpack_memberships_contains_paid_content":false,"footnotes":""},"categories":[379,372,343],"tags":[441],"class_list":{"0":"post-177837","1":"post","2":"type-post","3":"status-publish","4":"format-standard","5":"has-post-thumbnail","7":"category-novelas","8":"category-sbt","9":"category-televisao","10":"tag-resumo-do-dia","11":"entry","12":"gs-1","13":"gs-odd","14":"gs-even","15":"gs-featured-content-entry"},"jetpack_featured_media_url":"https:\/\/www.redenoticia.com.br\/noticia\/imagens\/a-que-nao-podia-amar-sbt-01.jpg","jetpack_sharing_enabled":true,"jetpack_likes_enabled":true,"_links":{"self":[{"href":"https:\/\/www.redenoticia.com.br\/noticia\/wp-json\/wp\/v2\/posts\/177837","targetHints":{"allow":["GET"]}}],"collection":[{"href":"https:\/\/www.redenoticia.com.br\/noticia\/wp-json\/wp\/v2\/posts"}],"about":[{"href":"https:\/\/www.redenoticia.com.br\/noticia\/wp-json\/wp\/v2\/types\/post"}],"author":[{"embeddable":true,"href":"https:\/\/www.redenoticia.com.br\/noticia\/wp-json\/wp\/v2\/users\/4"}],"replies":[{"embeddable":true,"href":"https:\/\/www.redenoticia.com.br\/noticia\/wp-json\/wp\/v2\/comments?post=177837"}],"version-history":[{"count":0,"href":"https:\/\/www.redenoticia.com.br\/noticia\/wp-json\/wp\/v2\/posts\/177837\/revisions"}],"wp:featuredmedia":[{"embeddable":true,"href":"https:\/\/www.redenoticia.com.br\/noticia\/wp-json\/wp\/v2\/media\/173627"}],"wp:attachment":[{"href":"https:\/\/www.redenoticia.com.br\/noticia\/wp-json\/wp\/v2\/media?parent=177837"}],"wp:term":[{"taxonomy":"category","embeddable":true,"href":"https:\/\/www.redenoticia.com.br\/noticia\/wp-json\/wp\/v2\/categories?post=177837"},{"taxonomy":"post_tag","embeddable":true,"href":"https:\/\/www.redenoticia.com.br\/noticia\/wp-json\/wp\/v2\/tags?post=177837"}],"curies":[{"name":"wp","href":"https:\/\/api.w.org\/{rel}","templated":true}]}}